{"id":476799,"date":"2025-10-20T09:56:12","date_gmt":"2025-10-20T09:56:12","guid":{"rendered":"https:\/\/www.europesays.com\/fr\/476799\/"},"modified":"2025-10-20T09:56:12","modified_gmt":"2025-10-20T09:56:12","slug":"meurthe-et-moselle-une-jeune-conductrice-decede-apres-avoir-percute-un-arbre-sur-une-route-au-sud-de-nancy","status":"publish","type":"post","link":"https:\/\/www.europesays.com\/fr\/476799\/","title":{"rendered":"Meurthe-et-Moselle. Une jeune conductrice d\u00e9c\u00e8de apr\u00e8s avoir percut\u00e9 un arbre sur une route au sud de Nancy"},"content":{"rendered":"<p>Un accident mortel s\u2019est produit ce dimanche, \u00e0 22\u00a0h\u00a045, sur la d\u00e9partementale 51, \u00e0 hauteur de la commune de Vitrey, au sud de Nancy. La conductrice d\u2019une Citro\u00ebn C1 est sortie de la route et sa voiture est all\u00e9e percuter de plein fouet un arbre.<\/p>\n<p>Ce contenu est bloqu\u00e9 car vous n&rsquo;avez pas accept\u00e9 les cookies et autres traceurs.<\/p>\n<p>En cliquant sur \u00ab J\u2019accepte \u00bb, les cookies et autres traceurs seront d\u00e9pos\u00e9s et vous pourrez visualiser les contenus  (<a href=\"\" class=\"consentModule_policy\" target=\"_blank\" title=\"Consulter la politique de protection des donn\u00e9es du fournisseur\">plus d&rsquo;informations<\/a>).<\/p>\n<p>En cliquant sur \u00ab J\u2019accepte tous les cookies \u00bb, vous autorisez des d\u00e9p\u00f4ts de cookies et autres traceurs pour le stockage de vos donn\u00e9es sur nos sites et applications \u00e0 des fins de personnalisation et de ciblage publicitaire.<\/p>\n<p class=\"consentModule_secondaryText\">Vous gardez la possibilit\u00e9 de retirer votre consentement \u00e0 tout moment en consultant notre <a href=\"https:\/\/www.estrepublicain.fr\/protection-des-donnees\" target=\"_blank\" title=\"Consulter notre politique de protection des donn\u00e9es\" rel=\"noopener\">politique de protection des donn\u00e9es<\/a>. <br \/>&#13;<br \/>\n            <a href=\"https:\/\/www.estrepublicain.fr\/faits-divers-justice\/2025\/10\/21\/javascript:Didomi.notice.show()\" class=\"consentModule_cmp\" target=\"_blank\" rel=\"noopener\">G\u00e9rer mes choix<\/a>&#13;\n        <\/p>\n<p>&#13;<br \/>\n                        J&rsquo;accepte&#13;<br \/>\n            J&rsquo;accepte tous les cookies&#13;\n        <\/p>\n<p>Le v\u00e9hicule a \u00e9t\u00e9 pulv\u00e9ris\u00e9 sous l\u2019effet d\u2019un choc d\u2019une violence extr\u00eame. Alert\u00e9s, une dizaine de pompiers des centres de Favi\u00e8res, Neuves-Maisons et V\u00e9zelise se sont rendus sur place avec un engin de premier secours, un fourgon de secours routier et une ambulance. Une \u00e9quipe m\u00e9dicale du SMUR de Nancy a \u00e9galement fait le d\u00e9placement.<\/p>\n<p>La conductrice, une habitante de Voin\u00e9mont de 22 ans qui \u00e9tait seule \u00e0 bord, a \u00e9t\u00e9 d\u00e9sincarc\u00e9r\u00e9e des d\u00e9bris de sa voiture. Mais pompiers, m\u00e9decin et infirmiers n\u2019ont rien pu faire pour la r\u00e9animer. La jeune femme n\u2019a pas surv\u00e9cu \u00e0 ses graves blessures.\ufeff<\/p>\n<p>Pr\u00e9sents sur les lieux du drame, les gendarmes de la brigade de V\u00e9zelise ont proc\u00e9d\u00e9 aux constatations et r\u00e9gl\u00e9 les probl\u00e8mes de circulation.<\/p>\n","protected":false},"excerpt":{"rendered":"Un accident mortel s\u2019est produit ce dimanche, \u00e0 22\u00a0h\u00a045, sur la d\u00e9partementale 51, \u00e0 hauteur de la commune&hellip;\n","protected":false},"author":2,"featured_media":476800,"comment_status":"","ping_status":"","sticky":false,"template":"","format":"standard","meta":{"footnotes":""},"categories":[9635],"tags":[119,1111,11,18599,1704,1777,674,274,1011,27,775,3457,1702,12,25,60058],"class_list":{"0":"post-476799","1":"post","2":"type-post","3":"status-publish","4":"format-standard","5":"has-post-thumbnail","7":"category-nancy","8":"tag-accident","9":"tag-actu","10":"tag-actualites","11":"tag-cc-du-pays-du-saintois-54b","12":"tag-edition-nancy-et-agglomeration","13":"tag-eu","14":"tag-europe","15":"tag-faits-divers-justice","16":"tag-fr","17":"tag-france","18":"tag-grand-est","19":"tag-meurthe-et-moselle","20":"tag-nancy","21":"tag-news","22":"tag-republique-francaise","23":"tag-vitrey"},"share_on_mastodon":{"url":"https:\/\/pubeurope.com\/@fr\/115405900561697526","error":""},"_links":{"self":[{"href":"https:\/\/www.europesays.com\/fr\/wp-json\/wp\/v2\/posts\/476799","targetHints":{"allow":["GET"]}}],"collection":[{"href":"https:\/\/www.europesays.com\/fr\/wp-json\/wp\/v2\/posts"}],"about":[{"href":"https:\/\/www.europesays.com\/fr\/wp-json\/wp\/v2\/types\/post"}],"author":[{"embeddable":true,"href":"https:\/\/www.europesays.com\/fr\/wp-json\/wp\/v2\/users\/2"}],"replies":[{"embeddable":true,"href":"https:\/\/www.europesays.com\/fr\/wp-json\/wp\/v2\/comments?post=476799"}],"version-history":[{"count":0,"href":"https:\/\/www.europesays.com\/fr\/wp-json\/wp\/v2\/posts\/476799\/revisions"}],"wp:featuredmedia":[{"embeddable":true,"href":"https:\/\/www.europesays.com\/fr\/wp-json\/wp\/v2\/media\/476800"}],"wp:attachment":[{"href":"https:\/\/www.europesays.com\/fr\/wp-json\/wp\/v2\/media?parent=476799"}],"wp:term":[{"taxonomy":"category","embeddable":true,"href":"https:\/\/www.europesays.com\/fr\/wp-json\/wp\/v2\/categories?post=476799"},{"taxonomy":"post_tag","embeddable":true,"href":"https:\/\/www.europesays.com\/fr\/wp-json\/wp\/v2\/tags?post=476799"}],"curies":[{"name":"wp","href":"https:\/\/api.w.org\/{rel}","templated":true}]}}