{"id":476805,"date":"2025-10-20T09:59:14","date_gmt":"2025-10-20T09:59:14","guid":{"rendered":"https:\/\/www.europesays.com\/fr\/476805\/"},"modified":"2025-10-20T09:59:14","modified_gmt":"2025-10-20T09:59:14","slug":"top-14-toulon-mignoni-a-reussi-son-coup-face-au-racing-92","status":"publish","type":"post","link":"https:\/\/www.europesays.com\/fr\/476805\/","title":{"rendered":"Top 14 &#8211; Toulon : Mignoni a r\u00e9ussi son coup face au Racing 92"},"content":{"rendered":"<p><strong>Pierre Mignoni \u00e9tait satisfait du<br \/>\nmatch propos\u00e9 par ses hommes face au Racing 92 (45-21) \u00e0 l&rsquo;occasion<br \/>\nde la 7e journ\u00e9e de Top 14.<\/strong><\/p>\n<p>La joie \u00e9tait pr\u00e9sente dans les rangs toulonnais ce dimanche<br \/>\napr\u00e8s le succ\u00e8s face au Racing 92 en cl\u00f4ture de la 7e journ\u00e9e de<br \/>\nTop 14. En plus de la victoire (45-21), le RCT a obtenu le bonus<br \/>\noffensif et retrouve une cinqui\u00e8me place au classement. Avec un<br \/>\nmatch en moins \u2013 Toulon disputera son match en retard de la 3e<br \/>\njourn\u00e9e face \u00e0 la Rochelle le 8 novembre prochain \u2013 les hommes de<br \/>\nPierre Mignoni sont dans le bon wagon apr\u00e8s un match abouti. C\u2019est<br \/>\nen tout cas les mots choisis par le manager toulonnais, satisfait<br \/>\nde la prestation de son \u00e9quipe.<\/p>\n<p>\u00ab C\u2019est un bon match, peut-\u00eatre le plus abouti entre l\u2019attaque<br \/>\net la d\u00e9fense. On a r\u00e9ussi \u00e0 mettre de la vitesse quand on a pu.<br \/>\nDans le jeu, on a eu des soutiens assez efficaces. D\u00e8s qu\u2019on a mis<br \/>\nde la vitesse, on a \u00e9t\u00e9 dangereux. On a fait ce qu\u2019il fallait \u00bb,<br \/>\na-t-il expliqu\u00e9 \u00e0 la fin de la rencontre. Malgr\u00e9 quelques pertes de<br \/>\nballe aga\u00e7antes notamment sur des lancements de jeu comme l\u2019a<br \/>\nsoulign\u00e9 Mignoni, Toulon a relev\u00e9 la t\u00eate apr\u00e8s la d\u00e9faite \u00e0<br \/>\nClermont. Pour la 100e de Ma\u2019a Nonu, auteur d\u2019un essai, le manager<br \/>\na r\u00e9ussi ses deux objectifs de la soir\u00e9e (dimanche).<\/p>\n<p>Des changements d\u00e9cisifs<\/p>\n<p>La soir\u00e9e aurait pu \u00eatre parfaite si Baptiste Serin n\u2019avait pas<br \/>\nquitt\u00e9 ses partenaires en premi\u00e8re mi-temps suite \u00e0 un gros<br \/>\nplaquage. Touch\u00e9 aux c\u00f4tes, le demi de m\u00eal\u00e9e passera des examens ce<br \/>\nlundi pour conna\u00eetre la gravit\u00e9 de sa blessure. Ce dimanche, outre<br \/>\nle p\u00e9pin physique c\u00f4t\u00e9 Serin, Pierre Mignoni a \u00e9galement \u00e9tait un<br \/>\nacteur du succ\u00e8s de son \u00e9quipe. Non pas sur le terrain, mais dans<br \/>\nses choix tactiques. Alors que le RCT m\u00e8ne 38-21 \u00e0 moins d\u2019une<br \/>\nminute de la fin, le manager d\u00e9cide de sortir Ga\u00ebl Dr\u00e9an, un<br \/>\nailier, pour le pilier Jean-Baptiste Gros. Avec neuf avants sur le<br \/>\nterrain, le club varois enfonce la d\u00e9fense francilienne et plante<br \/>\nl\u2019essai du bonus \u00e0 la sir\u00e8ne.<\/p>\n<p>\u00ab C\u2019est un coaching \u00e0 l\u2019instinct. Ga\u00ebl aurait pu marquer un<br \/>\nessai aussi, mais je pense qu\u2019on avait plus besoin d\u2019\u00eatre frontal<br \/>\navec 9 avants. Les Racingmen \u00e9taient tr\u00e8s serr\u00e9s. M\u00eame \u00ab JB \u00bb<br \/>\n(Gros) n\u2019a pas compris. C\u2019est pas grave ! Les joueurs ont compris<br \/>\nau final \u00bb, confiait Mignoni en conf\u00e9rence de presse.<\/p>\n<p>Avec cette performance, aid\u00e9e par les choix payants du manager,<br \/>\nToulon garde son enceinte imprenable avec un troisi\u00e8me succ\u00e8s en<br \/>\nautant de rencontres. Le d\u00e9placement \u00e0 Toulouse lors de la<br \/>\nprochaine journ\u00e9e sera un test pour Mignoni. Cette saison, seul le<br \/>\nd\u00e9placement \u00e0 Montpellier lors de la 1\u00e8re journ\u00e9e s\u2019est sold\u00e9 par<br \/>\nun succ\u00e8s (17-27).<\/p>\n","protected":false},"excerpt":{"rendered":"Pierre Mignoni \u00e9tait satisfait du match propos\u00e9 par ses hommes face au Racing 92 (45-21) \u00e0 l&rsquo;occasion de&hellip;\n","protected":false},"author":2,"featured_media":476806,"comment_status":"","ping_status":"","sticky":false,"template":"","format":"standard","meta":{"footnotes":""},"categories":[9619],"tags":[1111,11,1777,674,1011,27,11851,12,882,5421,25,57681,478,2310],"class_list":{"0":"post-476805","1":"post","2":"type-post","3":"status-publish","4":"format-standard","5":"has-post-thumbnail","7":"category-toulon","8":"tag-actu","9":"tag-actualites","10":"tag-eu","11":"tag-europe","12":"tag-fr","13":"tag-france","14":"tag-mignoni","15":"tag-news","16":"tag-provence-alpes-cote-dazur","17":"tag-racing-92","18":"tag-republique-francaise","19":"tag-sport365-fr","20":"tag-top-14","21":"tag-toulon"},"share_on_mastodon":{"url":"https:\/\/pubeurope.com\/@fr\/115405911649905487","error":""},"_links":{"self":[{"href":"https:\/\/www.europesays.com\/fr\/wp-json\/wp\/v2\/posts\/476805","targetHints":{"allow":["GET"]}}],"collection":[{"href":"https:\/\/www.europesays.com\/fr\/wp-json\/wp\/v2\/posts"}],"about":[{"href":"https:\/\/www.europesays.com\/fr\/wp-json\/wp\/v2\/types\/post"}],"author":[{"embeddable":true,"href":"https:\/\/www.europesays.com\/fr\/wp-json\/wp\/v2\/users\/2"}],"replies":[{"embeddable":true,"href":"https:\/\/www.europesays.com\/fr\/wp-json\/wp\/v2\/comments?post=476805"}],"version-history":[{"count":0,"href":"https:\/\/www.europesays.com\/fr\/wp-json\/wp\/v2\/posts\/476805\/revisions"}],"wp:featuredmedia":[{"embeddable":true,"href":"https:\/\/www.europesays.com\/fr\/wp-json\/wp\/v2\/media\/476806"}],"wp:attachment":[{"href":"https:\/\/www.europesays.com\/fr\/wp-json\/wp\/v2\/media?parent=476805"}],"wp:term":[{"taxonomy":"category","embeddable":true,"href":"https:\/\/www.europesays.com\/fr\/wp-json\/wp\/v2\/categories?post=476805"},{"taxonomy":"post_tag","embeddable":true,"href":"https:\/\/www.europesays.com\/fr\/wp-json\/wp\/v2\/tags?post=476805"}],"curies":[{"name":"wp","href":"https:\/\/api.w.org\/{rel}","templated":true}]}}