{"id":476813,"date":"2025-10-20T10:03:13","date_gmt":"2025-10-20T10:03:13","guid":{"rendered":"https:\/\/www.europesays.com\/fr\/476813\/"},"modified":"2025-10-20T10:03:13","modified_gmt":"2025-10-20T10:03:13","slug":"un-automobiliste-en-fuite-apres-avoir-percute-un-motard-a-rouen-une-enquete-ouverte","status":"publish","type":"post","link":"https:\/\/www.europesays.com\/fr\/476813\/","title":{"rendered":"Un automobiliste en fuite apr\u00e8s avoir percut\u00e9 un motard \u00e0 Rouen : une enqu\u00eate ouverte"},"content":{"rendered":"<p>            Par<br \/>\n        <strong><br \/>\n            <a href=\"https:\/\/actu.fr\/auteur\/julien-bouteiller\" title=\"Consulter tous les articles de Julien Bouteiller\" target=\"_blank\" rel=\"noopener\">Julien Bouteiller<\/a><br \/>\n        <\/strong><\/p>\n<p>        Publi\u00e9 le<\/p>\n<p>            20 oct. 2025 \u00e0 11h35        <\/p>\n<p><strong>La m\u00e8re de la victime a lanc\u00e9 un appel \u00e0 t\u00e9moins<\/strong> sur les r\u00e9seaux sociaux. Dans la soir\u00e9e du vendredi 17\u00a0octobre 2025, <a href=\"https:\/\/actu.fr\/normandie\/rouen_76540\" target=\"_blank\" rel=\"noopener\">\u00e0 Rouen<\/a>, son fils, motard, a eu <strong>un accident avec un automobiliste qui a pris la fuite.<\/strong><\/p>\n<p>Un motard gri\u00e8vement bless\u00e9<\/p>\n<p class=\" wall-content\">Dans des circonstances qui restent \u00e0 d\u00e9terminer, le motard a \u00e9t\u00e9 <strong>gri\u00e8vement bless\u00e9 en bas de la route de Neufch\u00e2tel<\/strong> \u00e0 Rouen, aux alentours de 19h30. \u00ab\u2009Une Golf grise serait impliqu\u00e9e et elle a pris la fuite\u2009\u00bb, \u00e9crit la m\u00e8re de la victime dans son appel \u00e0 t\u00e9moins sur Facebook.<\/p>\n<p class=\" wall-content\">Elle pr\u00e9cise dans les commentaires que son fils souffre de <strong>multiples fractures<\/strong>.<\/p>\n<p class=\" wall-content\">Une source polici\u00e8re nous confirme qu\u2019une enqu\u00eate est en cours et ne peut en dire davantage pour le moment.<\/p>\n<p>Suivez l\u2019actualit\u00e9 de Rouen <a href=\"https:\/\/www.whatsapp.com\/channel\/0029VaKfnf99hXF2ddApFB1D\" target=\"_blank\" rel=\"noopener\">sur notre cha\u00eene WhatsApp<\/a> et <a href=\"https:\/\/www.tiktok.com\/@76actu.fr?lang=fr\" target=\"_blank\" rel=\"noopener\">sur notre compte TikTok<\/a><\/p>\n<p class=\" wall-content\">Personnalisez votre actualit\u00e9 en ajoutant vos villes et m\u00e9dias en favori avec <a href=\"https:\/\/moncompte.actu.fr\" title=\"D\u00e9couvez Mon Actu\" rel=\"nofollow noopener\" data-trk=\"{&quot;cta&quot;:{&quot;action&quot;:&quot;https:\\\/\\\/moncompte.actu.fr&quot;,&quot;category&quot;:&quot;mon compte&quot;,&quot;from&quot;:&quot;article footer&quot;,&quot;name&quot;:&quot;Mon actu&quot;,&quot;type&quot;:&quot;cta&quot;}}\" target=\"_blank\">Mon Actu<\/a>.<\/p>\n<p>                    <script async src=\"\/\/www.tiktok.com\/embed.js\"><\/script><\/p>\n","protected":false},"excerpt":{"rendered":"Par Julien Bouteiller Publi\u00e9 le 20 oct. 2025 \u00e0 11h35 La m\u00e8re de la victime a lanc\u00e9 un&hellip;\n","protected":false},"author":2,"featured_media":476814,"comment_status":"","ping_status":"","sticky":false,"template":"","format":"standard","meta":{"footnotes":""},"categories":[9587],"tags":[119,1111,11,4260,1777,674,118,1011,27,12,5161,25,9590],"class_list":{"0":"post-476813","1":"post","2":"type-post","3":"status-publish","4":"format-standard","5":"has-post-thumbnail","7":"category-rouen","8":"tag-accident","9":"tag-actu","10":"tag-actualites","11":"tag-appel-a-temoins","12":"tag-eu","13":"tag-europe","14":"tag-faits-divers","15":"tag-fr","16":"tag-france","17":"tag-news","18":"tag-normandie","19":"tag-republique-francaise","20":"tag-rouen"},"share_on_mastodon":{"url":"https:\/\/pubeurope.com\/@fr\/115405927517008565","error":""},"_links":{"self":[{"href":"https:\/\/www.europesays.com\/fr\/wp-json\/wp\/v2\/posts\/476813","targetHints":{"allow":["GET"]}}],"collection":[{"href":"https:\/\/www.europesays.com\/fr\/wp-json\/wp\/v2\/posts"}],"about":[{"href":"https:\/\/www.europesays.com\/fr\/wp-json\/wp\/v2\/types\/post"}],"author":[{"embeddable":true,"href":"https:\/\/www.europesays.com\/fr\/wp-json\/wp\/v2\/users\/2"}],"replies":[{"embeddable":true,"href":"https:\/\/www.europesays.com\/fr\/wp-json\/wp\/v2\/comments?post=476813"}],"version-history":[{"count":0,"href":"https:\/\/www.europesays.com\/fr\/wp-json\/wp\/v2\/posts\/476813\/revisions"}],"wp:featuredmedia":[{"embeddable":true,"href":"https:\/\/www.europesays.com\/fr\/wp-json\/wp\/v2\/media\/476814"}],"wp:attachment":[{"href":"https:\/\/www.europesays.com\/fr\/wp-json\/wp\/v2\/media?parent=476813"}],"wp:term":[{"taxonomy":"category","embeddable":true,"href":"https:\/\/www.europesays.com\/fr\/wp-json\/wp\/v2\/categories?post=476813"},{"taxonomy":"post_tag","embeddable":true,"href":"https:\/\/www.europesays.com\/fr\/wp-json\/wp\/v2\/tags?post=476813"}],"curies":[{"name":"wp","href":"https:\/\/api.w.org\/{rel}","templated":true}]}}