{"id":476815,"date":"2025-10-20T10:04:12","date_gmt":"2025-10-20T10:04:12","guid":{"rendered":"https:\/\/www.europesays.com\/fr\/476815\/"},"modified":"2025-10-20T10:04:12","modified_gmt":"2025-10-20T10:04:12","slug":"le-voleur-de-moto-prend-la-fuite-a-trottinette-et-chute-lourdement","status":"publish","type":"post","link":"https:\/\/www.europesays.com\/fr\/476815\/","title":{"rendered":"le voleur de moto prend la fuite \u00e0 trottinette et chute lourdement"},"content":{"rendered":"<p>\t\t\t\t\t\t\t\t\t\t\t<img loading=\"lazy\" decoding=\"async\" width=\"1280\" title=\"Pr\u00e8s de Grenoble : le voleur de moto prend la fuite \u00e0 trottinette et chute lourdement\" class=\"img-fluid  mb-3\" src=\"https:\/\/grandgrenoble.alpes1.com\/media\/news\/pres-de-grenoble-le-voleur-de-moto-prend-la-fuite-a-trottinette-et-chute-lourdement_68f604e1cb6c6.webp\" alt=\"Pr\u00e8s de Grenoble : le voleur de moto prend la fuite \u00e0 trottinette et chute lourdement\" itemprop=\"image\" height=\"720\"\/>\t\t\t\t\t\t\t\t\t\t\t\t<\/p>\n<p>Pr\u00e8s de Grenoble : le voleur de moto prend la fuite \u00e0 trottinette et chute lourdement &#8211; DR<\/p>\n<p itemprop=\"description\"><strong>Ce dimanche soir, un groupe de quatre jeunes individus a tent\u00e9 de voler une moto \u00e0 Saint-Martin-d&rsquo;H\u00e8res.<\/strong><\/p>\n<p>Vers 19h, ils ont \u00e9t\u00e9 surpris en flagrant d\u00e9lit par le propri\u00e9taire du deux-roues qu&rsquo;il avait laiss\u00e9 rue Jules Flandrin.<\/p>\n<p>Les voleurs ont donc tent\u00e9 de prendre la fuite sur les deux trottinettes avec lesquelles ils \u00e9taient arriv\u00e9s sur place.<\/p>\n<p>Deux d&rsquo;entre eux ont toutefois chut\u00e9, dont l&rsquo;un a violemment cogn\u00e9 sa t\u00eate sur le sol.<\/p>\n<p>Bless\u00e9, il a \u00e9t\u00e9 pris en charge par les secours puis hospitalis\u00e9 au CHU Grenoble Alpes. Les policiers ont interpell\u00e9 son complice et recherchent activement les deux autres suspects.<\/p>\n","protected":false},"excerpt":{"rendered":"Pr\u00e8s de Grenoble : le voleur de moto prend la fuite \u00e0 trottinette et chute lourdement &#8211; DR&hellip;\n","protected":false},"author":2,"featured_media":476816,"comment_status":"","ping_status":"","sticky":false,"template":"","format":"standard","meta":{"footnotes":""},"categories":[9566],"tags":[1111,11,7733,8279,2430,7736,650,7734,2889,2263,1777,674,1011,27,2731,8280,6417,1114,108,4662,12,3725,1825,25,7737],"class_list":{"0":"post-476815","1":"post","2":"type-post","3":"status-publish","4":"format-standard","5":"has-post-thumbnail","7":"category-grenoble","8":"tag-actu","9":"tag-actualites","10":"tag-alpes","11":"tag-alpes1","12":"tag-auvergne-rhone-alpes","13":"tag-cds","14":"tag-cinema","15":"tag-ecoute","16":"tag-emission","17":"tag-equipe","18":"tag-eu","19":"tag-europe","20":"tag-fr","21":"tag-france","22":"tag-grenoble","23":"tag-haute","24":"tag-information","25":"tag-infos","26":"tag-isere","27":"tag-journal","28":"tag-news","29":"tag-podcast","30":"tag-radio","31":"tag-republique-francaise","32":"tag-winamp"},"share_on_mastodon":{"url":"https:\/\/pubeurope.com\/@fr\/115405932406386565","error":""},"_links":{"self":[{"href":"https:\/\/www.europesays.com\/fr\/wp-json\/wp\/v2\/posts\/476815","targetHints":{"allow":["GET"]}}],"collection":[{"href":"https:\/\/www.europesays.com\/fr\/wp-json\/wp\/v2\/posts"}],"about":[{"href":"https:\/\/www.europesays.com\/fr\/wp-json\/wp\/v2\/types\/post"}],"author":[{"embeddable":true,"href":"https:\/\/www.europesays.com\/fr\/wp-json\/wp\/v2\/users\/2"}],"replies":[{"embeddable":true,"href":"https:\/\/www.europesays.com\/fr\/wp-json\/wp\/v2\/comments?post=476815"}],"version-history":[{"count":0,"href":"https:\/\/www.europesays.com\/fr\/wp-json\/wp\/v2\/posts\/476815\/revisions"}],"wp:featuredmedia":[{"embeddable":true,"href":"https:\/\/www.europesays.com\/fr\/wp-json\/wp\/v2\/media\/476816"}],"wp:attachment":[{"href":"https:\/\/www.europesays.com\/fr\/wp-json\/wp\/v2\/media?parent=476815"}],"wp:term":[{"taxonomy":"category","embeddable":true,"href":"https:\/\/www.europesays.com\/fr\/wp-json\/wp\/v2\/categories?post=476815"},{"taxonomy":"post_tag","embeddable":true,"href":"https:\/\/www.europesays.com\/fr\/wp-json\/wp\/v2\/tags?post=476815"}],"curies":[{"name":"wp","href":"https:\/\/api.w.org\/{rel}","templated":true}]}}