{"id":476817,"date":"2025-10-20T10:05:12","date_gmt":"2025-10-20T10:05:12","guid":{"rendered":"https:\/\/www.europesays.com\/fr\/476817\/"},"modified":"2025-10-20T10:05:12","modified_gmt":"2025-10-20T10:05:12","slug":"lhistoire-finit-mal-pour-les-voleurs-a-trottinette","status":"publish","type":"post","link":"https:\/\/www.europesays.com\/fr\/476817\/","title":{"rendered":"l&rsquo;histoire finit mal pour les voleurs \u00e0 trottinette"},"content":{"rendered":"<p>            Par<br \/>\n        <strong><br \/>\n            <a href=\"https:\/\/actu.fr\/auteur\/lisa-rodrigues\" title=\"Consulter tous les articles de Lisa Rodrigues\" target=\"_blank\" rel=\"noopener\">Lisa Rodrigues<\/a><br \/>\n        <\/strong><\/p>\n<p>        Publi\u00e9 le<\/p>\n<p>            20 oct. 2025 \u00e0 11h35        <\/p>\n<p>Les faits se sont produits \u00e0 <a href=\"https:\/\/actu.fr\/auvergne-rhone-alpes\/saint-martin-d-heres_38421\" target=\"_blank\" rel=\"noopener\">Saint-Martin-d\u2019H\u00e8res<\/a>\u00a0(Is\u00e8re), dimanche 19 octobre en toute fin de journ\u00e9e, rue Jules-Flandrin.<\/p>\n<p>    <a href=\"https:\/\/www.google.com\/maps\/embed?pb=!1m18!1m12!1m3!1d2811.953958188742!2d5.744477375922675!3d45.188028251823575!2m3!1f0!2f0!3f0!3m2!1i1024!2i768!4f13.1!3m3!1m2!1s0x478af4fbd1949fd3%3A0xe630d316ebd9c3d!2sRue%20Jules%20Flandrin!5e0!3m2!1sfr!2sfr!4v1760951466701!5m2!1sfr!2sfr\" title=\"Ouvrie le lien\" target=\"_blank\" rel=\"noopener\">Cliquez ici pour visualiser le contenu<\/a><\/p>\n<p class=\" wall-content\">Il \u00e9tait presque 19h30 quand les forces de l\u2019ordre ont \u00e9t\u00e9 pr\u00e9venues <strong>d\u2019un vol de moto<\/strong> par \u00ab\u00a0quatre individus mont\u00e9s sur deux trottinettes\u00a0\u00bb, rapporte la Direction interd\u00e9partementale de la police nationale en Is\u00e8re.<\/p>\n<p>Deux suspects en fuite<\/p>\n<p class=\" wall-content\">Selon la police, les voleurs ont \u00e9t\u00e9 \u00ab\u00a0<strong>mis en fuite par le propri\u00e9taire<\/strong>\u00a0\u00bb de la moto convoit\u00e9e. C\u2019est lors de cette fuite que l\u2019une des trottinettes et ses deux passagers ont lourdement chut\u00e9.<\/p>\n<p class=\" wall-content\">L\u2019un des deux suspects, \u00e2g\u00e9 de 18 ans, a \u00e9t\u00e9 imm\u00e9diatement interpell\u00e9 par les forces de l\u2019ordre. Le deuxi\u00e8me a d\u00fb \u00eatre transport\u00e9 au <a href=\"https:\/\/actu.fr\/tag\/chu-grenoble-alpes\" target=\"_blank\" rel=\"noopener\">CHU Grenoble-Alpes<\/a>, sans que son pronostic vital soit engag\u00e9, pour une suspicion de traumatisme cr\u00e2nien.<\/p>\n<p class=\" wall-content\">La deuxi\u00e8me trottinette et les deux autres complices, eux, ont r\u00e9ussi \u00e0 prendre la fuite.<\/p>\n<p class=\" wall-content\">Personnalisez votre actualit\u00e9 en ajoutant vos villes et m\u00e9dias en favori avec <a href=\"https:\/\/moncompte.actu.fr\" title=\"D\u00e9couvez Mon Actu\" rel=\"nofollow noopener\" data-trk=\"{&quot;cta&quot;:{&quot;action&quot;:&quot;https:\\\/\\\/moncompte.actu.fr&quot;,&quot;category&quot;:&quot;mon compte&quot;,&quot;from&quot;:&quot;article footer&quot;,&quot;name&quot;:&quot;Mon actu&quot;,&quot;type&quot;:&quot;cta&quot;}}\" target=\"_blank\">Mon Actu<\/a>.<\/p>\n","protected":false},"excerpt":{"rendered":"Par Lisa Rodrigues Publi\u00e9 le 20 oct. 2025 \u00e0 11h35 Les faits se sont produits \u00e0 Saint-Martin-d\u2019H\u00e8res\u00a0(Is\u00e8re), dimanche&hellip;\n","protected":false},"author":2,"featured_media":476818,"comment_status":"","ping_status":"","sticky":false,"template":"","format":"standard","meta":{"footnotes":""},"categories":[9566],"tags":[1111,11,2430,1777,674,118,1011,27,2731,12,1072,25,6960],"class_list":{"0":"post-476817","1":"post","2":"type-post","3":"status-publish","4":"format-standard","5":"has-post-thumbnail","7":"category-grenoble","8":"tag-actu","9":"tag-actualites","10":"tag-auvergne-rhone-alpes","11":"tag-eu","12":"tag-europe","13":"tag-faits-divers","14":"tag-fr","15":"tag-france","16":"tag-grenoble","17":"tag-news","18":"tag-police","19":"tag-republique-francaise","20":"tag-trottinette-electrique"},"share_on_mastodon":{"url":"https:\/\/pubeurope.com\/@fr\/115405935953712015","error":""},"_links":{"self":[{"href":"https:\/\/www.europesays.com\/fr\/wp-json\/wp\/v2\/posts\/476817","targetHints":{"allow":["GET"]}}],"collection":[{"href":"https:\/\/www.europesays.com\/fr\/wp-json\/wp\/v2\/posts"}],"about":[{"href":"https:\/\/www.europesays.com\/fr\/wp-json\/wp\/v2\/types\/post"}],"author":[{"embeddable":true,"href":"https:\/\/www.europesays.com\/fr\/wp-json\/wp\/v2\/users\/2"}],"replies":[{"embeddable":true,"href":"https:\/\/www.europesays.com\/fr\/wp-json\/wp\/v2\/comments?post=476817"}],"version-history":[{"count":0,"href":"https:\/\/www.europesays.com\/fr\/wp-json\/wp\/v2\/posts\/476817\/revisions"}],"wp:featuredmedia":[{"embeddable":true,"href":"https:\/\/www.europesays.com\/fr\/wp-json\/wp\/v2\/media\/476818"}],"wp:attachment":[{"href":"https:\/\/www.europesays.com\/fr\/wp-json\/wp\/v2\/media?parent=476817"}],"wp:term":[{"taxonomy":"category","embeddable":true,"href":"https:\/\/www.europesays.com\/fr\/wp-json\/wp\/v2\/categories?post=476817"},{"taxonomy":"post_tag","embeddable":true,"href":"https:\/\/www.europesays.com\/fr\/wp-json\/wp\/v2\/tags?post=476817"}],"curies":[{"name":"wp","href":"https:\/\/api.w.org\/{rel}","templated":true}]}}