{"id":476819,"date":"2025-10-20T10:06:13","date_gmt":"2025-10-20T10:06:13","guid":{"rendered":"https:\/\/www.europesays.com\/fr\/476819\/"},"modified":"2025-10-20T10:06:13","modified_gmt":"2025-10-20T10:06:13","slug":"ce-netait-pas-au-point-ils-ont-teste-une-pilule-contraceptive-masculine","status":"publish","type":"post","link":"https:\/\/www.europesays.com\/fr\/476819\/","title":{"rendered":"\u00ab\u00a0Ce n\u2019\u00e9tait pas au point\u00a0\u00bb\u00a0: ils ont test\u00e9 une pilule contraceptive masculine"},"content":{"rendered":"<p>C\u2019est un serpent de mer de la m\u00e9decine, un Graal maintes fois annonc\u00e9. Le 22 juillet, <a href=\"https:\/\/www.nature.com\/articles\/s43856-025-01004-4\" target=\"_blank\" rel=\"nofollow noopener\">la revue Communications Medicine<\/a> d\u00e9taillait une nouvelle pilule contraceptive, exp\u00e9riment\u00e9e par un labo californien. Petite particularit\u00e9 : elle est destin\u00e9e\u2026 aux hommes. L\u2019info a fait du bruit, mais ce qu\u2019on sait moins, c\u2019est que d\u00e8s les ann\u00e9es 1980, \u00e0 Rennes, ils \u00e9taient quelques-uns \u00e0 s\u2019\u00eatre lanc\u00e9s dans la m\u00eame qu\u00eate. Inutile de pr\u00e9ciser que ce champ de recherche est alors bien mal connu du grand public. Presque tabou.<\/p>\n<p><a class=\"tlg-kiosque tlg-kiosque-rennes gtm-kiosque-rennes\" href=\"https:\/\/www.lemensuel.com\/rennes\" target=\"_blank\" rel=\"nofollow noopener\"><img decoding=\"async\" src=\"https:\/\/www.europesays.com\/fr\/wp-content\/uploads\/2025\/10\/MDR_une_complete.png\" alt=\"Couverture Mensuel Rennes\"\/><\/p>\n<p>Le Mensuel de Rennes<\/p>\n<p>Magazine curieux et (im)pertinent !<\/p>\n<p>D\u00e9couvrez<\/a><\/p>\n<p>Mais la demande existe, donc les m\u00e9decins rennais du Centre d\u2019\u00e9tude et de conservation des \u0153ufs et du sperme (Cecos) retroussent les manches de leurs blouses blanches et regardent ce qui se fait ailleurs, notamment \u00e0 l\u2019h\u00f4pital parisien de Bic\u00eatre qui a test\u00e9 en 1979 une formule prometteuse.<\/p>\n<p>Protocole fastidieux<\/p>\n<p>Trois volontaires se pr\u00e9sentent, des militants de l\u2019Association pour la recherche et le d\u00e9veloppement de la contraception masculine (Ardecom). \u00ab De nombreuses femmes se plaignaient des effets secondaires de leur pilule. La coh\u00e9rence voulait qu\u2019on trouve d\u2019autres solutions que la capote, le retrait ou la vasectomie qui rebutait les gars \u00e0 l\u2019\u00e9poque \u00bb, se souvient Pierre Colin, cofondateur de l\u2019asso.<\/p>\n<p>Le r\u00e9sultat est incertain. Le protocole, fastidieux. Les gar\u00e7ons, \u00e2g\u00e9s de 24 \u00e0 27 ans, doivent se soumettre \u00e0 une ribambelle de bilans, dont un spermogramme tous les mois. Concr\u00e8tement, il s\u2019agit d\u2019inhiber la production de spermatozo\u00efdes \u00e0 l\u2019aide d\u2019un comprim\u00e9 de progest\u00e9rone. Mais les patients doivent en m\u00eame temps s\u2019appliquer un gel de testost\u00e9rone pour contrebalancer les cons\u00e9quences : chute de libido, mutation de la voix, seins qui gonflent\u2026<\/p>\n<p>Manque de moyens<\/p>\n<p>En 1982, les trois cobayes confient leur d\u00e9sarroi, sous couvert d\u2019anonymat, \u00e0 Bretagne actuelle. \u00ab Ce n\u2019\u00e9tait pas au point \u00bb, regrette Alain. \u00ab L\u2019un de nous a mis huit mois pour \u00eatre st\u00e9rile, c\u2019est-\u00e0-dire pour avoir un spermogramme nul, et au bout de dix mois il a eu des remont\u00e9es de spermatozo\u00efdes. \u00bb Jean-Pierre abonde : \u00ab On a d\u00e9couvert par exemple que la plupart des progestatifs ont une influence n\u00e9faste sur le taux de cholest\u00e9rol. \u00bb Il est plus facile de bloquer une ovulation par mois que la fabrique quotidienne de 100 millions de t\u00eatards.<\/p>\n<p>Pas d\u00e9courag\u00e9s, les scientifiques d\u00e9gotent une variante \u00e0 base d\u2019un progestatif plus puissant. Cette fois, douze jeunes sont inclus dans un essai qui dure deux ans1. Las. Le taux de r\u00e9ussite (66 %) est trop faible pour valider la m\u00e9thode. Sans compter que le fameux gel de testost\u00e9rone peut contaminer la partenaire par simple partage de serviette apr\u00e8s la douche, entra\u00eenant une hausse de la pilosit\u00e9 et une perturbation du cycle menstruel. Les \u00e9tudes s\u2019essoufflent, en raison du manque de moyens, de la mauvaise volont\u00e9 politique, mais aussi de la banalisation du pr\u00e9servatif, dont la publicit\u00e9 est autoris\u00e9e \u00e0 partir de 1987.<\/p>\n<p class=\"note\">1 La contraception masculine, exp\u00e9rience rennaise, in. La contraception masculine, D. Le Lannou, \u00e9d. Springer, 2013<\/p>\n","protected":false},"excerpt":{"rendered":"C\u2019est un serpent de mer de la m\u00e9decine, un Graal maintes fois annonc\u00e9. Le 22 juillet, la revue&hellip;\n","protected":false},"author":2,"featured_media":476820,"comment_status":"","ping_status":"","sticky":false,"template":"","format":"standard","meta":{"footnotes":""},"categories":[2821],"tags":[1111,11,829,1777,674,1011,27,848,12,584,25],"class_list":{"0":"post-476819","1":"post","2":"type-post","3":"status-publish","4":"format-standard","5":"has-post-thumbnail","7":"category-rennes","8":"tag-actu","9":"tag-actualites","10":"tag-bretagne","11":"tag-eu","12":"tag-europe","13":"tag-fr","14":"tag-france","15":"tag-ille-et-vilaine","16":"tag-news","17":"tag-rennes","18":"tag-republique-francaise"},"share_on_mastodon":{"url":"https:\/\/pubeurope.com\/@fr\/115405939276379993","error":""},"_links":{"self":[{"href":"https:\/\/www.europesays.com\/fr\/wp-json\/wp\/v2\/posts\/476819","targetHints":{"allow":["GET"]}}],"collection":[{"href":"https:\/\/www.europesays.com\/fr\/wp-json\/wp\/v2\/posts"}],"about":[{"href":"https:\/\/www.europesays.com\/fr\/wp-json\/wp\/v2\/types\/post"}],"author":[{"embeddable":true,"href":"https:\/\/www.europesays.com\/fr\/wp-json\/wp\/v2\/users\/2"}],"replies":[{"embeddable":true,"href":"https:\/\/www.europesays.com\/fr\/wp-json\/wp\/v2\/comments?post=476819"}],"version-history":[{"count":0,"href":"https:\/\/www.europesays.com\/fr\/wp-json\/wp\/v2\/posts\/476819\/revisions"}],"wp:featuredmedia":[{"embeddable":true,"href":"https:\/\/www.europesays.com\/fr\/wp-json\/wp\/v2\/media\/476820"}],"wp:attachment":[{"href":"https:\/\/www.europesays.com\/fr\/wp-json\/wp\/v2\/media?parent=476819"}],"wp:term":[{"taxonomy":"category","embeddable":true,"href":"https:\/\/www.europesays.com\/fr\/wp-json\/wp\/v2\/categories?post=476819"},{"taxonomy":"post_tag","embeddable":true,"href":"https:\/\/www.europesays.com\/fr\/wp-json\/wp\/v2\/tags?post=476819"}],"curies":[{"name":"wp","href":"https:\/\/api.w.org\/{rel}","templated":true}]}}