{"id":476822,"date":"2025-10-20T10:08:09","date_gmt":"2025-10-20T10:08:09","guid":{"rendered":"https:\/\/www.europesays.com\/fr\/476822\/"},"modified":"2025-10-20T10:08:09","modified_gmt":"2025-10-20T10:08:09","slug":"les-agriculteurs-vont-manifester-ce-mardi-a-strasbourg-ce-quil-faut-savoir","status":"publish","type":"post","link":"https:\/\/www.europesays.com\/fr\/476822\/","title":{"rendered":"Les agriculteurs vont manifester ce mardi \u00e0 Strasbourg : ce qu&rsquo;il faut savoir"},"content":{"rendered":"<p>            Par<br \/>\n        <strong><br \/>\n            <a href=\"https:\/\/actu.fr\/auteur\/thomas-blanc\" title=\"Consulter tous les articles de Thomas Blanc\" target=\"_blank\" rel=\"noopener\">Thomas Blanc<\/a><br \/>\n        <\/strong><\/p>\n<p>        Publi\u00e9 le<\/p>\n<p>            20 oct. 2025 \u00e0 11h38<br \/>\n        ; mis \u00e0 jour le 20 oct. 2025 \u00e0 11h39    <\/p>\n<p>Ce mardi 21 octobre, \u00e0 partir de 10h, <strong>une action des <a href=\"https:\/\/actu.fr\/tag\/agriculture\" target=\"_blank\" rel=\"noopener\">agriculteurs<\/a> est pr\u00e9vue devant le <a href=\"https:\/\/actu.fr\/tag\/parlement-europeen\" target=\"_blank\" rel=\"noopener\">Parlement europ\u00e9en<\/a>, \u00e0 <a href=\"https:\/\/actu.fr\/strasbourg\/\" target=\"_blank\" rel=\"noopener\">Strasbourg<\/a><\/strong>. Elle est organis\u00e9e \u00e0\u00a0l\u2019initiative du Copa Cogeca, qui regroupe des organisations syndicales et professionnelles agricoles \u00e0 l\u2019\u00e9chelle europ\u00e9enne, et de la F\u00e9d\u00e9ration nationale des syndicats d\u2019exploitants agricoles (FNSEA) fran\u00e7ais.<\/p>\n<p>Mobilisation des agriculteurs mardi 21\u00a0octobre devant le Parlement europ\u00e9en \u00e0 Strasbourg<\/p>\n<p class=\" wall-content\">Ils ont d\u00e9j\u00e0 tap\u00e9 du poing sur la table le <a href=\"https:\/\/actu.fr\/grand-est\/strasbourg_67482\/strasbourg-voici-pourquoi-des-agriculteurs-ont-organise-un-barrage-filtrant-au-marche-gare-ce-vendredi-matin_63216966.html\" target=\"_blank\" rel=\"noopener\">26\u00a0septembre dernier, au March\u00e9 gare de Strasbourg<\/a> et reviennent \u00e0 la charge mardi au matin.<\/p>\n<p class=\" wall-content\">Mais cette fois-ci, c\u2019est face \u00e0 la <strong>potentielle baisse de 20\u2009% des aides de la Politique agricole commune (PAC)<\/strong> \u00e0 partir de 2028 que les agriculteurs se mobilisent. Ils souhaitent \u00ab\u2009d\u00e9fendre une PAC forte, garante de <strong>la souverainet\u00e9 alimentaire europ\u00e9enne<\/strong>\u2009\u00bb, comme ils le font savoir dans un communiqu\u00e9 diffus\u00e9 le samedi 18 octobre.<\/p>\n<p class=\" wall-content\">Les agriculteurs seront pr\u00e9sents <strong>avec leurs tracteurs devant le Parlement europ\u00e9en<\/strong> pour \u00ab\u2009d\u00e9noncer fermement les intentions de la Commission europ\u00e9enne\u2009\u00bb et \u00ab<strong>\u2009mettre la pression sur les parlementaires europ\u00e9ens<\/strong> pour qu\u2019ils n\u2019acceptent pas l\u2019inacceptable\u2009\u00bb.<\/p>\n<p class=\" wall-content\">Personnalisez votre actualit\u00e9 en ajoutant vos villes et m\u00e9dias en favori avec <a href=\"https:\/\/moncompte.actu.fr\" title=\"D\u00e9couvez Mon Actu\" rel=\"nofollow noopener\" data-trk=\"{&quot;cta&quot;:{&quot;action&quot;:&quot;https:\\\/\\\/moncompte.actu.fr&quot;,&quot;category&quot;:&quot;mon compte&quot;,&quot;from&quot;:&quot;article footer&quot;,&quot;name&quot;:&quot;Mon actu&quot;,&quot;type&quot;:&quot;cta&quot;}}\" target=\"_blank\">Mon Actu<\/a>.<\/p>\n","protected":false},"excerpt":{"rendered":"Par Thomas Blanc Publi\u00e9 le 20 oct. 2025 \u00e0 11h38 ; mis \u00e0 jour le 20 oct. 2025&hellip;\n","protected":false},"author":2,"featured_media":476823,"comment_status":"","ping_status":"","sticky":false,"template":"","format":"standard","meta":{"footnotes":""},"categories":[2820],"tags":[1111,11,327,1777,674,1011,27,775,1272,12,8552,25,104,640],"class_list":{"0":"post-476822","1":"post","2":"type-post","3":"status-publish","4":"format-standard","5":"has-post-thumbnail","7":"category-strasbourg","8":"tag-actu","9":"tag-actualites","10":"tag-agriculture","11":"tag-eu","12":"tag-europe","13":"tag-fr","14":"tag-france","15":"tag-grand-est","16":"tag-manifestations","17":"tag-news","18":"tag-parlement-europeen","19":"tag-republique-francaise","20":"tag-societe","21":"tag-strasbourg"},"share_on_mastodon":{"url":"https:\/\/pubeurope.com\/@fr\/115405947125562234","error":""},"_links":{"self":[{"href":"https:\/\/www.europesays.com\/fr\/wp-json\/wp\/v2\/posts\/476822","targetHints":{"allow":["GET"]}}],"collection":[{"href":"https:\/\/www.europesays.com\/fr\/wp-json\/wp\/v2\/posts"}],"about":[{"href":"https:\/\/www.europesays.com\/fr\/wp-json\/wp\/v2\/types\/post"}],"author":[{"embeddable":true,"href":"https:\/\/www.europesays.com\/fr\/wp-json\/wp\/v2\/users\/2"}],"replies":[{"embeddable":true,"href":"https:\/\/www.europesays.com\/fr\/wp-json\/wp\/v2\/comments?post=476822"}],"version-history":[{"count":0,"href":"https:\/\/www.europesays.com\/fr\/wp-json\/wp\/v2\/posts\/476822\/revisions"}],"wp:featuredmedia":[{"embeddable":true,"href":"https:\/\/www.europesays.com\/fr\/wp-json\/wp\/v2\/media\/476823"}],"wp:attachment":[{"href":"https:\/\/www.europesays.com\/fr\/wp-json\/wp\/v2\/media?parent=476822"}],"wp:term":[{"taxonomy":"category","embeddable":true,"href":"https:\/\/www.europesays.com\/fr\/wp-json\/wp\/v2\/categories?post=476822"},{"taxonomy":"post_tag","embeddable":true,"href":"https:\/\/www.europesays.com\/fr\/wp-json\/wp\/v2\/tags?post=476822"}],"curies":[{"name":"wp","href":"https:\/\/api.w.org\/{rel}","templated":true}]}}