{"id":476824,"date":"2025-10-20T10:09:13","date_gmt":"2025-10-20T10:09:13","guid":{"rendered":"https:\/\/www.europesays.com\/fr\/476824\/"},"modified":"2025-10-20T10:09:13","modified_gmt":"2025-10-20T10:09:13","slug":"comment-francine-mayran-a-fait-dune-valise-une-arme-contre-loubli","status":"publish","type":"post","link":"https:\/\/www.europesays.com\/fr\/476824\/","title":{"rendered":"comment Francine Mayran a fait d&rsquo;une valise une arme contre l\u2019oubli"},"content":{"rendered":"<p>La valise \u00e9voque le voyage, choisi ou forc\u00e9, \u00e0 l\u2019instar de l\u2019exode, du d\u00e9racinement ou de la d\u00e9portation durant la Shoah. La valise, c\u2019est aussi un bagage dans lequel on glisse \u00e0 la h\u00e2te quelques objets, une photo, c\u2019est une part de son identit\u00e9 qu\u2019on emporte, quand on n\u2019a plus rien. Lundi 13\u00a0octobre, la chapelle de la Rencontre, place de l\u2019Hippodrome dans le secteur des Deux-Rives \u00e0 Strasbourg, a r\u00e9uni un nombreux public.<\/p>\n<p>La valise, symbole d\u2019un destin humain et r\u00e9flexion sur sa propre histoire<\/p>\n<p>Il&#8230;<\/p>\n","protected":false},"excerpt":{"rendered":"La valise \u00e9voque le voyage, choisi ou forc\u00e9, \u00e0 l\u2019instar de l\u2019exode, du d\u00e9racinement ou de la d\u00e9portation&hellip;\n","protected":false},"author":2,"featured_media":476825,"comment_status":"","ping_status":"","sticky":false,"template":"","format":"standard","meta":{"footnotes":""},"categories":[2820],"tags":[1111,11,1687,2880,1777,674,107,1011,27,775,937,12,25,104,640,2879],"class_list":{"0":"post-476824","1":"post","2":"type-post","3":"status-publish","4":"format-standard","5":"has-post-thumbnail","7":"category-strasbourg","8":"tag-actu","9":"tag-actualites","10":"tag-culture-loisirs","11":"tag-edition-strasbourg","12":"tag-eu","13":"tag-europe","14":"tag-fil-info","15":"tag-fr","16":"tag-france","17":"tag-grand-est","18":"tag-histoire","19":"tag-news","20":"tag-republique-francaise","21":"tag-societe","22":"tag-strasbourg","23":"tag-strasbourg-ville"},"share_on_mastodon":{"url":"https:\/\/pubeurope.com\/@fr\/115405951179482200","error":""},"_links":{"self":[{"href":"https:\/\/www.europesays.com\/fr\/wp-json\/wp\/v2\/posts\/476824","targetHints":{"allow":["GET"]}}],"collection":[{"href":"https:\/\/www.europesays.com\/fr\/wp-json\/wp\/v2\/posts"}],"about":[{"href":"https:\/\/www.europesays.com\/fr\/wp-json\/wp\/v2\/types\/post"}],"author":[{"embeddable":true,"href":"https:\/\/www.europesays.com\/fr\/wp-json\/wp\/v2\/users\/2"}],"replies":[{"embeddable":true,"href":"https:\/\/www.europesays.com\/fr\/wp-json\/wp\/v2\/comments?post=476824"}],"version-history":[{"count":0,"href":"https:\/\/www.europesays.com\/fr\/wp-json\/wp\/v2\/posts\/476824\/revisions"}],"wp:featuredmedia":[{"embeddable":true,"href":"https:\/\/www.europesays.com\/fr\/wp-json\/wp\/v2\/media\/476825"}],"wp:attachment":[{"href":"https:\/\/www.europesays.com\/fr\/wp-json\/wp\/v2\/media?parent=476824"}],"wp:term":[{"taxonomy":"category","embeddable":true,"href":"https:\/\/www.europesays.com\/fr\/wp-json\/wp\/v2\/categories?post=476824"},{"taxonomy":"post_tag","embeddable":true,"href":"https:\/\/www.europesays.com\/fr\/wp-json\/wp\/v2\/tags?post=476824"}],"curies":[{"name":"wp","href":"https:\/\/api.w.org\/{rel}","templated":true}]}}