{"id":476828,"date":"2025-10-20T10:11:12","date_gmt":"2025-10-20T10:11:12","guid":{"rendered":"https:\/\/www.europesays.com\/fr\/476828\/"},"modified":"2025-10-20T10:11:12","modified_gmt":"2025-10-20T10:11:12","slug":"date-lieu-billetterie-ce-quil-faut-savoir","status":"publish","type":"post","link":"https:\/\/www.europesays.com\/fr\/476828\/","title":{"rendered":"date, lieu, billetterie&#8230; Ce qu&rsquo;il faut savoir"},"content":{"rendered":"<p class=\"article-p mdl\">Mr. Worldwide de retour en France. Pitbull, connu pour ses nombreux tubes, s&rsquo;appr\u00eate \u00e0 conqu\u00e9rir une nouvelle fois l&rsquo;H\u00e9xagone au travers d&rsquo;un concert \u00e9v\u00e9nement qui prendra dans la ville de Nice<strong>\u00a0le dimanche 12 juillet 2026<\/strong>, \u00e0 l\u2019Allianz\u00a0Riviera, dans le cadre de sa tourn\u00e9e internationale. Le chanteur de 44 ans sera accompagn\u00e9 du rappeur Lil Jon, qui animera la premi\u00e8re partie du show.\u00a0<\/p>\n<p class=\"article-p mdl\"><a class=\"link\" href=\"https:\/\/www.funradio.fr\/evenements\/pitbull-enflamme-l-accor-arena-avec-un-show-fabuleux-7900476104\" title=\"Pitbull enflamme l&#039;Accor Arena avec un show fabuleux\" target=\"_blank\" rel=\"noopener\">L&rsquo;artiste\u00a0am\u00e9ricano-cubain avait d\u00e9j\u00e0 conquis la capitale fran\u00e7aise avec deux dates compl\u00e8te \u00e0 l&rsquo;Accor Arena en 2025<\/a>. Il faut dire que ses nombreux tubes y sont pour beaucoup. Chris Brown, Jennifer Lopez, Shakira, Usher, Ne-Yo, Afrojack, Akon, et bien d&rsquo;autres ont pu s&rsquo;associer \u00e0 Pitbull sur des morceaux au succ\u00e8s plan\u00e9taire.\u00a0<\/p>\n<p class=\"article-p mdl\">Pour celles et ceux qui souhaitent r\u00e9cup\u00e9rer leurs places et ainsi danser sur les plus grands titres du chanteur, <strong>r<\/strong><strong>endez-vous le vendredi 24 octobre \u00e0 10h,\u00a0<\/strong><a class=\"link\" href=\"https:\/\/www.livenation.fr\/artist-pitbull-284345\" target=\"_blank\" rel=\"noopener\">ouverture de la billetterie<\/a><strong>.<\/strong>\u00a0\u00a0<\/p>\n<p>    La r\u00e9daction vous recommande<\/p>\n<p>\n                                    Lire la suite\n                                <\/p>\n","protected":false},"excerpt":{"rendered":"Mr. Worldwide de retour en France. Pitbull, connu pour ses nombreux tubes, s&rsquo;appr\u00eate \u00e0 conqu\u00e9rir une nouvelle fois&hellip;\n","protected":false},"author":2,"featured_media":476829,"comment_status":"","ping_status":"","sticky":false,"template":"","format":"standard","meta":{"footnotes":""},"categories":[2819],"tags":[1111,11,1777,674,1011,27,873,12,2401,23005,882,25],"class_list":{"0":"post-476828","1":"post","2":"type-post","3":"status-publish","4":"format-standard","5":"has-post-thumbnail","7":"category-nice","8":"tag-actu","9":"tag-actualites","10":"tag-eu","11":"tag-europe","12":"tag-fr","13":"tag-france","14":"tag-musique","15":"tag-news","16":"tag-nice","17":"tag-pitbull","18":"tag-provence-alpes-cote-dazur","19":"tag-republique-francaise"},"share_on_mastodon":{"url":"https:\/\/pubeurope.com\/@fr\/115405959391158650","error":""},"_links":{"self":[{"href":"https:\/\/www.europesays.com\/fr\/wp-json\/wp\/v2\/posts\/476828","targetHints":{"allow":["GET"]}}],"collection":[{"href":"https:\/\/www.europesays.com\/fr\/wp-json\/wp\/v2\/posts"}],"about":[{"href":"https:\/\/www.europesays.com\/fr\/wp-json\/wp\/v2\/types\/post"}],"author":[{"embeddable":true,"href":"https:\/\/www.europesays.com\/fr\/wp-json\/wp\/v2\/users\/2"}],"replies":[{"embeddable":true,"href":"https:\/\/www.europesays.com\/fr\/wp-json\/wp\/v2\/comments?post=476828"}],"version-history":[{"count":0,"href":"https:\/\/www.europesays.com\/fr\/wp-json\/wp\/v2\/posts\/476828\/revisions"}],"wp:featuredmedia":[{"embeddable":true,"href":"https:\/\/www.europesays.com\/fr\/wp-json\/wp\/v2\/media\/476829"}],"wp:attachment":[{"href":"https:\/\/www.europesays.com\/fr\/wp-json\/wp\/v2\/media?parent=476828"}],"wp:term":[{"taxonomy":"category","embeddable":true,"href":"https:\/\/www.europesays.com\/fr\/wp-json\/wp\/v2\/categories?post=476828"},{"taxonomy":"post_tag","embeddable":true,"href":"https:\/\/www.europesays.com\/fr\/wp-json\/wp\/v2\/tags?post=476828"}],"curies":[{"name":"wp","href":"https:\/\/api.w.org\/{rel}","templated":true}]}}