{"id":476837,"date":"2025-10-20T10:16:10","date_gmt":"2025-10-20T10:16:10","guid":{"rendered":"https:\/\/www.europesays.com\/fr\/476837\/"},"modified":"2025-10-20T10:16:10","modified_gmt":"2025-10-20T10:16:10","slug":"cest-a-letat-de-payer-pour-les-enfants-handicapes-le-maire-de-toulouse-envoie-une-facture-d183-million-au-rectorat","status":"publish","type":"post","link":"https:\/\/www.europesays.com\/fr\/476837\/","title":{"rendered":"C\u2019est \u00e0 l\u2019\u00c9tat de payer pour les enfants handicap\u00e9s\u00a0: le maire de Toulouse envoie une facture d\u20191,83\u00a0million au rectorat"},"content":{"rendered":"<p class=\"paragraph text_align_left lp-f-body-02\">Des \u00e9conomies budg\u00e9taires ? Parlons-en ! La mairie de Toulouse vient d\u2019envoyer au rectorat (\u00c9tat) une facture d\u20191,83 million d\u2019euros. Elle correspond \u00e0 la prise en charge des accompagnants des \u00e9l\u00e8ves en situation de handicap (AESH) pour l\u2019ann\u00e9e scolaire 2024-2025. En effet, faute de personnel fourni par l\u2019\u00c9ducation nationale, la Ville a affect\u00e9 des accompagnants de vie et de loisirs municipaux (AVL) sur cette mission normalement d\u00e9di\u00e9e aux AESH pendant la pause m\u00e9ridienne.<\/p>\n<p class=\"paragraph text_align_left lp-f-body-02\">Pourtant, en vertu de la loi dite \u00ab Vial \u00bb, ce co\u00fbt pour la mairie aurait d\u00fb \u00eatre pris en charge par l\u2019\u00c9ducation Nationale. Apr\u00e8s plusieurs alertes, Jean-Luc Moudenc, le maire de Toulouse, vient d\u2019adresser une lettre de quatre pages au recteur pour r\u00e9clamer cette indemnit\u00e9. \u00ab L\u2019article L211-8 du code de l\u2019\u00c9ducation issue de cette loi dispose en ce sens que l\u2019\u00c9tat a la charge de la r\u00e9mun\u00e9ration du personnel affect\u00e9 \u00e0 l\u2019accompagnement des \u00e9l\u00e8ves en situation de handicap durant le temps scolaire et le temps de la pause m\u00e9ridienne \u00bb, \u00e9crit l\u2019\u00e9dile.<\/p>\n<p>\u00ab On se pose des questions sur la valeur de la parole de l\u2019\u00c9tat \u00bb<\/p>\n<p class=\"paragraph text_align_left lp-f-body-02\">\u00ab Ce texte, rappelle le maire, est entr\u00e9 en vigueur \u00e0 la rentr\u00e9e 2024. N\u00e9anmoins, en d\u00e9pit de l\u2019obligation qui lui est ainsi faite par la loi du 27 mai 2024, l\u2019\u00c9tat n\u2019a pas pris les mesures n\u00e9cessaires pour assurer l\u2019accompagnement des enfants en situation de handicap pr\u00e9sents dans les \u00e9coles relevant de la mairie de Toulouse sur le temps de la pause m\u00e9ridienne sur l\u2019ann\u00e9e scolaire 204-2025. \u00bb. Afin de ne pas mettre en difficult\u00e9 les familles et les enfants, la mairie de Toulouse a maintenu durant toute l\u2019ann\u00e9e scolaire pr\u00e9c\u00e9dente son accompagnement pour faire face aux carences.<\/p>\n<p class=\"paragraph text_align_left lp-f-body-02\">Une situation d\u00e9j\u00e0 point\u00e9e du doigt par le maire lors de sa conf\u00e9rence de rentr\u00e9e du maire, fin ao\u00fbt, au cours de laquelle il avait rappel\u00e9 que \u00ab la loi Vial a \u00e9t\u00e9 vot\u00e9e, mais elle n\u2019est pas appliqu\u00e9e. On peut se poser la question, insistait-il, de la valeur de la parole de l\u2019\u00c9tat \u00bb. Dans sa lettre, Jean-Luc Moudenc assure que la collectivit\u00e9 et la direction acad\u00e9mique des services de l\u2019\u00c9ducation nationale ont \u00e9chang\u00e9 \u00e0 ce sujet \u00e0 de nombreuses reprises, sans r\u00e9sultat.<\/p>\n<p class=\"paragraph text_align_left lp-f-body-02\">Il a calcul\u00e9 que la d\u00e9pense s\u2019\u00e9l\u00e8ve \u00e0 1 837 913 euros pour 85 406 heures de prise en charge par les accompagnants de vie et de loisirs de la mairie. \u00ab Encore ce montant n\u2019int\u00e8gre-t-il pas les co\u00fbts engendr\u00e9s par la d\u00e9sorganisation du service, la surcharge administrative et la gestion des personnels mobilis\u00e9s en substitution de l\u2019\u00c9tat, les co\u00fbts li\u00e9s \u00e0 la surcharge administrative, ni le pr\u00e9judice d\u2019image subi par la commune, conclut le maire de Toulouse. De sorte que ce chiffrage incomplet du pr\u00e9judice de la mairie reste \u00e0 parfaire \u00bb. Le rectorat a un d\u00e9lai de deux mois pour r\u00e9pondre. En cas de silence, la mairie l\u2019informe qu\u2019elle sera contrainte d\u2019engager une action devant le tribunal administratif afin de faire valoir les droits de la collectivit\u00e9.<\/p>\n","protected":false},"excerpt":{"rendered":"Des \u00e9conomies budg\u00e9taires ? Parlons-en ! La mairie de Toulouse vient d\u2019envoyer au rectorat (\u00c9tat) une facture d\u20191,83&hellip;\n","protected":false},"author":2,"featured_media":476838,"comment_status":"","ping_status":"","sticky":false,"template":"","format":"standard","meta":{"footnotes":""},"categories":[2816],"tags":[1111,917,11,459,33,1777,674,1011,27,4623,12,2680,25,2312],"class_list":{"0":"post-476837","1":"post","2":"type-post","3":"status-publish","4":"format-standard","5":"has-post-thumbnail","7":"category-toulouse","8":"tag-actu","9":"tag-actu-locale","10":"tag-actualites","11":"tag-departements-horsidfo","12":"tag-economie","13":"tag-eu","14":"tag-europe","15":"tag-fr","16":"tag-france","17":"tag-haute-garonne-31","18":"tag-news","19":"tag-occitanie","20":"tag-republique-francaise","21":"tag-toulouse"},"share_on_mastodon":{"url":"https:\/\/pubeurope.com\/@fr\/115405978923959769","error":""},"_links":{"self":[{"href":"https:\/\/www.europesays.com\/fr\/wp-json\/wp\/v2\/posts\/476837","targetHints":{"allow":["GET"]}}],"collection":[{"href":"https:\/\/www.europesays.com\/fr\/wp-json\/wp\/v2\/posts"}],"about":[{"href":"https:\/\/www.europesays.com\/fr\/wp-json\/wp\/v2\/types\/post"}],"author":[{"embeddable":true,"href":"https:\/\/www.europesays.com\/fr\/wp-json\/wp\/v2\/users\/2"}],"replies":[{"embeddable":true,"href":"https:\/\/www.europesays.com\/fr\/wp-json\/wp\/v2\/comments?post=476837"}],"version-history":[{"count":0,"href":"https:\/\/www.europesays.com\/fr\/wp-json\/wp\/v2\/posts\/476837\/revisions"}],"wp:featuredmedia":[{"embeddable":true,"href":"https:\/\/www.europesays.com\/fr\/wp-json\/wp\/v2\/media\/476838"}],"wp:attachment":[{"href":"https:\/\/www.europesays.com\/fr\/wp-json\/wp\/v2\/media?parent=476837"}],"wp:term":[{"taxonomy":"category","embeddable":true,"href":"https:\/\/www.europesays.com\/fr\/wp-json\/wp\/v2\/categories?post=476837"},{"taxonomy":"post_tag","embeddable":true,"href":"https:\/\/www.europesays.com\/fr\/wp-json\/wp\/v2\/tags?post=476837"}],"curies":[{"name":"wp","href":"https:\/\/api.w.org\/{rel}","templated":true}]}}