{"id":476841,"date":"2025-10-20T10:18:09","date_gmt":"2025-10-20T10:18:09","guid":{"rendered":"https:\/\/www.europesays.com\/fr\/476841\/"},"modified":"2025-10-20T10:18:09","modified_gmt":"2025-10-20T10:18:09","slug":"a-lille-ce-fast-food-tres-repute-passe-au-halal-et-ne-sert-plus-dalcool-dans-ses-menus","status":"publish","type":"post","link":"https:\/\/www.europesays.com\/fr\/476841\/","title":{"rendered":"A Lille, ce fast-food tr\u00e8s r\u00e9put\u00e9 passe au Halal et ne sert plus d&rsquo;alcool dans ses menus"},"content":{"rendered":"<p>            Par<br \/>\n        <strong><br \/>\n            <a href=\"https:\/\/actu.fr\/auteur\/nicolas-demollien\" title=\"Consulter tous les articles de Nicolas Demollien\" rel=\"nofollow noopener\" target=\"_blank\">Nicolas Demollien<\/a><br \/>\n        <\/strong><\/p>\n<p>        Publi\u00e9 le<\/p>\n<p>            20 oct. 2025 \u00e0 11h44        <\/p>\n<p>C\u2019est une petite r\u00e9volution. A <a href=\"https:\/\/actu.fr\/hauts-de-france\/lille_59350\" rel=\"nofollow noopener\" target=\"_blank\">Lille<\/a> (Nord), le <b>restaurant Five Guys<\/b> de la <b>rue de B\u00e9thune<\/b> annonce un passage aux <b>steaks Halal<\/b>. L\u2019enseigne a pris cette d\u00e9cision pour six de ses restaurants, dont celui de la capitale des Flandres. Par ailleurs, l\u2019<b>alcool n\u2019est plus servie dans ces restaurants<\/b>.<\/p>\n<p>Du b\u0153uf Halal chez Five Guys \u00e0 Lille<\/p>\n<p class=\" wall-content\"><a href=\"https:\/\/actu.fr\/provence-alpes-cote-d-azur\/marseille_13055\/marseille-ce-fast-food-tres-connu-ne-sert-desormais-plus-que-des-steaks-halal_63307517.html\" rel=\"nofollow noopener\" target=\"_blank\">Comme \u00e0 Marseille<\/a>, la viande du Five Guys lillois provient donc de \u00ab\u00a0<b>fournisseurs certifi\u00e9s Halal<\/b>, tout en respectant les normes \u00e9thiques et humaines sans compromettre le bien-\u00eatre animal, selon la l\u00e9gislation europ\u00e9enne\u00a0\u00bb, pr\u00e9cise l\u2019enseigne <a href=\"https:\/\/fiveguys.fr\/faqs\/\" rel=\"nofollow noopener\" target=\"_blank\">sur son site internet<\/a>.\u00a0<\/p>\n<p class=\" wall-content\">Quid du bacon de porc servi \u00e9galement sur place ? \u00ab\u00a0Celui-ci est cuit sur une plaque d\u00e9di\u00e9e et manipul\u00e9 avec des ustensiles diff\u00e9rents afin d\u2019\u00e9viter tout risque de contamination crois\u00e9e\u00a0\u00bb, pr\u00e9cise encore l\u2019enseigne am\u00e9ricaine.<\/p>\n<p class=\" wall-content\">Pourquoi ce choix dans six de ses restaurants fran\u00e7ais ? La firme renvoie \u00e0 la foire aux questions pr\u00e9sente sur son site : \u00ab\u00a0Nous souhaitons <b>proposer nos burgers et frites Five Guys au plus grand nombre<\/b>\u00ab\u00a0, peut-on y lire. Et de pr\u00e9ciser que le go\u00fbt de ses recettes \u00ab\u00a0ne change pas. Nous suivons les m\u00eames standards afin d\u2019\u00e9laborer nos d\u00e9licieux burgers et hot dogs\u00a0\u00bb, promet Five Guys.<\/p>\n<p class=\" wall-content\">Personnalisez votre actualit\u00e9 en ajoutant vos villes et m\u00e9dias en favori avec <a href=\"https:\/\/moncompte.actu.fr\" title=\"D\u00e9couvez Mon Actu\" rel=\"nofollow noopener\" data-trk=\"{&quot;cta&quot;:{&quot;action&quot;:&quot;https:\\\/\\\/moncompte.actu.fr&quot;,&quot;category&quot;:&quot;mon compte&quot;,&quot;from&quot;:&quot;article footer&quot;,&quot;name&quot;:&quot;Mon actu&quot;,&quot;type&quot;:&quot;cta&quot;}}\" target=\"_blank\">Mon Actu<\/a>.<\/p>\n","protected":false},"excerpt":{"rendered":"Par Nicolas Demollien Publi\u00e9 le 20 oct. 2025 \u00e0 11h44 C\u2019est une petite r\u00e9volution. A Lille (Nord), le&hellip;\n","protected":false},"author":2,"featured_media":476842,"comment_status":"","ping_status":"","sticky":false,"template":"","format":"standard","meta":{"footnotes":""},"categories":[2815],"tags":[1111,11,1777,674,1011,27,811,1307,12,4020,25,104],"class_list":{"0":"post-476841","1":"post","2":"type-post","3":"status-publish","4":"format-standard","5":"has-post-thumbnail","7":"category-lille","8":"tag-actu","9":"tag-actualites","10":"tag-eu","11":"tag-europe","12":"tag-fr","13":"tag-france","14":"tag-hauts-de-france","15":"tag-lille","16":"tag-news","17":"tag-religion","18":"tag-republique-francaise","19":"tag-societe"},"share_on_mastodon":{"url":"https:\/\/pubeurope.com\/@fr\/115405987203490026","error":""},"_links":{"self":[{"href":"https:\/\/www.europesays.com\/fr\/wp-json\/wp\/v2\/posts\/476841","targetHints":{"allow":["GET"]}}],"collection":[{"href":"https:\/\/www.europesays.com\/fr\/wp-json\/wp\/v2\/posts"}],"about":[{"href":"https:\/\/www.europesays.com\/fr\/wp-json\/wp\/v2\/types\/post"}],"author":[{"embeddable":true,"href":"https:\/\/www.europesays.com\/fr\/wp-json\/wp\/v2\/users\/2"}],"replies":[{"embeddable":true,"href":"https:\/\/www.europesays.com\/fr\/wp-json\/wp\/v2\/comments?post=476841"}],"version-history":[{"count":0,"href":"https:\/\/www.europesays.com\/fr\/wp-json\/wp\/v2\/posts\/476841\/revisions"}],"wp:featuredmedia":[{"embeddable":true,"href":"https:\/\/www.europesays.com\/fr\/wp-json\/wp\/v2\/media\/476842"}],"wp:attachment":[{"href":"https:\/\/www.europesays.com\/fr\/wp-json\/wp\/v2\/media?parent=476841"}],"wp:term":[{"taxonomy":"category","embeddable":true,"href":"https:\/\/www.europesays.com\/fr\/wp-json\/wp\/v2\/categories?post=476841"},{"taxonomy":"post_tag","embeddable":true,"href":"https:\/\/www.europesays.com\/fr\/wp-json\/wp\/v2\/tags?post=476841"}],"curies":[{"name":"wp","href":"https:\/\/api.w.org\/{rel}","templated":true}]}}