{"id":476845,"date":"2025-10-20T10:20:13","date_gmt":"2025-10-20T10:20:13","guid":{"rendered":"https:\/\/www.europesays.com\/fr\/476845\/"},"modified":"2025-10-20T10:20:13","modified_gmt":"2025-10-20T10:20:13","slug":"le-quartier-du-chapitre-a-marseille-par-celles-et-ceux-qui-y-vivent-et-y-travaillent","status":"publish","type":"post","link":"https:\/\/www.europesays.com\/fr\/476845\/","title":{"rendered":"Le quartier du Chapitre \u00e0 Marseille par celles et ceux qui y vivent et y travaillent"},"content":{"rendered":"<p>Emmanuelle Vidal-Naquet, 46 ans, \u00e0 la t\u00eate de la cantine sociale La Marmite joyeuse (1er)&#13;\n<\/p>\n<p>\u00ab\u00a0La cuisine de grand-m\u00e8re fait tomber toutes les barri\u00e8res\u00a0\u00bb&#13;\n<\/p>\n<p><img alt=\"Samy, la premi\u00e8re salari\u00e9e de la Marmite joyeuse (1er) en 2017, et Emmanuel Vidal-Naquet, cofondatrice du lieu avec son mari Xavier.\" loading=\"lazy\" decoding=\"async\" data-nimg=\"fill\" class=\" TwicCore_img__i9TC1 undefined  undefined\" style=\"position:absolute;height:100%;width:100%;left:0;top:0;right:0;bottom:0;color:transparent;background-size:cover;background-position:50% 50%;background-repeat:no-repeat;background-image:url(&quot;data:image\/svg+xml;charset=utf-8,%3Csvg xmlns='http:\/\/www.w3.org\/2000\/svg' %3E%3Cfilter id='b' color-interpolation-filters='sRGB'%3E%3CfeGaussianBlur stdDeviation='20'\/%3E%3CfeColorMatrix values='1 0 0 0 0 0 1 0 0 0 0 0 1 0 0 0 0 0 100 -1' result='s'\/%3E%3CfeFlood x='0' y='0' width='100%25' height='100%25'\/%3E%3CfeComposite operator='out' in='s'\/%3E%3CfeComposite in2='SourceGraphic'\/%3E%3CfeGaussianBlur stdDeviation='20'\/%3E%3C\/filter%3E%3Cimage width='100%25' height='100%25' x='0' y='0' preserveAspectRatio='none' style='filter: url(%23b);' href='https:\/\/pictures.laprovence.com\/cdn-cgi\/image\/blur=250\/media\/melody\/2025\/10\/20\/samy-la-premiere-salariee-de-la-marmite-joyeuse-1er-en-2017-et-emmanuel-vidal-naquet-cofondatrice-du-1760944760_3e28775842f863238775842f816387v_.jpg'\/%3E%3C\/svg%3E&quot;)\"   src=\"https:\/\/www.europesays.com\/fr\/wp-content\/uploads\/2025\/10\/samy-la-premiere-salariee-de-la-marmite-joyeuse-1er-en-2017-et-emmanuel-vidal-naquet-cofondatrice-du.jpeg\"\/>Samy, la premi\u00e8re salari\u00e9e de la Marmite joyeuse (1er) en 2017, et Emmanuel Vidal-Naquet, cofondatrice du lieu avec son mari Xavier. \/ PHOTO T.Be.<\/p>\n<p>Un restaurant, oui, \u00ab\u00a0mais un lieu de vie\u00a0!\u00a0\u00bb, nuance d&#8217;embl\u00e9e Emmanuelle, qui a cofond\u00e9 en 2017 avec son mari la cantine et l&rsquo;association <a href=\"https:\/\/www.laprovence.com\/article\/papier\/5668733\/la-cooperation-culinaire-se-mijote-a-la-marmite-joyeuse.html\" target=\"_blank\" rel=\"noopener\">la Marmite joyeuse<\/a>, boulevard National. Repas \u00ab\u00a0suspendus\u00a0\u00bb, ateliers cuisine ou couture&#8230; Tout est fait pour que chacun se sente bienvenu. \u00ab\u00a0On a une d\u00e9co sobre, sans positionnement politique. Les gens peuvent avoir des a priori, comme ces grand-m\u00e8res du quartier qui nous voyaient comme un rep\u00e8re islamo-gauchiste (rires). Aujourd&rsquo;hui, elles viennent manger \u00e0 c\u00f4t\u00e9 de personnes r\u00e9fugi\u00e9es, et tout le monde se parle !\u00a0\u00bb, souligne cette patronne qui promeut \u00ab\u00a0un mod\u00e8le tr\u00e8s engag\u00e9 socialement\u00a0\u00bb.<\/p>\n<p>Du c\u00f4t\u00e9 de l&rsquo;association, celle-ci fait vivre quatre projets\u00a0: l&rsquo;animation, l&rsquo;aide alimentaire, le soutien aux personnes cherchant l&rsquo;autofinancement, et l&rsquo;insertion. \u00ab\u00a0On a des femmes qui s&rsquo;occupent de tout \u00e0 la maison, et le jour o\u00f9 elles font un atelier avec nous, se rendent compte qu&rsquo;elles veulent devenir restauratrice ou traiteur, on les aide \u00e0 prendre leur envol\u00a0\u00bb, illustre Emmanuelle. Les accompagn\u00e9es peuvent compter&#8230;<\/p>\n","protected":false},"excerpt":{"rendered":"Emmanuelle Vidal-Naquet, 46 ans, \u00e0 la t\u00eate de la cantine sociale La Marmite joyeuse (1er)&#13; \u00ab\u00a0La cuisine de&hellip;\n","protected":false},"author":2,"featured_media":476846,"comment_status":"","ping_status":"","sticky":false,"template":"","format":"standard","meta":{"footnotes":""},"categories":[2814],"tags":[17,1111,11,54042,9069,58549,1777,674,1011,27,884,12,5912,882,5775,3583,16,25],"class_list":{"0":"post-476845","1":"post","2":"type-post","3":"status-publish","4":"format-standard","5":"has-post-thumbnail","7":"category-marseille","8":"tag-17","9":"tag-actu","10":"tag-actualites","11":"tag-celles","12":"tag-ceux","13":"tag-chapitre","14":"tag-eu","15":"tag-europe","16":"tag-fr","17":"tag-france","18":"tag-marseille","19":"tag-news","20":"tag-par","21":"tag-provence-alpes-cote-dazur","22":"tag-quartier","23":"tag-qui","24":"tag-region","25":"tag-republique-francaise"},"share_on_mastodon":{"url":"","error":""},"_links":{"self":[{"href":"https:\/\/www.europesays.com\/fr\/wp-json\/wp\/v2\/posts\/476845","targetHints":{"allow":["GET"]}}],"collection":[{"href":"https:\/\/www.europesays.com\/fr\/wp-json\/wp\/v2\/posts"}],"about":[{"href":"https:\/\/www.europesays.com\/fr\/wp-json\/wp\/v2\/types\/post"}],"author":[{"embeddable":true,"href":"https:\/\/www.europesays.com\/fr\/wp-json\/wp\/v2\/users\/2"}],"replies":[{"embeddable":true,"href":"https:\/\/www.europesays.com\/fr\/wp-json\/wp\/v2\/comments?post=476845"}],"version-history":[{"count":0,"href":"https:\/\/www.europesays.com\/fr\/wp-json\/wp\/v2\/posts\/476845\/revisions"}],"wp:featuredmedia":[{"embeddable":true,"href":"https:\/\/www.europesays.com\/fr\/wp-json\/wp\/v2\/media\/476846"}],"wp:attachment":[{"href":"https:\/\/www.europesays.com\/fr\/wp-json\/wp\/v2\/media?parent=476845"}],"wp:term":[{"taxonomy":"category","embeddable":true,"href":"https:\/\/www.europesays.com\/fr\/wp-json\/wp\/v2\/categories?post=476845"},{"taxonomy":"post_tag","embeddable":true,"href":"https:\/\/www.europesays.com\/fr\/wp-json\/wp\/v2\/tags?post=476845"}],"curies":[{"name":"wp","href":"https:\/\/api.w.org\/{rel}","templated":true}]}}