{"id":476847,"date":"2025-10-20T10:21:17","date_gmt":"2025-10-20T10:21:17","guid":{"rendered":"https:\/\/www.europesays.com\/fr\/476847\/"},"modified":"2025-10-20T10:21:17","modified_gmt":"2025-10-20T10:21:17","slug":"un-homme-connu-des-autorites-grievement-blesse-dans-les-quartiers-nord","status":"publish","type":"post","link":"https:\/\/www.europesays.com\/fr\/476847\/","title":{"rendered":"un homme connu des autorit\u00e9s gri\u00e8vement bless\u00e9 dans les quartiers nord"},"content":{"rendered":"<p>\n    Un homme \u00e2g\u00e9 d\u2019une vingtaine d\u2019ann\u00e9es a \u00e9t\u00e9 bless\u00e9 sur la voie publique dans les quartiers nord de la cit\u00e9 phoc\u00e9enne, dans la nuit de vendredi \u00e0 samedi.<\/p>\n<p class=\"fig-paragraph\">Un homme \u00e2g\u00e9 d\u2019une vingtaine d\u2019ann\u00e9es a \u00e9t\u00e9 gri\u00e8vement bless\u00e9 dans les\u00a0<a href=\"http:\/\/www.lefigaro.fr\/marseille\/marseille-dans-les-quartiers-nord-des-dealers-allument-un-feu-a-proximite-d-une-ecole-primaire-20251008\" data-fig-type=\"NewsFlash\" data-gtm-custom-categorie=\"navigation\" data-gtm-custom-action=\"crossclick\" data-gtm-custom-label=\"Contextuel\" data-gtm-event=\"customEventSPE\" data-fig-domain=\"LEFIGARO\" target=\"_blank\" rel=\"noopener\">quartiers nord\u00a0<\/a>de Marseille dans la nuit de vendredi \u00e0 samedi, avec son\u00a0<a href=\"http:\/\/www.lefigaro.fr\/faits-divers\/dans-un-college-du-bas-rhin-une-enseignante-poignardee-en-classe-par-un-eleve-20250924\" data-fig-type=\"NewsFlash\" data-gtm-custom-categorie=\"navigation\" data-gtm-custom-action=\"crossclick\" data-gtm-custom-label=\"Contextuel\" data-gtm-event=\"customEventSPE\" data-fig-domain=\"LEFIGARO\" target=\"_blank\" rel=\"noopener\">pronostic vital engag\u00e9<\/a>, a appris Le Figaro de sources concordantes, confirmant une information initiale de\u00a0<a href=\"https:\/\/france3-regions.franceinfo.fr\/provence-alpes-cote-d-azur\/bouches-du-rhone\/marseille\/coups-de-couteau-et-coups-de-crosse-un-homme-victime-d-une-tentative-d-homicide-son-pronostic-vital-est-engage-3235538.html\" target=\"_blank\" rel=\"sponsored noopener\" data-gtm-custom-categorie=\"navigation\" data-gtm-custom-action=\"crossclick\" data-gtm-custom-label=\"Contextuel\" data-gtm-event=\"customEventSPE\">France 3<\/a>.<\/p>\n<p>Connu des autorit\u00e9s<\/p>\n<p class=\"fig-paragraph\">La victime, \u00e2g\u00e9e de 21 ou 22 ans selon les sources, a \u00e9t\u00e9 retrouv\u00e9e bless\u00e9e sur la voie publique avenue Saint-Louis, dans le 15e arrondissement de Marseille. Les faits se sont d\u00e9roul\u00e9s aux alentours de 2h30 du matin. Selon les marins-pompiers, la victime a \u00e9t\u00e9 bless\u00e9e par arme blanche, tandis qu\u2019une source polici\u00e8re affirme qu\u2019il aurait aussi \u00e9t\u00e9 rou\u00e9 de coups par plusieurs individus.<\/p>\n<p>                                    <a class=\"fig-a11y-skip a11y-hidden\" href=\"#fig-a11y-skip-main-inarticle\"><br \/>\n        Passer la publicit\u00e9<br \/>\n    <\/a><\/p>\n<p class=\"fig-paragraph\">Selon cette m\u00eame source, cet homme avait des ant\u00e9c\u00e9dents judiciaires et \u00e9tait donc d\u00e9favorablement connu des autorit\u00e9s. Une enqu\u00eate a \u00e9t\u00e9 ouverte et confi\u00e9e \u00e0 la division de la criminalit\u00e9 organis\u00e9e.<\/p>\n","protected":false},"excerpt":{"rendered":"Un homme \u00e2g\u00e9 d\u2019une vingtaine d\u2019ann\u00e9es a \u00e9t\u00e9 bless\u00e9 sur la voie publique dans les quartiers nord de&hellip;\n","protected":false},"author":2,"featured_media":476848,"comment_status":"","ping_status":"","sticky":false,"template":"","format":"standard","meta":{"footnotes":""},"categories":[2814],"tags":[1111,11,1777,674,118,1011,27,884,12,882,10210,25],"class_list":{"0":"post-476847","1":"post","2":"type-post","3":"status-publish","4":"format-standard","5":"has-post-thumbnail","7":"category-marseille","8":"tag-actu","9":"tag-actualites","10":"tag-eu","11":"tag-europe","12":"tag-faits-divers","13":"tag-fr","14":"tag-france","15":"tag-marseille","16":"tag-news","17":"tag-provence-alpes-cote-dazur","18":"tag-reglement-de-compte","19":"tag-republique-francaise"},"share_on_mastodon":{"url":"https:\/\/pubeurope.com\/@fr\/115405998247838100","error":""},"_links":{"self":[{"href":"https:\/\/www.europesays.com\/fr\/wp-json\/wp\/v2\/posts\/476847","targetHints":{"allow":["GET"]}}],"collection":[{"href":"https:\/\/www.europesays.com\/fr\/wp-json\/wp\/v2\/posts"}],"about":[{"href":"https:\/\/www.europesays.com\/fr\/wp-json\/wp\/v2\/types\/post"}],"author":[{"embeddable":true,"href":"https:\/\/www.europesays.com\/fr\/wp-json\/wp\/v2\/users\/2"}],"replies":[{"embeddable":true,"href":"https:\/\/www.europesays.com\/fr\/wp-json\/wp\/v2\/comments?post=476847"}],"version-history":[{"count":0,"href":"https:\/\/www.europesays.com\/fr\/wp-json\/wp\/v2\/posts\/476847\/revisions"}],"wp:featuredmedia":[{"embeddable":true,"href":"https:\/\/www.europesays.com\/fr\/wp-json\/wp\/v2\/media\/476848"}],"wp:attachment":[{"href":"https:\/\/www.europesays.com\/fr\/wp-json\/wp\/v2\/media?parent=476847"}],"wp:term":[{"taxonomy":"category","embeddable":true,"href":"https:\/\/www.europesays.com\/fr\/wp-json\/wp\/v2\/categories?post=476847"},{"taxonomy":"post_tag","embeddable":true,"href":"https:\/\/www.europesays.com\/fr\/wp-json\/wp\/v2\/tags?post=476847"}],"curies":[{"name":"wp","href":"https:\/\/api.w.org\/{rel}","templated":true}]}}