{"id":476849,"date":"2025-10-20T10:22:10","date_gmt":"2025-10-20T10:22:10","guid":{"rendered":"https:\/\/www.europesays.com\/fr\/476849\/"},"modified":"2025-10-20T10:22:10","modified_gmt":"2025-10-20T10:22:10","slug":"jean-michel-aulas-violemment-charge-par-marine-tondelier","status":"publish","type":"post","link":"https:\/\/www.europesays.com\/fr\/476849\/","title":{"rendered":"Jean-Michel Aulas violemment charg\u00e9 par Marine Tondelier"},"content":{"rendered":"<p>            Par<br \/>\n        <strong><br \/>\n            <a href=\"https:\/\/actu.fr\/auteur\/ludivine-caporal\" title=\"Consulter tous les articles de Ludivine Caporal\" target=\"_blank\" rel=\"noopener\">Ludivine Caporal<\/a><br \/>\n        <\/strong><\/p>\n<p>        Publi\u00e9 le<\/p>\n<p>            20 oct. 2025 \u00e0 12h12        <\/p>\n<p>L\u2019extrait fait d\u00e9j\u00e0 le tour des r\u00e9seaux et a suscit\u00e9 de nombreuses r\u00e9actions dans la sph\u00e8re politique.<\/p>\n<p class=\" wall-content\">Dans une interview donn\u00e9e sur la chaine de t\u00e9l\u00e9vision Public S\u00e9nat, la pr\u00e9sidente d\u2019Europe Ecologie Les Verts (EELV), <a href=\"https:\/\/actu.fr\/auvergne-rhone-alpes\/lyon_69123\/amoureuse-de-marine-tondelier-une-lyonnaise-a-fait-vivre-l-enfer-a-l-elue-ecologiste_63217731.html\" target=\"_blank\" rel=\"noopener\">Marine Tondelier<\/a>, s\u2019est exprim\u00e9e au sujet de la candidature de <a href=\"https:\/\/actu.fr\/tag\/jean-michel-aulas\" target=\"_blank\" rel=\"noopener\">Jean-Michel Aulas<\/a> \u00e0 la mairie de <a href=\"https:\/\/actu.fr\/auvergne-rhone-alpes\/lyon_69123\" target=\"_blank\" rel=\"noopener\">Lyon<\/a>, par ailleurs <a href=\"https:\/\/actu.fr\/auvergne-rhone-alpes\/lyon_69123\/lyon-municipales-2026-jean-michel-aulas-battrait-tres-largement-gregory-doucet-selon-un-sondage_63295872.html\" target=\"_blank\" rel=\"noopener\">donn\u00e9 favori dans un sondage<\/a> publi\u00e9 mardi dernier.<\/p>\n<p class=\" wall-content\">L\u2019\u00e9lue est m\u00eame all\u00e9e jusqu\u2019\u00e0 comparer l\u2019ex-patron de l\u2019OL au pr\u00e9sident des Etats-Unis, <strong>Donald Trump.\u00a0<\/strong><\/p>\n<p>Aulas maire de Lyon ? \u00ab\u00a0Ca me terrifie\u00a0\u00bb<\/p>\n<p class=\" wall-content\">Dans cet extrait publi\u00e9 par Marine Tondelier elle-m\u00eame sur X, on l\u2019entend ainsi s\u2019attaquer au candidat lyonnais et affirmer \u00eatre \u00ab\u00a0terrifi\u00e9e\u00a0\u00bb \u00e0 l\u2019id\u00e9e que ce dernier puisse devenir maire de la troisi\u00e8me ville de France.<\/p>\n<p class=\" wall-content\">\n<p class=\" wall-content\">\u00ab\u00a0Un peu \u00e0 la Trump, il se dit \u2018tient, les affaires c\u2019\u00e9tait sympa, maintenant je veux le pouvoir.\u2019 Il se lance dans cette aventure, <strong>la fleur au fusil,<\/strong> en racontant des choses stup\u00e9fiantes\u00a0\u00bb, d\u00e9clare-t-elle, faisant r\u00e9f\u00e9rence \u00e0 la proposition d\u2019Aulas de supprimer le cabinet du maire. \u00ab\u00a0Ca n\u2019a aucun sens, c\u2019est un leurre et c\u2019est vraiment le trumpisme qui arrive en France\u00a0\u00bb, appuie-t-elle.<\/p>\n<p>Le camp adverse r\u00e9agit<\/p>\n<p class=\" wall-content\">Des propos qui n\u2019ont pas manqu\u00e9 de faire r\u00e9agir les soutiens et alli\u00e9s locaux de Jean-Michel Aulas comme le maire LR du 2e arrondissement, <a href=\"https:\/\/actu.fr\/auvergne-rhone-alpes\/lyon_69123\/municipales-2026-a-lyon-des-ex-rn-font-campagne-pour-jean-michel-aulas-un-ecologiste-s-agace_63291294.html\" target=\"_blank\" rel=\"noopener\">Pierre Oliver<\/a>, le conseiller m\u00e9tropolitain Thomas Rudigoz (Renaissance) ou encore B\u00e9atrice de Montille, secr\u00e9taire g\u00e9n\u00e9rale adjointe des LR.<\/p>\n<p class=\" wall-content\">\n<p class=\" wall-content\">\u00ab\u00a0Les \u00e9cologistes nationaux volent au secours de <a href=\"https:\/\/actu.fr\/tag\/gregory-doucet\" target=\"_blank\" rel=\"noopener\">Gr\u00e9gory Doucet<\/a> : preuve qu\u2019ils sentent le vent tourner \u00e0 Lyon\u00a0\u00bb, \u00ab\u00a0Quand on en est \u00e0 comparer Aulas \u00e0 Trump, c\u2019est qu\u2019on a d\u00e9finitivement perdu pied\u00a0\u00bb, \u00ab\u00a0Marine Tondelier qui vole au secours de ses amis \u00e9colos lyonnais, tout en tombant dans la <strong>caricature demago !<\/strong> Venez \u00e0 la rencontre des Lyonnais et ils vous diront directement qui sont les champions des mesures stupides, dogmatiques et hors sol : Gr\u00e9gory Doucet et Bruno Bernard\u00a0\u00bb, commentent-ils.<\/p>\n<p>Votre r\u00e9gion, votre actu !<\/p>\n<p>Recevez chaque jour les infos qui comptent pour vous.<\/p>\n<p>\t<a href=\"https:\/\/actu.fr\/newsletter\" class=\"ac-btn ac-btn--corner ac-btn--medium ac-btn--blue800\" target=\"_blank\" rel=\"noopener\">S&rsquo;incrire<\/a><\/p>\n<p class=\" wall-content\">\n<p class=\" wall-content\">\n<p class=\" wall-content\">Plut\u00f4t discrets jusqu\u2019\u00e0 pr\u00e9sent, et ce alors m\u00eame que la campagne municipale a commenc\u00e9 d\u00e9but septembre, les Ecologistes semblent, en tout cas, enfin se lancer dans la bataille.<\/p>\n<p class=\" wall-content\">Personnalisez votre actualit\u00e9 en ajoutant vos villes et m\u00e9dias en favori avec <a href=\"https:\/\/moncompte.actu.fr\" title=\"D\u00e9couvez Mon Actu\" rel=\"nofollow noopener\" data-trk=\"{&quot;cta&quot;:{&quot;action&quot;:&quot;https:\\\/\\\/moncompte.actu.fr&quot;,&quot;category&quot;:&quot;mon compte&quot;,&quot;from&quot;:&quot;article footer&quot;,&quot;name&quot;:&quot;Mon actu&quot;,&quot;type&quot;:&quot;cta&quot;}}\" target=\"_blank\">Mon Actu<\/a>.<\/p>\n","protected":false},"excerpt":{"rendered":"Par Ludivine Caporal Publi\u00e9 le 20 oct. 2025 \u00e0 12h12 L\u2019extrait fait d\u00e9j\u00e0 le tour des r\u00e9seaux et&hellip;\n","protected":false},"author":2,"featured_media":476850,"comment_status":"","ping_status":"","sticky":false,"template":"","format":"standard","meta":{"footnotes":""},"categories":[1889],"tags":[1111,11,2430,4188,1777,674,7430,1011,27,5227,2428,3434,12,316,25],"class_list":{"0":"post-476849","1":"post","2":"type-post","3":"status-publish","4":"format-standard","5":"has-post-thumbnail","7":"category-lyon","8":"tag-actu","9":"tag-actualites","10":"tag-auvergne-rhone-alpes","11":"tag-elections-municipales","12":"tag-eu","13":"tag-europe","14":"tag-europe-ecologie-les-verts-eelv","15":"tag-fr","16":"tag-france","17":"tag-jean-michel-aulas","18":"tag-lyon","19":"tag-municipales-2026","20":"tag-news","21":"tag-politique","22":"tag-republique-francaise"},"share_on_mastodon":{"url":"https:\/\/pubeurope.com\/@fr\/115406002291247129","error":""},"_links":{"self":[{"href":"https:\/\/www.europesays.com\/fr\/wp-json\/wp\/v2\/posts\/476849","targetHints":{"allow":["GET"]}}],"collection":[{"href":"https:\/\/www.europesays.com\/fr\/wp-json\/wp\/v2\/posts"}],"about":[{"href":"https:\/\/www.europesays.com\/fr\/wp-json\/wp\/v2\/types\/post"}],"author":[{"embeddable":true,"href":"https:\/\/www.europesays.com\/fr\/wp-json\/wp\/v2\/users\/2"}],"replies":[{"embeddable":true,"href":"https:\/\/www.europesays.com\/fr\/wp-json\/wp\/v2\/comments?post=476849"}],"version-history":[{"count":0,"href":"https:\/\/www.europesays.com\/fr\/wp-json\/wp\/v2\/posts\/476849\/revisions"}],"wp:featuredmedia":[{"embeddable":true,"href":"https:\/\/www.europesays.com\/fr\/wp-json\/wp\/v2\/media\/476850"}],"wp:attachment":[{"href":"https:\/\/www.europesays.com\/fr\/wp-json\/wp\/v2\/media?parent=476849"}],"wp:term":[{"taxonomy":"category","embeddable":true,"href":"https:\/\/www.europesays.com\/fr\/wp-json\/wp\/v2\/categories?post=476849"},{"taxonomy":"post_tag","embeddable":true,"href":"https:\/\/www.europesays.com\/fr\/wp-json\/wp\/v2\/tags?post=476849"}],"curies":[{"name":"wp","href":"https:\/\/api.w.org\/{rel}","templated":true}]}}