{"id":476851,"date":"2025-10-20T10:23:09","date_gmt":"2025-10-20T10:23:09","guid":{"rendered":"https:\/\/www.europesays.com\/fr\/476851\/"},"modified":"2025-10-20T10:23:09","modified_gmt":"2025-10-20T10:23:09","slug":"rn88-accident-de-poids-lourd-entre-saint-etienne-et-lyon-des-bouchons-monstres","status":"publish","type":"post","link":"https:\/\/www.europesays.com\/fr\/476851\/","title":{"rendered":"RN88. Accident de poids lourd entre Saint-Etienne et Lyon : des bouchons monstres"},"content":{"rendered":"<p>            Par<br \/>\n        <strong><br \/>\n            <a href=\"https:\/\/actu.fr\/auteur\/mathias-souteyrat\" title=\"Consulter tous les articles de Mathias Souteyrat\" target=\"_blank\" rel=\"noopener\">Mathias Souteyrat<\/a><br \/>\n        <\/strong><\/p>\n<p>        Publi\u00e9 le<\/p>\n<p>            20 oct. 2025 \u00e0 12h11        <\/p>\n<p>\u00ab\u2009Partie de Firminy \u00e0 11h pour aller \u00e0 Saint-\u00c9tienne vers Meon, j\u2019y suis toujours\u2009\u00bb\u2009; \u00ab\u00a0Cela fait maintenant 1h que je suis arr\u00eat\u00e9. Moteur coup\u00e9 depuis 30 minutes\u00a0\u00bb ; \u00ab\u2009Ce virage est un vrai casse-gueule par temps de pluie.\u2009\u00bb<\/p>\n<p class=\" wall-content\">Sur la <a href=\"https:\/\/actu.fr\/tag\/route-nationale-88-rn88\" target=\"_blank\" rel=\"noopener\">RN88<\/a>, un accident de la circulation s\u2019est produit ce lundi 20\u00a0octobre vers 11\u00a0heures, au niveau du viaduc de Terrenoire, dans le sens <a href=\"https:\/\/actu.fr\/auvergne-rhone-alpes\/saint-etienne_42218\" target=\"_blank\" rel=\"noopener\">Saint-\u00c9tienne<\/a> \u2013 <a href=\"https:\/\/actu.fr\/lyon\/\" target=\"_blank\" rel=\"noopener\">Lyon<\/a>.<\/p>\n<p>Un poids lourd coupe toutes les voies<\/p>\n<p class=\" wall-content\">D\u2019importants bouchons sont en cours, pr\u00e9vient la pr\u00e9fecture.<\/p>\n<p class=\" wall-content\">Un poids lourd en travers de la route bloque toutes les voies de circulation.<\/p>\n<p>    <a href=\"https:\/\/www.google.com\/maps\/embed?pb=!1m16!1m12!1m3!1d2931.781547782289!2d4.435636753769984!3d45.43735326922919!2m3!1f0!2f0!3f0!3m2!1i1024!2i768!4f13.1!2m1!1sTerrenoire%20viaduc!5e0!3m2!1sfr!2sfr!4v1760955363537!5m2!1sfr!2sfr\" title=\"Ouvrie le lien\" target=\"_blank\" rel=\"noopener\">Cliquez ici pour visualiser le contenu<\/a><\/p>\n<p class=\" wall-content\">\u00ab\u00a0\u00c9vitez le secteur\u00a0\u00bb, demandent les services de la pr\u00e9fecture.<\/p>\n<p class=\" wall-content\"><strong>Plus d\u2019infos \u00e0 venir\u2026<\/strong><\/p>\n<p class=\" wall-content\">Personnalisez votre actualit\u00e9 en ajoutant vos villes et m\u00e9dias en favori avec <a href=\"https:\/\/moncompte.actu.fr\" title=\"D\u00e9couvez Mon Actu\" rel=\"nofollow noopener\" data-trk=\"{&quot;cta&quot;:{&quot;action&quot;:&quot;https:\\\/\\\/moncompte.actu.fr&quot;,&quot;category&quot;:&quot;mon compte&quot;,&quot;from&quot;:&quot;article footer&quot;,&quot;name&quot;:&quot;Mon actu&quot;,&quot;type&quot;:&quot;cta&quot;}}\" target=\"_blank\">Mon Actu<\/a>.<\/p>\n","protected":false},"excerpt":{"rendered":"Par Mathias Souteyrat Publi\u00e9 le 20 oct. 2025 \u00e0 12h11 \u00ab\u2009Partie de Firminy \u00e0 11h pour aller \u00e0&hellip;\n","protected":false},"author":2,"featured_media":476852,"comment_status":"","ping_status":"","sticky":false,"template":"","format":"standard","meta":{"footnotes":""},"categories":[1889],"tags":[119,1111,11,2430,1777,674,118,1011,27,803,2428,12,25,18458],"class_list":{"0":"post-476851","1":"post","2":"type-post","3":"status-publish","4":"format-standard","5":"has-post-thumbnail","7":"category-lyon","8":"tag-accident","9":"tag-actu","10":"tag-actualites","11":"tag-auvergne-rhone-alpes","12":"tag-eu","13":"tag-europe","14":"tag-faits-divers","15":"tag-fr","16":"tag-france","17":"tag-info-trafic","18":"tag-lyon","19":"tag-news","20":"tag-republique-francaise","21":"tag-route-nationale-88-rn88"},"share_on_mastodon":{"url":"https:\/\/pubeurope.com\/@fr\/115406006177045926","error":""},"_links":{"self":[{"href":"https:\/\/www.europesays.com\/fr\/wp-json\/wp\/v2\/posts\/476851","targetHints":{"allow":["GET"]}}],"collection":[{"href":"https:\/\/www.europesays.com\/fr\/wp-json\/wp\/v2\/posts"}],"about":[{"href":"https:\/\/www.europesays.com\/fr\/wp-json\/wp\/v2\/types\/post"}],"author":[{"embeddable":true,"href":"https:\/\/www.europesays.com\/fr\/wp-json\/wp\/v2\/users\/2"}],"replies":[{"embeddable":true,"href":"https:\/\/www.europesays.com\/fr\/wp-json\/wp\/v2\/comments?post=476851"}],"version-history":[{"count":0,"href":"https:\/\/www.europesays.com\/fr\/wp-json\/wp\/v2\/posts\/476851\/revisions"}],"wp:featuredmedia":[{"embeddable":true,"href":"https:\/\/www.europesays.com\/fr\/wp-json\/wp\/v2\/media\/476852"}],"wp:attachment":[{"href":"https:\/\/www.europesays.com\/fr\/wp-json\/wp\/v2\/media?parent=476851"}],"wp:term":[{"taxonomy":"category","embeddable":true,"href":"https:\/\/www.europesays.com\/fr\/wp-json\/wp\/v2\/categories?post=476851"},{"taxonomy":"post_tag","embeddable":true,"href":"https:\/\/www.europesays.com\/fr\/wp-json\/wp\/v2\/tags?post=476851"}],"curies":[{"name":"wp","href":"https:\/\/api.w.org\/{rel}","templated":true}]}}