{"id":476855,"date":"2025-10-20T10:25:19","date_gmt":"2025-10-20T10:25:19","guid":{"rendered":"https:\/\/www.europesays.com\/fr\/476855\/"},"modified":"2025-10-20T10:25:19","modified_gmt":"2025-10-20T10:25:19","slug":"2-silhouettes-homme-et-femme-quarantaine-origine-marocaine-pour-serie-documentaire-canal-la-bande-a-fifi-1-jour-tournage-12-20-janvier-2026","status":"publish","type":"post","link":"https:\/\/www.europesays.com\/fr\/476855\/","title":{"rendered":"2 Silhouettes homme et femme (quarantaine) origine marocaine pour s\u00e9rie documentaire Canal+ \u00ab\u00a0La Bande \u00e0 Fifi\u00a0\u00bb &#8211; 1 jour tournage 12-20 janvier 2026"},"content":{"rendered":"<p>\ud83d\udcfa CANAL+<\/p>\n<p>\ud83c\udfac \u00c0 PROPOS DU PROJET<\/p>\n<p>Vous souhaitez plonger dans l\u2019univers fascinant de \u201cLa Bande \u00e0 Fifi\u201d ? Nous avons une opportunit\u00e9 unique pour vous !<\/p>\n<p>Participez \u00e0 une <strong>s\u00e9rie documentaire exclusive sur Canal+<\/strong> qui retrace l\u2019ascension incroyable de la c\u00e9l\u00e8bre troupe comique fran\u00e7aise <strong>La Bande \u00e0 Fifi<\/strong>, compos\u00e9e de <strong>Philippe Lacheau, Tarek Boudali, Julien Arruti, \u00c9lodie Fontan et Reem Kherici<\/strong>.<\/p>\n<p>Cette troupe a \u00e9merveill\u00e9 le public avec des succ\u00e8s cin\u00e9matographiques comme Babysitting, Babysitting 2, Alibi.com et Nicky Larson.<\/p>\n<p>Le documentaire explore les d\u00e9buts de cette troupe depuis leur r\u00e9v\u00e9lation au <strong>Grand Journal de Canal+<\/strong> avec Michel Denisot en 2005 jusqu\u2019\u00e0 leur succ\u00e8s ph\u00e9nom\u00e9nal au box-office fran\u00e7ais, retra\u00e7ant <strong>vingt ans de carri\u00e8re<\/strong> jalonn\u00e9e de succ\u00e8s et d\u2019amiti\u00e9.<\/p>\n<p>La s\u00e9rie utilise des reconstitutions avec des acteurs incarnant les membres de la troupe \u00e0 diff\u00e9rents \u00e2ges de leur vie, depuis l\u2019enfance jusqu\u2019\u00e0 leurs d\u00e9buts professionnels.<\/p>\n<p>\ud83d\udc65 PROFILS RECHERCH\u00c9S \u2013 SILHOUETTES RECONSTITUTIONS<\/p>\n<p><strong>SILHOUETTE 1 \u2013 HOMME<\/strong><\/p>\n<p>\u2022 Profil homme \u2022 Origine : Marocaine \u2022 Yeux : Marrons \u2022 \u00c2ge : Dans la quarantaine<\/p>\n<p><strong>SILHOUETTE 2 \u2013 FEMME<\/strong><\/p>\n<p>\u2022 Profil femme \u2022 Origine : Marocaine \u2022 Cheveux : Brune \u2022 Yeux : Marrons \u2022 \u00c2ge : Dans la quarantaine<\/p>\n<p>\ud83d\udcc5 PLANNING<\/p>\n<p><strong>Tournage :<\/strong> 1 jour entre le 12 et le 20 janvier 2026<\/p>\n<p>\ud83d\udcb0 R\u00c9MUN\u00c9RATION<\/p>\n<p>\u2022 150\u20ac brut par jour (tarif minimum convention collective audiovisuelle)<\/p>\n<p>\ud83d\udccb MODALIT\u00c9S DE CANDIDATURE<\/p>\n<p><strong>Photos :<\/strong> 3 photos r\u00e9centes (2 portraits, 1 silhouette)<\/p>\n<p><strong>Informations :<\/strong> T\u00e9l\u00e9phone, ville de r\u00e9sidence<\/p>\n<p><strong>Disponibilit\u00e9s :<\/strong> Entre le 12 et le 20 janvier 2026<\/p>\n<p><strong>Acceptation :<\/strong> Confirmation d\u2019acceptation des tarifs<\/p>\n<p>\u2728 OPPORTUNIT\u00c9 UNIQUE<\/p>\n<p>Participez \u00e0 un documentaire <strong>Canal+<\/strong> exclusif retra\u00e7ant l\u2019histoire ph\u00e9nom\u00e9nale de <strong>La Bande \u00e0 Fifi<\/strong> (Philippe Lacheau, Tarek Boudali, Julien Arruti, \u00c9lodie Fontan, Reem Kherici) !<\/p>\n<p>Une s\u00e9rie explorant vingt ans de succ\u00e8s depuis leur r\u00e9v\u00e9lation au Grand Journal jusqu\u2019aux triomphes du box-office fran\u00e7ais.<\/p>\n","protected":false},"excerpt":{"rendered":"\ud83d\udcfa CANAL+ \ud83c\udfac \u00c0 PROPOS DU PROJET Vous souhaitez plonger dans l\u2019univers fascinant de \u201cLa Bande \u00e0 Fifi\u201d&hellip;\n","protected":false},"author":2,"featured_media":476856,"comment_status":"","ping_status":"","sticky":false,"template":"","format":"standard","meta":{"footnotes":""},"categories":[1592],"tags":[1111,11,1777,674,1011,27,662,12,626,25],"class_list":{"0":"post-476855","1":"post","2":"type-post","3":"status-publish","4":"format-standard","5":"has-post-thumbnail","7":"category-ile-de-france","8":"tag-actu","9":"tag-actualites","10":"tag-eu","11":"tag-europe","12":"tag-fr","13":"tag-france","14":"tag-ile-de-france","15":"tag-news","16":"tag-paris","17":"tag-republique-francaise"},"share_on_mastodon":{"url":"https:\/\/pubeurope.com\/@fr\/115406014462924976","error":""},"_links":{"self":[{"href":"https:\/\/www.europesays.com\/fr\/wp-json\/wp\/v2\/posts\/476855","targetHints":{"allow":["GET"]}}],"collection":[{"href":"https:\/\/www.europesays.com\/fr\/wp-json\/wp\/v2\/posts"}],"about":[{"href":"https:\/\/www.europesays.com\/fr\/wp-json\/wp\/v2\/types\/post"}],"author":[{"embeddable":true,"href":"https:\/\/www.europesays.com\/fr\/wp-json\/wp\/v2\/users\/2"}],"replies":[{"embeddable":true,"href":"https:\/\/www.europesays.com\/fr\/wp-json\/wp\/v2\/comments?post=476855"}],"version-history":[{"count":0,"href":"https:\/\/www.europesays.com\/fr\/wp-json\/wp\/v2\/posts\/476855\/revisions"}],"wp:featuredmedia":[{"embeddable":true,"href":"https:\/\/www.europesays.com\/fr\/wp-json\/wp\/v2\/media\/476856"}],"wp:attachment":[{"href":"https:\/\/www.europesays.com\/fr\/wp-json\/wp\/v2\/media?parent=476855"}],"wp:term":[{"taxonomy":"category","embeddable":true,"href":"https:\/\/www.europesays.com\/fr\/wp-json\/wp\/v2\/categories?post=476855"},{"taxonomy":"post_tag","embeddable":true,"href":"https:\/\/www.europesays.com\/fr\/wp-json\/wp\/v2\/tags?post=476855"}],"curies":[{"name":"wp","href":"https:\/\/api.w.org\/{rel}","templated":true}]}}