{"id":476859,"date":"2025-10-20T10:27:12","date_gmt":"2025-10-20T10:27:12","guid":{"rendered":"https:\/\/www.europesays.com\/fr\/476859\/"},"modified":"2025-10-20T10:27:12","modified_gmt":"2025-10-20T10:27:12","slug":"priorite-au-direct-lecornu-marche-dans-les-rues-de-paris","status":"publish","type":"post","link":"https:\/\/www.europesays.com\/fr\/476859\/","title":{"rendered":"Priorit\u00e9 au direct : Lecornu marche dans les rues de Paris"},"content":{"rendered":"<p>Il est 12\u00a0h\u00a027, ce 16\u00a0octobre 2025, lorsque le premier ministre S\u00e9bastien Lecornu, qui vient de \u00ab\u00a0survivre\u00a0\u00bb \u00e0 une session parlementaire ayant <a href=\"https:\/\/www.politis.fr\/articles\/2025\/10\/politique-a-lassemblee-sebastien-lecornu-dit-merci-aux-socialistes\/\" target=\"_blank\" rel=\"noreferrer noopener\">rejet\u00e9 deux motions de censure d\u00e9pos\u00e9es contre lui<\/a> (une par La France Insoumise, l\u2019autre par le Rassemblement National), sort de l\u2019Assembl\u00e9e nationale sous le regard attentif de la cam\u00e9ra de BFM.\u00a0\u00ab\u00a0Les deux motions de censure rejet\u00e9es, Lecornu confirm\u00e9\u00a0\u00bb triomphe le bandeau de la cha\u00eene d\u2019info en continu. En plateau, la pr\u00e9sentatrice Roselyne Dubois nous explique que Lecornu va d\u00e9sormais\u00a0\u00ab\u00a0rentrer \u00e0 Matignon\u00a0\u00bb\u00a0: \u00ab\u00a0Parce que, eh bien, il y a un petit peu de travail\u00a0!\u00a0\u00bb, plaisante-t-elle.<\/p>\n<blockquote class=\"wp-block-quote is-layout-flow wp-block-quote-is-layout-flow\">\n<p>Pendant pr\u00e8s d\u2019un quart d\u2019heure, BFM ne diffuse rien d\u2019autre.<\/p>\n<\/blockquote>\n<p>\u00ab\u00a0Ah, et il est m\u00eame\u2026 il est m\u00eame \u00e0 pied\u00a0! Parce qu\u2019on n\u2019est vraiment pas tr\u00e8s loin, entre l\u2019Assembl\u00e9e et Matignon.\u00a0\u00bb\u00a0En effet\u00a0: il y a pr\u00e9cis\u00e9ment un kilom\u00e8tre \u00e0 parcourir dans Paris, en longeant la rue de Bourgogne avant de tourner sur celle de Varenne, o\u00f9 se situe l\u2019h\u00f4tel de Matignon, demeure du premier ministre. Un\u00a0<a href=\"https:\/\/www.google.com\/maps\/dir\/Assembl%C3%A9e+nationale+-+Palais+Bourbon,+126+Rue+de+l&#039;Universit%C3%A9,+75007+Paris\/H%C3%B4tel+de+Matignon,+Rue+de+Varenne,+Paris\/@48.8578496,2.3190774,16z\/data=!3m1!5s0x47e66fc58331d8dd:0xdf27bc8ee292b5e7!4m14!4m13!1m5!1m1!1s0x47e66fd46b983163:0xc842f29a31303dd8!2m2!1d2.3185817!2d48.8619106!1m5!1m1!1s0x47e6702ae8c716e7:0xecd2687a01b8d93!2m2!1d2.3207036!2d48.8544586!5i2?entry=ttu&amp;g_ep=EgoyMDI1MTAxNC4wIKXMDSoASAFQAw%3D%3D\" target=\"_blank\" rel=\"noreferrer noopener\">petit quart d\u2019heure de marche<\/a>\u00a0si l\u2019on y va tranquillement. Et c\u2019est exactement ce que s\u2019appr\u00eate \u00e0 faire BFM, qui embarque ses cam\u00e9ras aux trousses de S\u00e9bastien Lecornu sur les trottoirs parisiens.<\/p>\n<p>            <a href=\"https:\/\/www.politis.fr\/articles\/2025\/10\/politique-a-lassemblee-sebastien-lecornu-dit-merci-aux-socialistes\/\" target=\"_blank\" class=\" gt_sujet\" rel=\"noopener\"><\/p>\n<p>            <strong>Sur le m\u00eame sujet :<\/strong> \u00c0 l\u2019Assembl\u00e9e, S\u00e9bastien Lecornu dit merci aux socialistes<\/p>\n<p>    <\/a><\/p>\n<p>Les journalistes de la cha\u00eene d\u2019info ne sont d\u2019ailleurs pas seuls\u00a0: on aper\u00e7oit aussi un micro de LCI. Lecornu est questionn\u00e9 sur le fait qu\u2019il est\u00a0\u00ab\u00a0en sursis\u00a0\u00bb\u00a0; il r\u00e9pond\u00a0: \u00ab\u00a0Je suis au travail.\u00a0\u00bb\u00a0\u00c0 la question d\u2019une potentielle nouvelle motion de censure qui pourrait \u00eatre vot\u00e9e dans quelques semaines, il r\u00e9pond \u00e0 nouveau\u00a0: \u00ab\u00a0Au travail.\u00a0\u00bb\u00a0Et demande, sourire aux l\u00e8vres\u00a0: \u00ab\u00a0Merci beaucoup. Allez, laissez-moi marcher un petit peu, s\u2019il vous pla\u00eet.\u00a0\u00bb<\/p>\n<p>\u00ab\u00a0S\u2019il voulait \u00eatre tranquille, il ne fallait pas rentrer \u00e0 pied\u00a0!\u00a0\u00bb<\/p>\n<p>La cam\u00e9ra bouge, semble m\u00eame tomber. La rue de Bourgogne devient floue, comme un tunnel dans lequel s\u2019engage Lecornu. En plateau, les \u00e9ditorialistes de BFM font semblant de s\u2019agacer de cette indisponibilit\u00e9 du premier ministre\u00a0: \u00ab\u00a0S\u2019il voulait \u00eatre tranquille, il ne fallait pas rentrer \u00e0 pied\u00a0!\u00a0\u00bb<\/p>\n<p>De 12\u00a0h\u00a027 jusqu\u2019\u00e0 12\u00a0h\u00a039, soit pendant pr\u00e8s d\u2019un quart d\u2019heure, BFM ne diffuse <strong>rien d\u2019autre<\/strong>. Le premier ministre marche, aupr\u00e8s de ses \u00e9quipes, dans les rues de Paris, film\u00e9es floues, saccad\u00e9es, car il faut le suivre tout en filmant, sans jamais parvenir ni \u00e0 vraiment l\u2019interroger.\u00a0\u00ab\u00a0Peut-\u00eatre que sur le trajet, il s\u2019arr\u00eatera pour accepter de r\u00e9pondre \u00e0 une ou deux questions\u2026\u00a0\u00bb, esp\u00e8re Neumann en d\u00e9but de parcours. Il n\u2019en sera rien, malgr\u00e9 les interruptions des commentateurs en plateau d\u00e8s que le premier ministre semble ouvrir la bouche pour parler \u00e0 un.e autre journaliste, rendant la s\u00e9quence absolument inintelligible\u00a0: on ne peut suivre ni les propos des \u00e9ditorialistes, ni la fameuse marche de Matignon.<\/p>\n<p>            <a href=\"https:\/\/www.politis.fr\/articles\/2025\/10\/lecornu-renomme-macron-un-forcene-a-lelysee\/\" target=\"_blank\" class=\" gt_sujet\" rel=\"noopener\"><\/p>\n<p>            <strong>Sur le m\u00eame sujet :<\/strong> Lecornu renomm\u00e9\u00a0: Macron, un forcen\u00e9 \u00e0 l\u2019\u00c9lys\u00e9e<\/p>\n<p>    <\/a><\/p>\n<p>Et Lecornu joue parfaitement le jeu du fl\u00e2neur parisien, demandant plusieurs fois \u00e0 ce qu\u2019on le\u00a0\u00ab\u00a0laisse marcher\u00a0\u00bb. Tout comme Emmanuel Macron, il y a quelques jours, qui s\u2019improvisait marcheur le long de la Seine, dans un moment autrement plus difficile, puisque le m\u00eame Lecornu venait de d\u00e9missionner de sa premi\u00e8re nomination.<\/p>\n<blockquote class=\"wp-block-quote is-layout-flow wp-block-quote-is-layout-flow\">\n<p>Je n\u2019ai pas le souvenir d\u2019avoir d\u00e9j\u00e0 vu un premier ministre marcher, aussi simplement, dans la rue\u2026<\/p>\n<\/blockquote>\n<p><a href=\"https:\/\/www.arretsurimages.net\/chroniques\/les-enerve-es\/promenade-solitaire-de-macron-la-demission-taboue-sur-bfmtv\" target=\"_blank\" rel=\"noopener\">Cette fois, le nouveau-ancien premier ministre se met en sc\u00e8ne, avec l\u2019air de ne pas y toucher.\u00a0Il n\u2019a rien \u00e0 dire aux journalistes, mais il est tout de m\u00eame heureux d\u2019\u00eatre film\u00e9 ainsi, \u00e0 d\u00e9ambuler dans Paris. Le message, c\u2019est qu\u2019il marche, tout simplement. \u00ab\u00a0En marche\u00a0\u00bb, finalement, cela voulait peut-\u00eatre juste dire marcher\u00a0? C\u2019est vrai, \u00e7a\u00a0: ils ne nous ont jamais dit clairement vers quoi.<\/p>\n<p>Sur BFM, on philosophe\u00a0: \u00ab\u00a0On est juste \u00e0 c\u00f4t\u00e9 du mus\u00e9e Rodin, o\u00f9 est expos\u00e9 le Penseur de Rodin, et l\u00e0 nous avons le Marcheur\u00a0S\u00e9bastien Lecornu\u2026\u00a0\u00bb\u00a0ose Laurent Neumann. Arr\u00eatez tout, cessez les commentaires, le Marcheur parle\u00a0: \u00ab\u00a0Je voulais juste marcher un peu\u00a0\u00bb, dit-il.\u00a0\u00ab\u00a0Je suis au travail.\u00a0\u00bb\u00a0Ah, bon. On le savait d\u00e9j\u00e0. Plans flous de poubelles qu\u2019on tente d\u2019enjamber sur les trottoirs, ponctu\u00e9s de\u00a0\u00ab\u00a0Attention aux voitures\u00a0!\u00a0\u00bb\u00a0lanc\u00e9s par l\u2019\u00e9quipe du premier ministre. <\/p>\n<p>Moment magique<\/p>\n<p>Mais pour BFM, le moment semble magique\u00a0: \u00ab\u00a0Je n\u2019ai pas le souvenir d\u2019avoir d\u00e9j\u00e0 vu un premier ministre marcher, aussi simplement, dans la rue\u2026\u00a0\u00bb\u00a0s\u2019\u00e9merveille une \u00e9ditorialiste de BFM. Un miracle, m\u00eame\u00a0: \u00ab\u00a0Il y a moins d\u2019une semaine, S\u00e9bastien Lecornu \u00e9tait politiquement mort, et l\u00e0, il est ressuscit\u00e9\u00a0!\u00a0\u00bb\u00a0\u00c0 Matignon, la direction de la communication doit jubiler\u00a0: BFMTV fait leur travail avec un entrain certain.\u00a0\u00ab\u00a0Se montrer \u00e0 nu\u2026 Il prend cette d\u00e9cision\u2026 Savait-il qu\u2019il serait suivi tout le long du chemin\u00a0? Peut-\u00eatre pas\u00a0\u00bb, estime Roselyne Dubois.<\/p>\n<blockquote class=\"wp-block-quote is-layout-flow wp-block-quote-is-layout-flow\">\n<p>En expirant, la Ve R\u00e9publique offre des sketches dignes des plus grandes pi\u00e8ces de Samuel Beckett.<\/p>\n<\/blockquote>\n<p>Pens\u00e9es pour les journalistes reporters d\u2019images (ou \u00ab\u00a0JRIs\u00a0\u00bb) de BFMTV, qui n\u2019ont sans doute pas choisi d\u2019exercer le m\u00e9tier de journaliste pour filmer un tel cirque. Pens\u00e9es pour les t\u00e9l\u00e9spectateur.ices de la cha\u00eene d\u2019info, \u00e0 qui l\u2019on promet la \u00ab\u00a0priorit\u00e9 au direct\u00a0\u00bb pour ne leur servir qu\u2019un quart d\u2019heure de vide abyssal. Pens\u00e9es pour la Ve\u00a0R\u00e9publique, qui n\u2019en finit plus de mourir, et qui, en expirant, offre des sketches dignes des plus grandes pi\u00e8ces de Samuel Beckett.<\/p>\n<p>        <a href=\"https:\/\/www.politis.fr\/boutique\/\" target=\"_blank\" class=\"gt_abonnement\" rel=\"noopener\"><\/p>\n<p>            Recevez Politis chez vous chaque semaine !<\/p>\n<p>    <\/a><\/p>\n","protected":false},"excerpt":{"rendered":"Il est 12\u00a0h\u00a027, ce 16\u00a0octobre 2025, lorsque le premier ministre S\u00e9bastien Lecornu, qui vient de \u00ab\u00a0survivre\u00a0\u00bb \u00e0 une&hellip;\n","protected":false},"author":2,"featured_media":476860,"comment_status":"","ping_status":"","sticky":false,"template":"","format":"standard","meta":{"footnotes":""},"categories":[1888],"tags":[1111,1928,11,1927,1777,674,1011,27,500,12,1926,626,1925,25,11067,252],"class_list":{"0":"post-476859","1":"post","2":"type-post","3":"status-publish","4":"format-standard","5":"has-post-thumbnail","7":"category-paris","8":"tag-actu","9":"tag-actu-paris","10":"tag-actualites","11":"tag-actualites-paris","12":"tag-eu","13":"tag-europe","14":"tag-fr","15":"tag-france","16":"tag-medias","17":"tag-news","18":"tag-news-paris","19":"tag-paris","20":"tag-paris-news","21":"tag-republique-francaise","22":"tag-sebastien-lecornu","23":"tag-television"},"share_on_mastodon":{"url":"https:\/\/pubeurope.com\/@fr\/115406022828020919","error":""},"_links":{"self":[{"href":"https:\/\/www.europesays.com\/fr\/wp-json\/wp\/v2\/posts\/476859","targetHints":{"allow":["GET"]}}],"collection":[{"href":"https:\/\/www.europesays.com\/fr\/wp-json\/wp\/v2\/posts"}],"about":[{"href":"https:\/\/www.europesays.com\/fr\/wp-json\/wp\/v2\/types\/post"}],"author":[{"embeddable":true,"href":"https:\/\/www.europesays.com\/fr\/wp-json\/wp\/v2\/users\/2"}],"replies":[{"embeddable":true,"href":"https:\/\/www.europesays.com\/fr\/wp-json\/wp\/v2\/comments?post=476859"}],"version-history":[{"count":0,"href":"https:\/\/www.europesays.com\/fr\/wp-json\/wp\/v2\/posts\/476859\/revisions"}],"wp:featuredmedia":[{"embeddable":true,"href":"https:\/\/www.europesays.com\/fr\/wp-json\/wp\/v2\/media\/476860"}],"wp:attachment":[{"href":"https:\/\/www.europesays.com\/fr\/wp-json\/wp\/v2\/media?parent=476859"}],"wp:term":[{"taxonomy":"category","embeddable":true,"href":"https:\/\/www.europesays.com\/fr\/wp-json\/wp\/v2\/categories?post=476859"},{"taxonomy":"post_tag","embeddable":true,"href":"https:\/\/www.europesays.com\/fr\/wp-json\/wp\/v2\/tags?post=476859"}],"curies":[{"name":"wp","href":"https:\/\/api.w.org\/{rel}","templated":true}]}}