{"id":476862,"date":"2025-10-20T10:29:12","date_gmt":"2025-10-20T10:29:12","guid":{"rendered":"https:\/\/www.europesays.com\/fr\/476862\/"},"modified":"2025-10-20T10:29:12","modified_gmt":"2025-10-20T10:29:12","slug":"paris-la-ligne-6-du-metro-fermee-sur-pres-de-la-moitie-de-son-parcours-pendant-plusieurs-jours","status":"publish","type":"post","link":"https:\/\/www.europesays.com\/fr\/476862\/","title":{"rendered":"Paris\u00a0: la ligne 6 du m\u00e9tro ferm\u00e9e sur pr\u00e8s de la moiti\u00e9 de son parcours pendant plusieurs jours"},"content":{"rendered":"<p class=\"paragraph text_align_left lp-f-body-02\">Beaucoup ne s\u2019attendaient pas \u00e0 \u00e7a. Mais ce lundi matin, aucun m\u00e9tro n\u2019a circul\u00e9 sur la ligne 6 entre les stations La Motte Picquet-Grenelle <a href=\"https:\/\/www.leparisien.fr\/paris-75\/paris-75015\/\" target=\"_self\" rel=\"noopener\">(XVe arrondissement)<\/a> et Place d\u2019Italie <a href=\"https:\/\/www.leparisien.fr\/paris-75\/paris-75013\/\" target=\"_self\" rel=\"noopener\">(XIIIe)<\/a>. Une coupure qui intervient <a href=\"https:\/\/www.leparisien.fr\/info-paris-ile-de-france-oise\/transports\/ligne-6-rer-e-les-perturbations-du-week-end-des-18-et-19-octobre-dans-les-transports-17-10-2025-5Z6TGBJMERBW5F6VZEEB26UHVE.php\" target=\"_self\" rel=\"noopener\">au lendemain d\u2019un week-end de fermeture totale<\/a> de la ligne, en raison de travaux de modernisations.<\/p>\n<p class=\"paragraph text_align_left lp-f-body-02\">Pourtant, cette fermeture d\u2019ampleur, qui concerne 12 des 28 arr\u00eats de la ligne, va durer pendant une grande partie de ces vacances de la Toussaint. Car les op\u00e9rations dureront 11 jours, jusqu\u2019au 30 octobre.<\/p>\n<p>De travaux pour \u00ab renouvellement d\u2019appareils de voie \u00bb<\/p>\n<p class=\"paragraph text_align_left lp-f-body-02\">Sur son site Internet, la RATP explique que cette intervention doit permettre de poursuivre les travaux de modernisation de la ligne, apr\u00e8s <a href=\"https:\/\/www.leparisien.fr\/info-paris-ile-de-france-oise\/transports\/m-la-station-cambronne-est-fermee-trois-mois-pour-remplacer-les-escaliers-centenaires-du-metro-ligne-6-20-08-2025-IYOFL4FQLNFO5E3WNRPEO2MGIA.php\" target=\"_self\" rel=\"noopener\">la fermeture cet \u00e9t\u00e9 pendant trois mois de la station Cambronne<\/a> pour remplacer ses escaliers centenaires, mais aussi le \u00ab renouvellement d\u2019appareils de voie \u00bb.<\/p>\n<p class=\"paragraph text_align_left lp-f-body-02\">En attendant, plusieurs itin\u00e9raires bis sont propos\u00e9s aux voyageurs, notamment des bus de remplacement entre La Motte-Picquet-Grenelle et Montparnasse-Bienven\u00fce (VIe, XIVe, XVe) puis entre Denfert-Rochereau (XIVe) et Place d\u2019Italie. Deux trajets en bus entrecoup\u00e9s d\u2019un passage sur la ligne 4 sur quatre arr\u00eats.<\/p>\n<p class=\"paragraph text_align_left lp-f-body-02\">Sur le site de la RATP, plusieurs trajets alternatifs sont propos\u00e9s, notamment un encha\u00eenement ligne 12, ligne 4 et RER B pour aller de Pasteur \u00e0 Denfert-Rochereau. Des itin\u00e9raires loin d\u2019\u00eatre \u00e9vidents pour les habitu\u00e9s de la ligne.<\/p>\n<p>Des trajets jusqu\u2019\u00e0 trois fois plus longs<\/p>\n<p class=\"paragraph text_align_left lp-f-body-02\">C\u2019est le cas notamment de Florian, qui avait l\u2019habitude d\u2019aller de Daumesnil \u00e0 Bir-Hakeim directement gr\u00e2ce \u00e0 la 6. Sauf que ce matin, son trajet a \u00e9t\u00e9 quelque peu boulevers\u00e9. \u00ab C\u2019est le chaos l\u2019organisation ! Je suis parti \u00e0 8h35. Le bus \u00e9tait blind\u00e9 et en retard \u00e0 place d\u2019Italie. Il nous a l\u00e2ch\u00e9s \u00e0 Denfert puis j\u2019\u00e9tais oblig\u00e9 de prendre la 4, la 10 et enfin de finir par la 6. Et je n\u2019ai eu aucun message sur Citymapper (une application de calcul des trajets) ! \u00bb peste celui qui a mis trois fois plus de temps pour faire son trajet : \u00ab 1 h 10 de quai \u00e0 quai \u00bb, a-t-il calcul\u00e9.<\/p>\n<p class=\"paragraph text_align_left lp-f-body-02\">Surtout, la matin\u00e9e a \u00e9t\u00e9 encore plus compliqu\u00e9e que pr\u00e9vu, notamment sur la partie Est de la ligne. En effet, le trafic a \u00e9t\u00e9 interrompu entre 9h30 et 10 heures entre Bercy et Place d\u2019Italie en raison d\u2019un bagage oubli\u00e9 dans un train.<\/p>\n","protected":false},"excerpt":{"rendered":"Beaucoup ne s\u2019attendaient pas \u00e0 \u00e7a. Mais ce lundi matin, aucun m\u00e9tro n\u2019a circul\u00e9 sur la ligne 6&hellip;\n","protected":false},"author":2,"featured_media":476863,"comment_status":"","ping_status":"","sticky":false,"template":"","format":"standard","meta":{"footnotes":""},"categories":[1888],"tags":[11,1777,674,1011,27,1944,12,626,25,2382],"class_list":{"0":"post-476862","1":"post","2":"type-post","3":"status-publish","4":"format-standard","5":"has-post-thumbnail","7":"category-paris","8":"tag-actualites","9":"tag-eu","10":"tag-europe","11":"tag-fr","12":"tag-france","13":"tag-ma-ville","14":"tag-news","15":"tag-paris","16":"tag-republique-francaise","17":"tag-transport-idf-oise"},"share_on_mastodon":{"url":"","error":""},"_links":{"self":[{"href":"https:\/\/www.europesays.com\/fr\/wp-json\/wp\/v2\/posts\/476862","targetHints":{"allow":["GET"]}}],"collection":[{"href":"https:\/\/www.europesays.com\/fr\/wp-json\/wp\/v2\/posts"}],"about":[{"href":"https:\/\/www.europesays.com\/fr\/wp-json\/wp\/v2\/types\/post"}],"author":[{"embeddable":true,"href":"https:\/\/www.europesays.com\/fr\/wp-json\/wp\/v2\/users\/2"}],"replies":[{"embeddable":true,"href":"https:\/\/www.europesays.com\/fr\/wp-json\/wp\/v2\/comments?post=476862"}],"version-history":[{"count":0,"href":"https:\/\/www.europesays.com\/fr\/wp-json\/wp\/v2\/posts\/476862\/revisions"}],"wp:featuredmedia":[{"embeddable":true,"href":"https:\/\/www.europesays.com\/fr\/wp-json\/wp\/v2\/media\/476863"}],"wp:attachment":[{"href":"https:\/\/www.europesays.com\/fr\/wp-json\/wp\/v2\/media?parent=476862"}],"wp:term":[{"taxonomy":"category","embeddable":true,"href":"https:\/\/www.europesays.com\/fr\/wp-json\/wp\/v2\/categories?post=476862"},{"taxonomy":"post_tag","embeddable":true,"href":"https:\/\/www.europesays.com\/fr\/wp-json\/wp\/v2\/tags?post=476862"}],"curies":[{"name":"wp","href":"https:\/\/api.w.org\/{rel}","templated":true}]}}