{"id":476868,"date":"2025-10-20T10:32:12","date_gmt":"2025-10-20T10:32:12","guid":{"rendered":"https:\/\/www.europesays.com\/fr\/476868\/"},"modified":"2025-10-20T10:32:12","modified_gmt":"2025-10-20T10:32:12","slug":"un-contrat-pour-la-fourniture-de-25-systemes-patriot-a-lukraine-est-en-preparation-avec-les-etats-unis-selon-zelensky","status":"publish","type":"post","link":"https:\/\/www.europesays.com\/fr\/476868\/","title":{"rendered":"Un contrat pour la fourniture de 25 syst\u00e8mes Patriot \u00e0 l\u2019Ukraine est en pr\u00e9paration avec les \u00c9tats-Unis, selon Zelensky"},"content":{"rendered":"<p>AA \/ Istanbul \/ Burc Eruygur<\/p>\n<p>Le pr\u00e9sident ukrainien Volodymyr Zelensky a d\u00e9clar\u00e9 que son pays et les \u00c9tats-Unis pr\u00e9paraient un contrat pour la fourniture de 25 syst\u00e8mes de d\u00e9fense a\u00e9rienne Patriot \u00e0 Kiev.<\/p>\n<p>Selon des d\u00e9clarations aux journalistes publi\u00e9es lundi par les m\u00e9dias ukrainiens, y compris l&rsquo;agence de presse officielle Ukrinform, M. Zelensky a d\u00e9clar\u00e9 que Kiev avait \u00e9tabli des contacts avec des entreprises de d\u00e9fense concernant la d\u00e9fense a\u00e9rienne, en coordination avec les autorit\u00e9s am\u00e9ricaines comp\u00e9tentes.<\/p>\n<p>\u00ab Nous pr\u00e9parons un contrat pour 25 syst\u00e8mes Patriot. Je pense que c&rsquo;est une tr\u00e8s bonne nouvelle, m\u00eame si ce n&rsquo;est pas facile, mais c&rsquo;est un projet \u00e0 long terme \u00bb, a d\u00e9clar\u00e9 M. Zelensky, pr\u00e9cisant que la demande avait \u00e9t\u00e9 faite par l&rsquo;arm\u00e9e de l&rsquo;air ukrainienne.<\/p>\n<p>M. Zelensky a soulign\u00e9 qu&rsquo;il y avait une liste d&rsquo;attente pour la production des Patriot, comprenant les pays qui ont conclu les contrats correspondants avec le fabricant, ce qui signifie que Kiev recevra ces syst\u00e8mes chaque ann\u00e9e en quantit\u00e9s variables.<\/p>\n<p>\u00ab La Maison Blanche peut modifier la liste d&rsquo;attente s&rsquo;il y a une volont\u00e9 politique. Nous savons quels pays europ\u00e9ens peuvent nous donner la priorit\u00e9 dans la liste d&rsquo;attente. Il y a plus d&rsquo;optimisme sur cette question, nous travaillons actuellement \u00e0 obtenir les solutions n\u00e9cessaires \u00bb, a poursuivi Zelensky.<\/p>\n<p>Concernant la question d&rsquo;une \u00e9ventuelle livraison de missiles de croisi\u00e8re Tomahawk \u00e0 longue port\u00e9e \u00e0 l&rsquo;Ukraine par les \u00c9tats-Unis, Zelensky a d\u00e9clar\u00e9 qu&rsquo;il pensait que son homologue russe Vladimir Poutine avait appel\u00e9 le pr\u00e9sident am\u00e9ricain Donald Trump jeudi dernier en raison de ses d\u00e9clarations sur le sujet.<\/p>\n<p>Il a affirm\u00e9 que la position de la Russie sur le retrait ukrainien de la r\u00e9gion du Donbas n&rsquo;avait pas chang\u00e9, ajoutant qu&rsquo;il avait expliqu\u00e9 \u00e0 Trump lors de leur rencontre vendredi \u00e0 Washington que la position de Kiev \u00e0 cet \u00e9gard n&rsquo;avait pas chang\u00e9 non plus.<\/p>\n<p>En ao\u00fbt, Zelensky a ni\u00e9 que Kiev c\u00e9derait la r\u00e9gion orientale \u00e0 Moscou en \u00e9change d&rsquo;un cessez-le-feu, arguant que cela \u00ab ouvrirait une t\u00eate de pont \u00bb \u00e0 la Russie pour une future offensive contre son pays.<\/p>\n<p>* Traduit de l&rsquo;anglais par Serap Dogansoy <\/p>\n<p>                            &#13;<br \/>\n                                <a href=\"https:\/\/www.aa.com.tr\/fr\/p\/abonnement\/1001\" target=\"_blank\" style=\"font-size:12px; color:#444; text-decoration:none;\" rel=\"nofollow noopener\">&#13;<br \/>\n                                    Seulement une partie des d\u00e9p\u00eaches, que l&rsquo;Agence Anadolu diffuse \u00e0 ses abonn\u00e9s via le Syst\u00e8me de Diffusion interne (HAS), est diffus\u00e9e sur le site de l&rsquo;AA, de mani\u00e8re r\u00e9sum\u00e9e. <b style=\"color:#1897F7\">Contactez-nous s&rsquo;il vous pla\u00eet pour vous abonner.<\/b>&#13;<br \/>\n                                <\/a>&#13;<\/p>\n","protected":false},"excerpt":{"rendered":"AA \/ Istanbul \/ Burc Eruygur Le pr\u00e9sident ukrainien Volodymyr Zelensky a d\u00e9clar\u00e9 que son pays et les&hellip;\n","protected":false},"author":2,"featured_media":476869,"comment_status":"","ping_status":"","sticky":false,"template":"","format":"standard","meta":{"footnotes":""},"categories":[1589],"tags":[11,1785,60059,60060,73,1866,11229,12,220,1864,1865,1863,308,134],"class_list":{"0":"post-476868","1":"post","2":"type-post","3":"status-publish","4":"format-standard","5":"has-post-thumbnail","7":"category-etats-unis","8":"tag-actualites","9":"tag-anadolu-ajansi","10":"tag-dfense-arienne","11":"tag-donbas","12":"tag-etats-unis","13":"tag-etats-unis-damerique","14":"tag-kiev","15":"tag-news","16":"tag-ukraine","17":"tag-united-states","18":"tag-united-states-of-america","19":"tag-us","20":"tag-usa","21":"tag-volodymyr-zelensky"},"share_on_mastodon":{"url":"https:\/\/pubeurope.com\/@fr\/115406041541936353","error":""},"_links":{"self":[{"href":"https:\/\/www.europesays.com\/fr\/wp-json\/wp\/v2\/posts\/476868","targetHints":{"allow":["GET"]}}],"collection":[{"href":"https:\/\/www.europesays.com\/fr\/wp-json\/wp\/v2\/posts"}],"about":[{"href":"https:\/\/www.europesays.com\/fr\/wp-json\/wp\/v2\/types\/post"}],"author":[{"embeddable":true,"href":"https:\/\/www.europesays.com\/fr\/wp-json\/wp\/v2\/users\/2"}],"replies":[{"embeddable":true,"href":"https:\/\/www.europesays.com\/fr\/wp-json\/wp\/v2\/comments?post=476868"}],"version-history":[{"count":0,"href":"https:\/\/www.europesays.com\/fr\/wp-json\/wp\/v2\/posts\/476868\/revisions"}],"wp:featuredmedia":[{"embeddable":true,"href":"https:\/\/www.europesays.com\/fr\/wp-json\/wp\/v2\/media\/476869"}],"wp:attachment":[{"href":"https:\/\/www.europesays.com\/fr\/wp-json\/wp\/v2\/media?parent=476868"}],"wp:term":[{"taxonomy":"category","embeddable":true,"href":"https:\/\/www.europesays.com\/fr\/wp-json\/wp\/v2\/categories?post=476868"},{"taxonomy":"post_tag","embeddable":true,"href":"https:\/\/www.europesays.com\/fr\/wp-json\/wp\/v2\/tags?post=476868"}],"curies":[{"name":"wp","href":"https:\/\/api.w.org\/{rel}","templated":true}]}}