{"id":476880,"date":"2025-10-20T10:39:10","date_gmt":"2025-10-20T10:39:10","guid":{"rendered":"https:\/\/www.europesays.com\/fr\/476880\/"},"modified":"2025-10-20T10:39:10","modified_gmt":"2025-10-20T10:39:10","slug":"le-gouvernement-veut-autoriser-la-genealogie-genetique-pour-resoudre-les-cold-cases","status":"publish","type":"post","link":"https:\/\/www.europesays.com\/fr\/476880\/","title":{"rendered":"le gouvernement veut autoriser la g\u00e9n\u00e9alogie g\u00e9n\u00e9tique pour r\u00e9soudre les \u201ccold cases\u201d"},"content":{"rendered":"<p>AA \/ Istanbul \/ Serap Dogansoy<\/p>\n<p>Le ministre de la Justice G\u00e9rald Darmanin a annonc\u00e9 lundi vouloir introduire dans la loi la g\u00e9n\u00e9alogie g\u00e9n\u00e9tique, une technique permettant de comparer les traces ADN de sc\u00e8nes de crime avec celles issues de bases de donn\u00e9es priv\u00e9es. Interdite jusqu\u2019ici en France, elle est largement utilis\u00e9e aux \u00c9tats-Unis, o\u00f9 \u00ab une affaire criminelle par semaine est r\u00e9solue gr\u00e2ce \u00e0 cela \u00bb, selon le ministre. \u00ab Par respect pour les victimes, nous devons renforcer les moyens attribu\u00e9s au p\u00f4le \u201ccold cases\u201d \u00bb, a d\u00e9clar\u00e9 le ministre sur le r\u00e9seau social X bas\u00e9 aux \u00c9tats\u2011Unis.<\/p>\n<p>\u00ab Il y a plus de 50 000 traces ADN dans le FNAEG qui ne trouvent pas preneur. Si nous autorisons la g\u00e9n\u00e9alogie g\u00e9n\u00e9tique, nous pourrions r\u00e9soudre une partie de ces crimes \u00bb, a d\u00e9clar\u00e9 M. Darmanin, qui se rendra mardi au p\u00f4le \u201ccold cases\u201d de Nanterre.<\/p>\n<p>Le minist\u00e8re de la Justice pr\u00e9cise que l\u2019usage de cette m\u00e9thode sera strictement encadr\u00e9. Elle sera r\u00e9serv\u00e9e aux crimes les plus graves (meurtres, viols, enl\u00e8vements) et soumis au contr\u00f4le d\u2019un juge.<\/p>\n<p>D\u00e9j\u00e0 exp\u00e9riment\u00e9e dans l\u2019affaire du \u201cpr\u00e9dateur des bois\u201d en collaboration avec le FBI, la g\u00e9n\u00e9alogie g\u00e9n\u00e9tique pourrait, selon le ministre, permettre d\u2019\u00e9lucider plus de trente dossiers actuellement trait\u00e9s par le p\u00f4le des affaires non r\u00e9solues.<\/p>\n<p>Cr\u00e9\u00e9 en 2022, ce p\u00f4le regroupe des magistrats sp\u00e9cialis\u00e9s charg\u00e9s de rouvrir des enqu\u00eates anciennes. Il traite plusieurs centaines de dossiers, certains vieux de plusieurs d\u00e9cennies.<\/p>\n<p>Mais cette technique suscite aussi des inqui\u00e9tudes \u00e9thiques et juridiques. Des experts de la Commission nationale informatique et libert\u00e9s (CNIL) alertent sur les risques li\u00e9s \u00e0 la conservation et au partage des donn\u00e9es g\u00e9n\u00e9tiques, notamment en cas de piratage ou de rachat des entreprises concern\u00e9es.<\/p>\n<p>                            &#13;<br \/>\n                                <a href=\"https:\/\/www.aa.com.tr\/fr\/p\/abonnement\/1001\" target=\"_blank\" style=\"font-size:12px; color:#444; text-decoration:none;\" rel=\"nofollow noopener\">&#13;<br \/>\n                                    Seulement une partie des d\u00e9p\u00eaches, que l&rsquo;Agence Anadolu diffuse \u00e0 ses abonn\u00e9s via le Syst\u00e8me de Diffusion interne (HAS), est diffus\u00e9e sur le site de l&rsquo;AA, de mani\u00e8re r\u00e9sum\u00e9e. <b style=\"color:#1897F7\">Contactez-nous s&rsquo;il vous pla\u00eet pour vous abonner.<\/b>&#13;<br \/>\n                                <\/a>&#13;<\/p>\n","protected":false},"excerpt":{"rendered":"AA \/ Istanbul \/ Serap Dogansoy Le ministre de la Justice G\u00e9rald Darmanin a annonc\u00e9 lundi vouloir introduire&hellip;\n","protected":false},"author":2,"featured_media":476881,"comment_status":"","ping_status":"","sticky":false,"template":"","format":"standard","meta":{"footnotes":""},"categories":[4],"tags":[11,60061,1785,60062,1011,27,60063,60064,303,12,25],"class_list":{"0":"post-476880","1":"post","2":"type-post","3":"status-publish","4":"format-standard","5":"has-post-thumbnail","7":"category-france","8":"tag-actualites","9":"tag-adn-prives","10":"tag-anadolu-ajansi","11":"tag-cold-cases","12":"tag-fr","13":"tag-france","14":"tag-gnalogie-gntique","15":"tag-grald-darmanin","16":"tag-justice","17":"tag-news","18":"tag-republique-francaise"},"share_on_mastodon":{"url":"https:\/\/pubeurope.com\/@fr\/115406069619472596","error":""},"_links":{"self":[{"href":"https:\/\/www.europesays.com\/fr\/wp-json\/wp\/v2\/posts\/476880","targetHints":{"allow":["GET"]}}],"collection":[{"href":"https:\/\/www.europesays.com\/fr\/wp-json\/wp\/v2\/posts"}],"about":[{"href":"https:\/\/www.europesays.com\/fr\/wp-json\/wp\/v2\/types\/post"}],"author":[{"embeddable":true,"href":"https:\/\/www.europesays.com\/fr\/wp-json\/wp\/v2\/users\/2"}],"replies":[{"embeddable":true,"href":"https:\/\/www.europesays.com\/fr\/wp-json\/wp\/v2\/comments?post=476880"}],"version-history":[{"count":0,"href":"https:\/\/www.europesays.com\/fr\/wp-json\/wp\/v2\/posts\/476880\/revisions"}],"wp:featuredmedia":[{"embeddable":true,"href":"https:\/\/www.europesays.com\/fr\/wp-json\/wp\/v2\/media\/476881"}],"wp:attachment":[{"href":"https:\/\/www.europesays.com\/fr\/wp-json\/wp\/v2\/media?parent=476880"}],"wp:term":[{"taxonomy":"category","embeddable":true,"href":"https:\/\/www.europesays.com\/fr\/wp-json\/wp\/v2\/categories?post=476880"},{"taxonomy":"post_tag","embeddable":true,"href":"https:\/\/www.europesays.com\/fr\/wp-json\/wp\/v2\/tags?post=476880"}],"curies":[{"name":"wp","href":"https:\/\/api.w.org\/{rel}","templated":true}]}}