{"id":476893,"date":"2025-10-20T10:49:11","date_gmt":"2025-10-20T10:49:11","guid":{"rendered":"https:\/\/www.europesays.com\/fr\/476893\/"},"modified":"2025-10-20T10:49:11","modified_gmt":"2025-10-20T10:49:11","slug":"giulia-sarkozy-a-14-ans-ce-message-edifiant-de-carla-bruni-pour-lui-souhaiter-un-joyeux-anniversaire","status":"publish","type":"post","link":"https:\/\/www.europesays.com\/fr\/476893\/","title":{"rendered":"Giulia Sarkozy a 14 ans : ce message \u00e9difiant de Carla Bruni pour lui souhaiter un joyeux anniversaire"},"content":{"rendered":"<p>Ce dimanche 19 octobre 2025, <strong>Giulia Sarkozy c\u00e9l\u00e9brait<br \/>\nses 14 ans.<\/strong> Un <a href=\"https:\/\/www.closermag.fr\/people\/pas-besoin-damour-tant-que-meconnaissable-pour-son-anniversaire-giulia-sarkozy-sest-fait-plaisir-video-3585707\" rel=\"nofollow noopener\" target=\"_blank\"><br \/>\nanniversaire<\/a> forc\u00e9ment particulier pour l\u2019adolescente, survenu<br \/>\n\u00e0 seulement <strong>deux jours de l\u2019incarc\u00e9ration de son<br \/>\np\u00e8re<\/strong>, <a href=\"https:\/\/www.closermag.fr\/politique\/cest-carla-qui-telephone-a-la-veille-de-lentree-en-prison-de-nicolas-sarkozy-un-ami-bien-connu-lache-des-indiscretions-3587737\" rel=\"nofollow noopener\" target=\"_blank\"><br \/>\nNicolas Sarkozy,<\/a> attendu \u00e0 la prison de la Sant\u00e9 le mardi 21<br \/>\noctobre dans le cadre de l\u2019affaire des financements libyens<br \/>\npr\u00e9sum\u00e9s. Face \u00e0 cette p\u00e9riode difficile, sa m\u00e8re Carla Bruni a<br \/>\ntenu \u00e0 marquer cette journ\u00e9e avec tendresse et courage.<\/p>\n<p>Sur son compte Instagram, <a href=\"https:\/\/www.closermag.fr\/politique\/jespere-que-vous-navez-pas-retenu-que-ca-linvite-de-benjamin-duhamel-conscient-den-avoir-peut-etre-trop-dit-3587734\" rel=\"nofollow noopener\" target=\"_blank\"><br \/>\nl\u2019ancienne Premi\u00e8re dame<\/a> a partag\u00e9 une photo \u00e9mouvante de sa<br \/>\nfille, posant aupr\u00e8s d\u2019un cheval, accompagn\u00e9e d\u2019un message aussi<br \/>\ndoux que bouleversant. \u201cJoyeux anniversaire \u00e0 la plus<br \/>\nmerveilleuse des filles, cette ann\u00e9e <strong>ce n\u2019est pas un<br \/>\nanniversaire facile<\/strong> mais tu es si forte et vaillante\u2026<br \/>\nMerci d\u2019exister ma @giulia.sarkozy, c\u2019est un bonheur d\u2019\u00eatre ta<br \/>\nm\u00e8re\u201d, a-t-elle \u00e9crit.<\/p>\n<p>Une d\u00e9claration de m\u00e8re remplie d\u2019amour et d\u2019admiration<\/p>\n<p>Sous cette publication sobre et pleine de sinc\u00e9rit\u00e9, Carla Bruni<br \/>\nlaisse transpara\u00eetre toute la fiert\u00e9 et la force maternelle qui la<br \/>\ncaract\u00e9risent. L\u2019ancienne mannequin et chanteuse \u00e9voque \u00e0 demi-mot<br \/>\nles \u00e9preuves que traverse sa famille, tout en soulignant <strong>le<br \/>\ncourage de sa fille.<\/strong> En quelques mots, elle exprime un<br \/>\namour inconditionnel, empreint de bienveillance et d\u2019une pudeur<br \/>\ntouchante : un message \u00e0 la fois intime et universel, qui a<br \/>\nprofond\u00e9ment \u00e9mu ses abonn\u00e9s.<\/p>\n<blockquote class=\"instagram-media\" style=\"background: #ffffff;border: 0;margin: 1px;width: 100%;padding: 0;max-width: 500px;\" data-instgrm-permalink=\"https:\/\/www.instagram.com\/p\/DP_uDJaCAul\/\" data-instgrm-version=\"14\"\/>\n<p>Cette publication prend une r\u00e9sonance particuli\u00e8re alors que le<br \/>\nclimat autour de la <a href=\"https:\/\/www.closermag.fr\/people\/nicolas-sarkozy-son-fils-louis-pret-a-tout-pour-lui-eviter-la-prison-cet-appel-qui-risque-de-faire-du-grabuge-3587437\" rel=\"nofollow noopener\" target=\"_blank\"><br \/>\nfamille Sarkozy<\/a> est lourd. Nicolas Sarkozy, condamn\u00e9 \u00e0 une<br \/>\npeine de prison ferme, s\u2019appr\u00eate \u00e0 \u00eatre incarc\u00e9r\u00e9. Carla Bruni,<br \/>\ntr\u00e8s discr\u00e8te depuis l\u2019annonce du jugement, semble vouloir<br \/>\n<strong>prot\u00e9ger sa fille autant que possible.\u00a0<\/strong><\/p>\n<p>Une complicit\u00e9 intacte entre m\u00e8re et<br \/>\nfille<\/p>\n<p>En rendant ce message public, elle choisit de mettre en avant la<br \/>\nlumi\u00e8re de <a href=\"https:\/\/www.closermag.fr\/people\/giulia-a-un-peu-pleure-confidence-sur-le-clan-sarkozy-apres-la-condamnation-de-nicolas-3583462\" rel=\"nofollow noopener\" target=\"_blank\"><br \/>\nGiulia<\/a>, symbole d\u2019espoir et d\u2019\u00e9quilibre au sein du foyer. De<br \/>\nnombreux internautes, anonymes comme personnalit\u00e9s, ont d\u2019ailleurs<br \/>\nsalu\u00e9 la dignit\u00e9 et la tendresse de cette <strong>d\u00e9claration<br \/>\nmaternelle.<\/strong> Tr\u00e8s proches, Carla Bruni et Giulia partagent<br \/>\nsouvent des moments complices, que la chanteuse immortalise sur les<br \/>\nr\u00e9seaux sociaux avec po\u00e9sie.<\/p>\n<p><a href=\"https:\/\/www.closermag.fr\/people\/billet-giulia-sarkozy-a-deja-tout-dune-it-girl-a-14-ans-et-voici-pourquoi-ca-me-gene-3565111\" rel=\"nofollow noopener\" target=\"_blank\"><br \/>\nGiulia Sarkozy<\/a>, n\u00e9e en 2011 de l\u2019union entre l\u2019artiste et<br \/>\nl\u2019ancien pr\u00e9sident de la R\u00e9publique, grandit loin des cam\u00e9ras, dans<br \/>\nun cadre prot\u00e9g\u00e9. En cette p\u00e9riode d\u00e9licate, ce message<br \/>\nd\u2019anniversaire r\u00e9sonne comme une bulle d\u2019amour et de douceur, un<br \/>\nrappel que, malgr\u00e9 les temp\u00eates, la tendresse d\u2019une m\u00e8re demeure la<br \/>\nplus belle des forces.<\/p>\n<p><script async src=\"\/\/www.instagram.com\/embed.js\"><\/script><\/p>\n","protected":false},"excerpt":{"rendered":"Ce dimanche 19 octobre 2025, Giulia Sarkozy c\u00e9l\u00e9brait ses 14 ans. Un anniversaire forc\u00e9ment particulier pour l\u2019adolescente, survenu&hellip;\n","protected":false},"author":2,"featured_media":476894,"comment_status":"","ping_status":"","sticky":false,"template":"","format":"standard","meta":{"footnotes":""},"categories":[1359],"tags":[15511,58,59,1011,27,14545,3091,973],"class_list":{"0":"post-476893","1":"post","2":"type-post","3":"status-publish","4":"format-standard","5":"has-post-thumbnail","7":"category-people","8":"tag-carla-bruni-sarkozy","9":"tag-divertissement","10":"tag-entertainment","11":"tag-fr","12":"tag-france","13":"tag-giulia-sarkozy","14":"tag-nicolas-sarkozy","15":"tag-people"},"share_on_mastodon":{"url":"https:\/\/pubeurope.com\/@fr\/115406108450144903","error":""},"_links":{"self":[{"href":"https:\/\/www.europesays.com\/fr\/wp-json\/wp\/v2\/posts\/476893","targetHints":{"allow":["GET"]}}],"collection":[{"href":"https:\/\/www.europesays.com\/fr\/wp-json\/wp\/v2\/posts"}],"about":[{"href":"https:\/\/www.europesays.com\/fr\/wp-json\/wp\/v2\/types\/post"}],"author":[{"embeddable":true,"href":"https:\/\/www.europesays.com\/fr\/wp-json\/wp\/v2\/users\/2"}],"replies":[{"embeddable":true,"href":"https:\/\/www.europesays.com\/fr\/wp-json\/wp\/v2\/comments?post=476893"}],"version-history":[{"count":0,"href":"https:\/\/www.europesays.com\/fr\/wp-json\/wp\/v2\/posts\/476893\/revisions"}],"wp:featuredmedia":[{"embeddable":true,"href":"https:\/\/www.europesays.com\/fr\/wp-json\/wp\/v2\/media\/476894"}],"wp:attachment":[{"href":"https:\/\/www.europesays.com\/fr\/wp-json\/wp\/v2\/media?parent=476893"}],"wp:term":[{"taxonomy":"category","embeddable":true,"href":"https:\/\/www.europesays.com\/fr\/wp-json\/wp\/v2\/categories?post=476893"},{"taxonomy":"post_tag","embeddable":true,"href":"https:\/\/www.europesays.com\/fr\/wp-json\/wp\/v2\/tags?post=476893"}],"curies":[{"name":"wp","href":"https:\/\/api.w.org\/{rel}","templated":true}]}}