{"id":476895,"date":"2025-10-20T10:50:13","date_gmt":"2025-10-20T10:50:13","guid":{"rendered":"https:\/\/www.europesays.com\/fr\/476895\/"},"modified":"2025-10-20T10:50:13","modified_gmt":"2025-10-20T10:50:13","slug":"6-choses-que-vous-ne-saviez-peut-etre-pas-sur-lui","status":"publish","type":"post","link":"https:\/\/www.europesays.com\/fr\/476895\/","title":{"rendered":"6 choses que vous ne saviez (peut-\u00eatre) pas sur lui"},"content":{"rendered":"<p class=\"editor-content__paragraph\">85\u00a0ans de carri\u00e8re sur 102\u00a0ans de vie\u2026 Voici ce qui frappe d\u2019embl\u00e9e quand on s\u2019attache \u00e0 la figure de <strong><a href=\"https:\/\/www.beauxarts.com\/grand-format\/pierre-soulages-en-2-minutes\/\" target=\"_blank\" rel=\"noopener\">Pierre Soulages<\/a><\/strong>, lequel aura travers\u00e9 tout un si\u00e8cle, et m\u00eame un peu plus, par sa cr\u00e9ation. Il serait r\u00e9ducteur de limiter son nom \u00e0 une \u00e9tiquette, de <strong>membre \u00e9minent de la Nouvelle \u00c9cole de Paris<\/strong> ou de repr\u00e9sentant de <strong>l\u2019<a href=\"https:\/\/www.beauxarts.com\/grand-format\/labstraction-lyrique-en-2-minutes\/\" target=\"_blank\" rel=\"noopener\">abstraction lyrique<\/a><\/strong>.<\/p>\n<p class=\"editor-content__paragraph\">Soulages, c\u2019est d\u2019abord un <strong>monument intemporel et atypique<\/strong> de la peinture fran\u00e7aise, c\u00e9l\u00e9br\u00e9 de son vivant par une grande r\u00e9trospective au Centre Pompidou (2009\u20132010) et m\u00eame par l\u2019ouverture d\u2019<strong>un mus\u00e9e \u00e0 son nom \u00e0 Rodez<\/strong>, dans sa r\u00e9gion natale de l\u2019Aveyron (2014). Un peintre avant tout <strong>associ\u00e9 au noir\u00a0<\/strong>; mais par-del\u00e0 cette (non-)couleur, c\u2019est <strong>la lumi\u00e8re<\/strong> qui \u00e9tait son v\u00e9ritable sujet.<\/p>\n<p>1. Admis au Beaux-Arts de Paris, il y renonce pour rester \u00e0 Rodez<\/p>\n<p>            <strong>Continuez votre lecture<\/strong><\/p>\n<p>\n                et acc\u00e9dez \u00e0 Beaux Arts Magazine<br \/>et \u00e0 tous les contenus web<br \/><strong>en illimit\u00e9 \u00e0 partir de 5,75\u20ac \/ mois<\/strong>\n            <\/p>\n<p class=\"cta-abonnement__log-in\">\n        D\u00e9j\u00e0 abonn\u00e9 ?        <a data-id=\"aHR0cHM6Ly93d3cuYmVhdXhhcnRzLmNvbS9tb24tY29tcHRlLw==\">Connectez-vous<\/a>\n    <\/p>\n<p>            <img data-vllblanksrc=\"https:\/\/www.beauxarts.com\/grand-format\/ce-que-vous-ne-saviez-peut-etre-pas-sur-pierre-soulages\/1\" data-vllsrc=\"https:\/\/www.europesays.com\/fr\/wp-content\/uploads\/2025\/10\/couv-bam-497-232x300.png\" alt=\"\"\/><img data-vllblanksrc=\"https:\/\/www.beauxarts.com\/grand-format\/ce-que-vous-ne-saviez-peut-etre-pas-sur-pierre-soulages\/1\" data-vllsrc=\"https:\/\/www.europesays.com\/fr\/wp-content\/uploads\/2025\/10\/couv-bam-496-232x300.png\" alt=\"\"\/>        <\/p>\n","protected":false},"excerpt":{"rendered":"85\u00a0ans de carri\u00e8re sur 102\u00a0ans de vie\u2026 Voici ce qui frappe d\u2019embl\u00e9e quand on s\u2019attache \u00e0 la figure&hellip;\n","protected":false},"author":2,"featured_media":476896,"comment_status":"","ping_status":"","sticky":false,"template":"","format":"standard","meta":{"footnotes":""},"categories":[1358],"tags":[1396,1348,1384,1385,1386,58,59,1011,27,1585,54132],"class_list":{"0":"post-476895","1":"post","2":"type-post","3":"status-publish","4":"format-standard","5":"has-post-thumbnail","7":"category-arts-et-design","8":"tag-art-contemporain","9":"tag-arts","10":"tag-arts-and-design","11":"tag-arts-et-design","12":"tag-design","13":"tag-divertissement","14":"tag-entertainment","15":"tag-fr","16":"tag-france","17":"tag-peinture","18":"tag-secrets-dartistes"},"share_on_mastodon":{"url":"https:\/\/pubeurope.com\/@fr\/115406112302440488","error":""},"_links":{"self":[{"href":"https:\/\/www.europesays.com\/fr\/wp-json\/wp\/v2\/posts\/476895","targetHints":{"allow":["GET"]}}],"collection":[{"href":"https:\/\/www.europesays.com\/fr\/wp-json\/wp\/v2\/posts"}],"about":[{"href":"https:\/\/www.europesays.com\/fr\/wp-json\/wp\/v2\/types\/post"}],"author":[{"embeddable":true,"href":"https:\/\/www.europesays.com\/fr\/wp-json\/wp\/v2\/users\/2"}],"replies":[{"embeddable":true,"href":"https:\/\/www.europesays.com\/fr\/wp-json\/wp\/v2\/comments?post=476895"}],"version-history":[{"count":0,"href":"https:\/\/www.europesays.com\/fr\/wp-json\/wp\/v2\/posts\/476895\/revisions"}],"wp:featuredmedia":[{"embeddable":true,"href":"https:\/\/www.europesays.com\/fr\/wp-json\/wp\/v2\/media\/476896"}],"wp:attachment":[{"href":"https:\/\/www.europesays.com\/fr\/wp-json\/wp\/v2\/media?parent=476895"}],"wp:term":[{"taxonomy":"category","embeddable":true,"href":"https:\/\/www.europesays.com\/fr\/wp-json\/wp\/v2\/categories?post=476895"},{"taxonomy":"post_tag","embeddable":true,"href":"https:\/\/www.europesays.com\/fr\/wp-json\/wp\/v2\/tags?post=476895"}],"curies":[{"name":"wp","href":"https:\/\/api.w.org\/{rel}","templated":true}]}}