{"id":476905,"date":"2025-10-20T10:55:10","date_gmt":"2025-10-20T10:55:10","guid":{"rendered":"https:\/\/www.europesays.com\/fr\/476905\/"},"modified":"2025-10-20T10:55:10","modified_gmt":"2025-10-20T10:55:10","slug":"pourquoi-le-cancer-du-sein-gagne-du-terrain-chez-les-femmes-jeunes","status":"publish","type":"post","link":"https:\/\/www.europesays.com\/fr\/476905\/","title":{"rendered":"Pourquoi le cancer du sein gagne du terrain chez les femmes jeunes"},"content":{"rendered":"<p>    Une jeune femme pratiquant une mammographie.<br \/>\n                Gorodenkoff \/ stock.adobe.com<\/p>\n<p>\n    <strong>D\u00c9CRYPTAGE<\/strong> &#8211; Une vaste \u00e9tude fran\u00e7aise confirme que l\u2019incidence du cancer du sein avant 50 ans\u00a0a bel et bien augment\u00e9 de fa\u00e7on continue depuis trente ans.<\/p>\n<p class=\"fig-paragraph\">Le\u00a0<a href=\"http:\/\/sante.lefigaro.fr\/social\/sante-publique\/cancer-du-sein-garantir-a-toutes-les-femmes-l-acces-a-la-medecine-personnalisee-grace-aux-signatures-genomiques-20251010\" data-fig-type=\"Article\" data-gtm-custom-categorie=\"navigation\" data-gtm-custom-action=\"crossclick\" data-gtm-custom-label=\"Contextuel\" data-gtm-event=\"customEventSPE\" data-fig-domain=\"SANTE\" target=\"_blank\" rel=\"noopener\">cancer du sein\u00a0<\/a>n\u2019est plus seulement une affaire de femmes m\u00fbres. De plus en plus de jeunes femmes, parfois trentenaires, apprennent qu\u2019elles sont touch\u00e9es. Selon une \u00e9tude de la Soci\u00e9t\u00e9 fran\u00e7aise de m\u00e9decine pr\u00e9dictive et personnalis\u00e9e (SFMPP), r\u00e9alis\u00e9e \u00e0 partir des registres du r\u00e9seau Francim en partenariat avec l\u2019Institut national du cancer (Inca) et Sant\u00e9 publique France, l\u2019incidence du\u00a0<a href=\"http:\/\/sante.lefigaro.fr\/social\/sante-publique\/faut-il-abaisser-l-age-de-depistage-du-cancer-du-sein-avant-50-ans-20250204\" data-fig-type=\"Article\" data-gtm-custom-categorie=\"navigation\" data-gtm-custom-action=\"crossclick\" data-gtm-custom-label=\"Contextuel\" data-gtm-event=\"customEventSPE\" data-fig-domain=\"SANTE\" target=\"_blank\" rel=\"noopener\">cancer du sein avant 50 ans\u00a0<\/a>a bel et bien augment\u00e9 de fa\u00e7on continue depuis trente ans en France.<\/p>\n<p class=\"fig-paragraph\">\u00ab On observe une augmentation du cancer du sein dans toutes les tranches d\u2019\u00e2ge, mais particuli\u00e8rement marqu\u00e9e chez les femmes jeunes. Quelle que soit la tranche d\u2019\u00e2ge, 30-35 ans ou 35-40 ans, la progression est nette et r\u00e9guli\u00e8re, de l\u2019ordre de 1 \u00e0 1,5 % par an \u00bb, pr\u00e9cise le Pr Pascal Pujol, oncog\u00e9n\u00e9ticien et principal auteur de l\u2019\u00e9tude. Entre 1990 et 2023, le nombre de cas diagnostiqu\u00e9s chaque ann\u00e9e chez les 20-39 ans est ainsi pass\u00e9 de 2000 \u00e0 3000. Une tendance observ\u00e9e \u00e9galement aux \u00c9tats-Unis, au Royaume-Uni\u2026<\/p>\n<p class=\"fig-premium-paywall__infos\">\n        Cet article est r\u00e9serv\u00e9 aux abonn\u00e9s.        Il vous reste 78% \u00e0 d\u00e9couvrir.\n    <\/p>\n<p>                <img  data- alt=\"Le Figaro\" class=\"fig-img--complete fig-img\"\/><\/p>\n<p class=\"fig-premium-paywall__title\">Vous avez envie de lire la suite ?<\/p>\n<p class=\"fig-premium-paywall__subtitle\">D\u00e9bloquez tous les articles imm\u00e9diatement.<\/p>\n<p class=\"fig-premium-paywall__connect\">\n                D\u00e9j\u00e0 abonn\u00e9\u00a0?                <a class=\"fig-premium-paywall__connect-link\" href=\"https:\/\/connect.lefigaro.fr\/login?client=sante_web&amp;type=main&amp;redirect_uri=https%3A%2F%2Fsante.lefigaro.fr%2Fsocial%2Fsante-publique%2Fpourquoi-le-cancer-du-sein-gagne-du-terrain-chez-les-femmes-jeunes-20251020\" data-js-gtm=\"{&quot;customCategorie&quot;: &quot;conversion&quot;, &quot;customAction&quot;: &quot;before_Landing_Connexion_paywall_auto&quot;, &quot;customLabel&quot;: &quot;c2FudGUubGVmaWdhcm8uZnJfXzFmMGFiM2E1LWE1M2UtNjZjYS1iNTM3LWY5MmI3MWVmN2NjYV9fQXJ0aWNsZQ==_Pourquoi le cancer du sein gagne du terrain chez les femmes jeunes_507&quot;, &quot;customIDSPE&quot;: &quot;c2FudGUubGVmaWdhcm8uZnJfXzFmMGFiM2E1LWE1M2UtNjZjYS1iNTM3LWY5MmI3MWVmN2NjYV9fQXJ0aWNsZQ==&quot;, &quot;event&quot;: &quot;customEventSPE&quot;}\" target=\"_blank\" rel=\"noopener\"><br \/>\n                    Connectez-vous<br \/>\n                <\/a>\n            <\/p>\n","protected":false},"excerpt":{"rendered":"Une jeune femme pratiquant une mammographie. Gorodenkoff \/ stock.adobe.com D\u00c9CRYPTAGE &#8211; Une vaste \u00e9tude fran\u00e7aise confirme que l\u2019incidence&hellip;\n","protected":false},"author":2,"featured_media":476906,"comment_status":"","ping_status":"","sticky":false,"template":"","format":"standard","meta":{"footnotes":""},"categories":[10],"tags":[2776,60065,1011,27,72,71],"class_list":{"0":"post-476905","1":"post","2":"type-post","3":"status-publish","4":"format-standard","5":"has-post-thumbnail","7":"category-sante","8":"tag-cancer-du-sein","9":"tag-depistage-du-cancer-du-sein","10":"tag-fr","11":"tag-france","12":"tag-health","13":"tag-sante"},"share_on_mastodon":{"url":"https:\/\/pubeurope.com\/@fr\/115406131949341772","error":""},"_links":{"self":[{"href":"https:\/\/www.europesays.com\/fr\/wp-json\/wp\/v2\/posts\/476905","targetHints":{"allow":["GET"]}}],"collection":[{"href":"https:\/\/www.europesays.com\/fr\/wp-json\/wp\/v2\/posts"}],"about":[{"href":"https:\/\/www.europesays.com\/fr\/wp-json\/wp\/v2\/types\/post"}],"author":[{"embeddable":true,"href":"https:\/\/www.europesays.com\/fr\/wp-json\/wp\/v2\/users\/2"}],"replies":[{"embeddable":true,"href":"https:\/\/www.europesays.com\/fr\/wp-json\/wp\/v2\/comments?post=476905"}],"version-history":[{"count":0,"href":"https:\/\/www.europesays.com\/fr\/wp-json\/wp\/v2\/posts\/476905\/revisions"}],"wp:featuredmedia":[{"embeddable":true,"href":"https:\/\/www.europesays.com\/fr\/wp-json\/wp\/v2\/media\/476906"}],"wp:attachment":[{"href":"https:\/\/www.europesays.com\/fr\/wp-json\/wp\/v2\/media?parent=476905"}],"wp:term":[{"taxonomy":"category","embeddable":true,"href":"https:\/\/www.europesays.com\/fr\/wp-json\/wp\/v2\/categories?post=476905"},{"taxonomy":"post_tag","embeddable":true,"href":"https:\/\/www.europesays.com\/fr\/wp-json\/wp\/v2\/tags?post=476905"}],"curies":[{"name":"wp","href":"https:\/\/api.w.org\/{rel}","templated":true}]}}