{"id":476911,"date":"2025-10-20T10:59:15","date_gmt":"2025-10-20T10:59:15","guid":{"rendered":"https:\/\/www.europesays.com\/fr\/476911\/"},"modified":"2025-10-20T10:59:15","modified_gmt":"2025-10-20T10:59:15","slug":"le-nouvel-accord-free-orange-a-du-mal-a-passer","status":"publish","type":"post","link":"https:\/\/www.europesays.com\/fr\/476911\/","title":{"rendered":"le nouvel accord Free-Orange a du mal \u00e0 passer"},"content":{"rendered":"<p>Le \u00ab\u2009trublion des t\u00e9l\u00e9coms\u2009\u00bb vient de renouveler son contrat d\u2019itin\u00e9rance aupr\u00e8s d\u2019Orange pour continuer \u00e0 profiter du r\u00e9seau\u00a02G et 3G de l\u2019op\u00e9rateur historique. Au grand dam de la concurrence.<\/p>\n<p><a href=\"https:\/\/images.frandroid.com\/wp-content\/uploads\/2019\/12\/logo-free.jpg\" target=\"_blank\" class=\"article-content__figure\" rel=\"nofollow noopener\"><img fetchpriority=\"high\" decoding=\"async\" loading=\"eager\" width=\"1200\" height=\"799\" src=\"https:\/\/www.europesays.com\/fr\/wp-content\/uploads\/2025\/10\/logo-free.jpg\" alt=\"Logo Free\" class=\"wp-image-655913 wp-image wp-image\"  \/><\/a>Cr\u00e9dits photo : Iliad\/Cyril Chigot<\/p>\n<p>Un temps pens\u00e9 comme une b\u00e9quille pour aider le r\u00e9seau naissant de Free, l\u2019accord d\u2019utilisation du r\u00e9seau d\u2019Orange par le quatri\u00e8me op\u00e9rateur mobile <a href=\"https:\/\/www.arcep.fr\/actualites\/actualites-et-communiques\/detail\/n\/partage-de-reseaux-mobiles-161025.html\" target=\"_blank\" rel=\"noreferrer noopener nofollow\">vient d\u2019\u00eatre renouvel\u00e9 par l\u2019autorit\u00e9 de r\u00e9gulation des t\u00e9l\u00e9coms (Arcep)<\/a>. Une ultime prolongation avant l\u2019extinction programm\u00e9e des r\u00e9seaux\u00a02G et 3G.<\/p>\n<p>Sign\u00e9 pour la premi\u00e8re fois en 2011, ce mariage de raison va donc s\u2019\u00e9tendre jusqu\u2019\u00e0 2028, soit 17\u00a0ans apr\u00e8s la premi\u00e8re signature. Une long\u00e9vit\u00e9 \u00e0 laquelle la concurrence go\u00fbte fort peu.<\/p>\n<p>Un accord pour l\u2019avenir<\/p>\n<p>Selon l\u2019Arcep, \u00ab\u2009il n\u2019appara\u00eet pas n\u00e9cessaire de demander \u00e0 Free Mobile et Orange de modifier leur contrat\u2009\u00bb. L\u2019accord pourtant uniquement sur les fr\u00e9quences 2G et 3G, <a href=\"https:\/\/www.frandroid.com\/produits-android\/smartphone\/2073298_fin-de-la-2g-et-de-la-3g-orange-prepare-le-terrain-pour-larret-definitif-de-ces-reseaux\" rel=\"nofollow noopener\" target=\"_blank\">qui vont respectivement \u00eatre mis \u00e0 la retraite fin\u00a020026 et fin\u00a02028<\/a>, l\u2019autorit\u00e9 n\u2019a pas cru bon de forcer Free \u00e0 investir sur ces r\u00e9seaux d\u00e9clinants. En revanche, des contraintes ont \u00e9t\u00e9 impos\u00e9es \u00e0 l\u2019entreprise de Xavier Niel, notamment le bridage du d\u00e9bit \u00e0 384\u00a0kbit\/s en itin\u00e9rance.<\/p>\n<p>La prolongation de ce contrat d\u2019itin\u00e9rance, dont le montant n\u2019a pas \u00e9t\u00e9 d\u00e9voil\u00e9, va donc permettre \u00e0 Free de se tourner r\u00e9solument vers l\u2019avenir en \u00e9vitant de devoir investir dans les r\u00e9seaux 2G et 3G \u00e0 quelques ann\u00e9es de leur extinction. La \u00ab\u2009dynamique des investissements de Free Mobile dans ses r\u00e9seaux\u00a04G et 5G propres\u2009\u00bb est d\u2019ailleurs un des arguments mis en avant par l\u2019Arcep en faveur de la reconduction de ce contrat.<\/p>\n<p class=\"shortcode-container see-more\">\n    Pour aller plus loin<br \/><a href=\"https:\/\/www.frandroid.com\/marques\/free\/2768939_la-capacite-reseau-est-multipliee-par-quatre-voici-comment-free-mobile-couvre-les-festivals-et-les-salons-avec-son-reseau-5g-4g\" rel=\"nofollow noopener\" target=\"_blank\">\u00ab\u00a0La capacit\u00e9 r\u00e9seau est multipli\u00e9e par quatre\u00a0\u00bb : voici comment Free couvre les festivals et les salons avec son r\u00e9seau 5G\/4G<\/a>\n            <\/p>\n<p>Et si le r\u00e9gulateur des t\u00e9l\u00e9coms affirme d\u2019ailleurs que cet accord \u00ab\u2009n\u2019est pas susceptible de faire obstacle [\u2026] \u00e0 l\u2019exercice d\u2019une concurrence effective et loyale\u2009\u00bb, SFR et Bouygues ne semblent pas tout \u00e0 fait du m\u00eame avis. Les deux op\u00e9rateurs estiment que Xavier Niel a largement outrepass\u00e9 l\u2019esprit originel de l\u2019accord.<\/p>\n<p>Bouygues \u00e0 l\u2019offensive<\/p>\n<p>Si l\u2019entreprise au carr\u00e9 rouge n\u2019a pas officiellement mis de griefs \u00e0 l\u2019autorit\u00e9 de r\u00e9gulations des t\u00e9l\u00e9coms, <a href=\"https:\/\/www.frandroid.com\/marques\/sfr\/2619941_vente-de-sfr-prix-de-vente-repreneurs-potentiels-cession-totale-ou-partielle-ce-quil-faut-savoir-sur-le-rachat-de-loperateur\" rel=\"nofollow noopener\" target=\"_blank\">probablement trop occup\u00e9 \u00e0 g\u00e9rer ses affaires internes<\/a>, <a href=\"https:\/\/www.lemonde.fr\/economie\/article\/2025\/10\/17\/free-va-continuer-a-beneficier-des-reseaux-2g-et-3g-d-orange-jusqu-en-2028_6647771_3234.html\" target=\"_blank\" rel=\"noreferrer noopener nofollow\">Le Monde explique tout de m\u00eame<\/a> que les cadres de l\u2019entreprise sont \u00ab\u2009tr\u00e8s remont\u00e9es\u2009\u00bb face \u00e0 cette d\u00e9cision. Bouygues, de son c\u00f4t\u00e9, d\u00e9nonce plus clairement et plus officiellement un \u00ab\u2009d\u00e9s\u00e9quilibre concurrentiel significatif\u2009\u00bb sur lequel l\u2019Arcep fermerait les yeux.<\/p>\n<p>D\u00e9non\u00e7ant une \u00ab\u2009mesure transitoire\u2009\u00bb qui auraient largement trop dur\u00e9, l\u2019op\u00e9rateur s\u2019\u00e9nerve surtout de voir que Free Mobile va \u00eatre autoris\u00e9 \u00e0 \u00ab\u2009\u00e9teindre son r\u00e9seau\u00a03G en propre\u2009\u00bb alors que la concurrence va devoir maintenir ses infrastructures en place. Pire, cette fermeture va permettre \u00e0 Free \u00ab\u2009de lib\u00e9rer ses fr\u00e9quences dans la bande 900\u00a0MHz qu\u2019elle pourra r\u00e9affecter \u00e0 la 4G et \u00e0 la 5G\u2009\u00bb, selon Bouygues. De quoi offrir au groupe de Xavier Niel un \u00ab\u2009avantage concurrentiel certain\u2009\u00bb. Des arguments auxquels l\u2019Arcep ne semble pas avoir \u00e9t\u00e9 tr\u00e8s r\u00e9ceptive.<\/p>\n<p class=\"shortcode-container see-more\">\n    Pour aller plus loin<br \/><a href=\"https:\/\/www.frandroid.com\/comparateur-forfaits\" rel=\"nofollow noopener\" target=\"_blank\">Comparateur Forfait Mobile 5G\/4G+<\/a>\n            <\/p>\n<p>Malgr\u00e9 les bisbilles, il faut noter que Bouygues et Free (accompagn\u00e9 aussi d\u2019Orange) <a href=\"https:\/\/www.frandroid.com\/marques\/sfr\/2834189_vente-de-sfr-17-milliards-ou-30-milliards-combien-vaut-vraiment-loperateur-au-carre-rouge\" rel=\"nofollow noopener\" target=\"_blank\">travaillent main dans la main au rachat de SFR en ce moment m\u00eame<\/a>. De quoi faire passer la pilule\u2009?<\/p>\n<p>Retrouvez tous les articles de Frandroid directement sur Google. Abonnez-vous \u00e0 <a target=\"_blank\" href=\"https:\/\/shop.frandroid.com\/gpfrandroid\" rel=\"noopener nofollow\">notre profil Google<\/a> pour ne rien manquer !<\/p>\n","protected":false},"excerpt":{"rendered":"Le \u00ab\u2009trublion des t\u00e9l\u00e9coms\u2009\u00bb vient de renouveler son contrat d\u2019itin\u00e9rance aupr\u00e8s d\u2019Orange pour continuer \u00e0 profiter du r\u00e9seau\u00a02G&hellip;\n","protected":false},"author":2,"featured_media":476912,"comment_status":"","ping_status":"","sticky":false,"template":"","format":"standard","meta":{"footnotes":""},"categories":[6],"tags":[58823,60066,743,22112,35,33,34,1011,27,28224],"class_list":{"0":"post-476911","1":"post","2":"type-post","3":"status-publish","4":"format-standard","5":"has-post-thumbnail","7":"category-economie","8":"tag-2g","9":"tag-3g","10":"tag-accord","11":"tag-arcep","12":"tag-business","13":"tag-economie","14":"tag-economy","15":"tag-fr","16":"tag-france","17":"tag-itinerance"},"share_on_mastodon":{"url":"https:\/\/pubeurope.com\/@fr\/115406147665648130","error":""},"_links":{"self":[{"href":"https:\/\/www.europesays.com\/fr\/wp-json\/wp\/v2\/posts\/476911","targetHints":{"allow":["GET"]}}],"collection":[{"href":"https:\/\/www.europesays.com\/fr\/wp-json\/wp\/v2\/posts"}],"about":[{"href":"https:\/\/www.europesays.com\/fr\/wp-json\/wp\/v2\/types\/post"}],"author":[{"embeddable":true,"href":"https:\/\/www.europesays.com\/fr\/wp-json\/wp\/v2\/users\/2"}],"replies":[{"embeddable":true,"href":"https:\/\/www.europesays.com\/fr\/wp-json\/wp\/v2\/comments?post=476911"}],"version-history":[{"count":0,"href":"https:\/\/www.europesays.com\/fr\/wp-json\/wp\/v2\/posts\/476911\/revisions"}],"wp:featuredmedia":[{"embeddable":true,"href":"https:\/\/www.europesays.com\/fr\/wp-json\/wp\/v2\/media\/476912"}],"wp:attachment":[{"href":"https:\/\/www.europesays.com\/fr\/wp-json\/wp\/v2\/media?parent=476911"}],"wp:term":[{"taxonomy":"category","embeddable":true,"href":"https:\/\/www.europesays.com\/fr\/wp-json\/wp\/v2\/categories?post=476911"},{"taxonomy":"post_tag","embeddable":true,"href":"https:\/\/www.europesays.com\/fr\/wp-json\/wp\/v2\/tags?post=476911"}],"curies":[{"name":"wp","href":"https:\/\/api.w.org\/{rel}","templated":true}]}}