{"id":476913,"date":"2025-10-20T11:00:14","date_gmt":"2025-10-20T11:00:14","guid":{"rendered":"https:\/\/www.europesays.com\/fr\/476913\/"},"modified":"2025-10-20T11:00:14","modified_gmt":"2025-10-20T11:00:14","slug":"lunion-europeenne-enterine-linterdiction-dimporter-du-gaz-russe-dici-fin-2027","status":"publish","type":"post","link":"https:\/\/www.europesays.com\/fr\/476913\/","title":{"rendered":"L\u2019Union europ\u00e9enne ent\u00e9rine l\u2019interdiction d\u2019importer du gaz russe d\u2019ici fin 2027"},"content":{"rendered":"<p>\n    Cette mesure, qui doit maintenant \u00eatre n\u00e9goci\u00e9e avec le Parlement europ\u00e9en, avait \u00e9t\u00e9 propos\u00e9e au printemps par la Commission europ\u00e9enne.<\/p>\n<p class=\"fig-paragraph\">Bruxelles va finalement couper le robinet du gaz russe. L\u2019interdiction d\u2019importer du gaz naturel russe dans l\u2019Union europ\u00e9enne d\u2019ici fin 2027 a \u00e9t\u00e9 approuv\u00e9e lundi par la majorit\u00e9 des\u00a0<a href=\"http:\/\/www.lefigaro.fr\/flash-eco\/la-france-premiere-porte-d-entree-europeenne-du-gaz-naturel-liquefie-russe-20250218\" data-fig-type=\"NewsFlash\" data-gtm-custom-categorie=\"navigation\" data-gtm-custom-action=\"crossclick\" data-gtm-custom-label=\"Contextuel\" data-gtm-event=\"customEventSPE\" data-fig-domain=\"LEFIGARO\" rel=\"nofollow noopener\" target=\"_blank\">\u00c9tats membres<\/a>, lors d\u2019une r\u00e9union des ministres europ\u00e9ens de l\u2019\u00c9nergie \u00e0 Luxembourg.<\/p>\n<p class=\"fig-paragraph\">Cette mesure, qui doit maintenant \u00eatre n\u00e9goci\u00e9e avec le Parlement europ\u00e9en, avait \u00e9t\u00e9 propos\u00e9e au printemps par la Commission europ\u00e9enne. En cessant ses achats de gaz naturel russe, l\u2019UE veut ass\u00e9cher une source de financement majeure de la guerre men\u00e9e par Moscou en Ukraine. La Slovaquie et la Hongrie, pays enclav\u00e9s et tr\u00e8s d\u00e9pendants des hydrocarbures russes, \u00e9taient\u00a0<a href=\"http:\/\/www.lefigaro.fr\/flash-eco\/la-hongrie-signe-un-contrat-gazier-record-avec-shell-sans-reduire-sa-dependance-au-gaz-russe-20250909\" data-fig-type=\"NewsFlash\" data-gtm-custom-categorie=\"navigation\" data-gtm-custom-action=\"crossclick\" data-gtm-custom-label=\"Contextuel\" data-gtm-event=\"customEventSPE\" data-fig-domain=\"LEFIGARO\" rel=\"nofollow noopener\" target=\"_blank\">oppos\u00e9s \u00e0 cette interdiction<\/a>\u00a0mais ont \u00e9t\u00e9 mis en minorit\u00e9.<\/p>\n<p>                                    <a class=\"fig-a11y-skip a11y-hidden\" href=\"#fig-a11y-skip-main-inarticle\"><br \/>\n        Passer la publicit\u00e9<br \/>\n    <\/a><\/p>\n<p>Forte d\u00e9pendance europ\u00e9enne<\/p>\n<p class=\"fig-paragraph\">L\u2019UE essaye de se sevrer des hydrocarbures russes depuis l\u2019invasion de l\u2019Ukraine par la Russie d\u00e9but 2022. Mais si elle a cess\u00e9 presque totalement ses importations de p\u00e9trole russe, elle conserve une forte d\u00e9pendance envers Moscou pour son approvisionnement en gaz naturel\u00a0: la Russie repr\u00e9sentait encore 19% des importations totales de gaz de l\u2019Union europ\u00e9enne en 2024, contre 45% en 2021.<\/p>\n<p class=\"fig-paragraph\">Afin d\u2019acc\u00e9l\u00e9rer le mouvement, la Commission europ\u00e9enne a donc propos\u00e9 au printemps aux \u00c9tats membres un arr\u00eat total des importations de gaz russe fin 2027. En septembre, elle a en outre propos\u00e9 d\u2019avancer cette date butoir \u00e0 fin 2026, c\u2019est-\u00e0-dire dans un peu plus d\u2019un an, en ce qui concerne les importations de\u00a0<a href=\"http:\/\/www.lefigaro.fr\/flash-eco\/cma-cgm-et-totalenergies-s-allient-pour-exploiter-un-navire-de-ravitaillement-en-gnl-20250723\" data-fig-type=\"NewsFlash\" data-gtm-custom-categorie=\"navigation\" data-gtm-custom-action=\"crossclick\" data-gtm-custom-label=\"Contextuel\" data-gtm-event=\"customEventSPE\" data-fig-domain=\"LEFIGARO\" rel=\"nofollow noopener\" target=\"_blank\">gaz naturel liqu\u00e9fi\u00e9 (GNL)<\/a>.<\/p>\n<p class=\"fig-paragraph\">Cette mesure suppl\u00e9mentaire, propos\u00e9e dans le cadre d\u2019un 19e \u00abpaquet\u00bb de nouvelles sanctions contre la Russie, n\u2019\u00e9tait cependant pas au menu de la r\u00e9union minist\u00e9rielle de lundi. De son c\u00f4t\u00e9, le Parlement europ\u00e9en voudrait aller encore plus loin: ses commissions de l\u2019Industrie et du Commerce ont approuv\u00e9 jeudi un texte visant \u00e0 interdire toutes les importations de gaz russe, que ce soit par gazoduc ou sous forme de GNL, et ce d\u00e8s le 1er janvier 2026, hormis quelques exceptions limit\u00e9es.<\/p>\n","protected":false},"excerpt":{"rendered":"Cette mesure, qui doit maintenant \u00eatre n\u00e9goci\u00e9e avec le Parlement europ\u00e9en, avait \u00e9t\u00e9 propos\u00e9e au printemps par la&hellip;\n","protected":false},"author":2,"featured_media":476914,"comment_status":"","ping_status":"","sticky":false,"template":"","format":"standard","meta":{"footnotes":""},"categories":[5],"tags":[11,674,1011,27,843,14,12,132,28],"class_list":{"0":"post-476913","1":"post","2":"type-post","3":"status-publish","4":"format-standard","5":"has-post-thumbnail","7":"category-international","8":"tag-actualites","9":"tag-europe","10":"tag-fr","11":"tag-france","12":"tag-gaz","13":"tag-international","14":"tag-news","15":"tag-russie","16":"tag-world"},"share_on_mastodon":{"url":"","error":""},"_links":{"self":[{"href":"https:\/\/www.europesays.com\/fr\/wp-json\/wp\/v2\/posts\/476913","targetHints":{"allow":["GET"]}}],"collection":[{"href":"https:\/\/www.europesays.com\/fr\/wp-json\/wp\/v2\/posts"}],"about":[{"href":"https:\/\/www.europesays.com\/fr\/wp-json\/wp\/v2\/types\/post"}],"author":[{"embeddable":true,"href":"https:\/\/www.europesays.com\/fr\/wp-json\/wp\/v2\/users\/2"}],"replies":[{"embeddable":true,"href":"https:\/\/www.europesays.com\/fr\/wp-json\/wp\/v2\/comments?post=476913"}],"version-history":[{"count":0,"href":"https:\/\/www.europesays.com\/fr\/wp-json\/wp\/v2\/posts\/476913\/revisions"}],"wp:featuredmedia":[{"embeddable":true,"href":"https:\/\/www.europesays.com\/fr\/wp-json\/wp\/v2\/media\/476914"}],"wp:attachment":[{"href":"https:\/\/www.europesays.com\/fr\/wp-json\/wp\/v2\/media?parent=476913"}],"wp:term":[{"taxonomy":"category","embeddable":true,"href":"https:\/\/www.europesays.com\/fr\/wp-json\/wp\/v2\/categories?post=476913"},{"taxonomy":"post_tag","embeddable":true,"href":"https:\/\/www.europesays.com\/fr\/wp-json\/wp\/v2\/tags?post=476913"}],"curies":[{"name":"wp","href":"https:\/\/api.w.org\/{rel}","templated":true}]}}