{"id":476915,"date":"2025-10-20T11:01:10","date_gmt":"2025-10-20T11:01:10","guid":{"rendered":"https:\/\/www.europesays.com\/fr\/476915\/"},"modified":"2025-10-20T11:01:10","modified_gmt":"2025-10-20T11:01:10","slug":"emmanuel-macron-a-recu-nicolas-sarkozy-avant-son-incarceration","status":"publish","type":"post","link":"https:\/\/www.europesays.com\/fr\/476915\/","title":{"rendered":"Emmanuel Macron a re\u00e7u Nicolas Sarkozy avant son incarc\u00e9ration"},"content":{"rendered":"<p>\n    <strong>INFO LE FIGARO<\/strong> &#8211; Le pr\u00e9sident de la R\u00e9publique a convi\u00e9 son pr\u00e9d\u00e9cesseur vendredi \u00e0 l\u2019\u00c9lys\u00e9e.<\/p>\n<p class=\"fig-paragraph\"><a href=\"http:\/\/www.lefigaro.fr\/politique\/guillaume-tabard-edouard-philippe-vs-emmanuel-macron-une-faute-ou-une-chance-20251017\" target=\"_blank\" data-fig-type=\"Article\" rel=\"noopener\" data-gtm-custom-categorie=\"navigation\" data-gtm-custom-action=\"crossclick\" data-gtm-custom-label=\"Contextuel\" data-gtm-event=\"customEventSPE\" data-fig-domain=\"LEFIGARO\">Emmanuel Macron<\/a>\u00a0s\u2019astreint publiquement au silence. Mais cela n\u2019a pas emp\u00each\u00e9 le chef de l\u2019\u00c9tat de se manifester en coulisses. \u00c0 quelques jours de l\u2019incarc\u00e9ration de\u00a0<a href=\"http:\/\/www.lefigaro.fr\/vox\/politique\/nous-savons-combien-tu-aimes-la-france-lettre-a-notre-compagnon-nicolas-sarkozy-20251020\" target=\"_blank\" data-fig-type=\"Article\" rel=\"noopener\" data-gtm-custom-categorie=\"navigation\" data-gtm-custom-action=\"crossclick\" data-gtm-custom-label=\"Contextuel\" data-gtm-event=\"customEventSPE\" data-fig-domain=\"LEFIGARO\">Nicolas Sarkozy<\/a>, qui est attendu mardi \u00e0 la prison de la Sant\u00e9 pour purger la lourde peine dont il a \u00e9cop\u00e9 &#8211; et dont il a fait appel &#8211; dans l\u2019affaire du financement libyen de sa campagne, l\u2019ex-chef de l\u2019\u00c9tat a \u00e9t\u00e9 discr\u00e8tement re\u00e7u \u00e0 l\u2019\u00c9lys\u00e9e.<\/p>\n<p class=\"fig-premium-paywall__infos\">\n        Cet article est r\u00e9serv\u00e9 aux abonn\u00e9s.        Il vous reste 87% \u00e0 d\u00e9couvrir.\n    <\/p>\n<p>                <img  data- alt=\"Le Figaro\" class=\"fig-img--complete fig-img\"\/><\/p>\n<p class=\"fig-premium-paywall__title\">Vous avez envie de lire la suite ?<\/p>\n<p class=\"fig-premium-paywall__subtitle\">D\u00e9bloquez tous les articles imm\u00e9diatement.<\/p>\n<p class=\"fig-premium-paywall__connect\">\n                D\u00e9j\u00e0 abonn\u00e9\u00a0?                <a class=\"fig-premium-paywall__connect-link\" href=\"https:\/\/connect.lefigaro.fr\/login?client=horizon_web&amp;type=main&amp;redirect_uri=https%3A%2F%2Fwww.lefigaro.fr%2Fpolitique%2Femmanuel-macron-a-recu-nicolas-sarkozy-avant-son-incarceration-20251020\" data-js-gtm=\"{&quot;customCategorie&quot;: &quot;conversion&quot;, &quot;customAction&quot;: &quot;before_Landing_Connexion_paywall_manuel&quot;, &quot;customLabel&quot;: &quot;bGVmaWdhcm8uZnJfXzFmMGFkOWQyLTY4NmUtNjJlYy05MGY2LTZkZDlhNDVlYzM0ZF9fTmV3c0ZsYXNo_Emmanuel Macron a re\u00e7u Nicolas Sarkozy avant son incarc\u00e9ration_903&quot;, &quot;customIDSPE&quot;: &quot;bGVmaWdhcm8uZnJfXzFmMGFkOWQyLTY4NmUtNjJlYy05MGY2LTZkZDlhNDVlYzM0ZF9fTmV3c0ZsYXNo&quot;, &quot;event&quot;: &quot;customEventSPE&quot;}\" target=\"_blank\" rel=\"noopener\"><br \/>\n                    Connectez-vous<br \/>\n                <\/a>\n            <\/p>\n","protected":false},"excerpt":{"rendered":"INFO LE FIGARO &#8211; Le pr\u00e9sident de la R\u00e9publique a convi\u00e9 son pr\u00e9d\u00e9cesseur vendredi \u00e0 l\u2019\u00c9lys\u00e9e. Emmanuel Macron\u00a0s\u2019astreint&hellip;\n","protected":false},"author":2,"featured_media":476916,"comment_status":"","ping_status":"","sticky":false,"template":"","format":"standard","meta":{"footnotes":""},"categories":[4],"tags":[11,1073,1011,27,12,3091,25],"class_list":{"0":"post-476915","1":"post","2":"type-post","3":"status-publish","4":"format-standard","5":"has-post-thumbnail","7":"category-france","8":"tag-actualites","9":"tag-emmanuel-macron","10":"tag-fr","11":"tag-france","12":"tag-news","13":"tag-nicolas-sarkozy","14":"tag-republique-francaise"},"share_on_mastodon":{"url":"https:\/\/pubeurope.com\/@fr\/115406155604037098","error":""},"_links":{"self":[{"href":"https:\/\/www.europesays.com\/fr\/wp-json\/wp\/v2\/posts\/476915","targetHints":{"allow":["GET"]}}],"collection":[{"href":"https:\/\/www.europesays.com\/fr\/wp-json\/wp\/v2\/posts"}],"about":[{"href":"https:\/\/www.europesays.com\/fr\/wp-json\/wp\/v2\/types\/post"}],"author":[{"embeddable":true,"href":"https:\/\/www.europesays.com\/fr\/wp-json\/wp\/v2\/users\/2"}],"replies":[{"embeddable":true,"href":"https:\/\/www.europesays.com\/fr\/wp-json\/wp\/v2\/comments?post=476915"}],"version-history":[{"count":0,"href":"https:\/\/www.europesays.com\/fr\/wp-json\/wp\/v2\/posts\/476915\/revisions"}],"wp:featuredmedia":[{"embeddable":true,"href":"https:\/\/www.europesays.com\/fr\/wp-json\/wp\/v2\/media\/476916"}],"wp:attachment":[{"href":"https:\/\/www.europesays.com\/fr\/wp-json\/wp\/v2\/media?parent=476915"}],"wp:term":[{"taxonomy":"category","embeddable":true,"href":"https:\/\/www.europesays.com\/fr\/wp-json\/wp\/v2\/categories?post=476915"},{"taxonomy":"post_tag","embeddable":true,"href":"https:\/\/www.europesays.com\/fr\/wp-json\/wp\/v2\/tags?post=476915"}],"curies":[{"name":"wp","href":"https:\/\/api.w.org\/{rel}","templated":true}]}}