{"id":476918,"date":"2025-10-20T11:04:16","date_gmt":"2025-10-20T11:04:16","guid":{"rendered":"https:\/\/www.europesays.com\/fr\/476918\/"},"modified":"2025-10-20T11:04:16","modified_gmt":"2025-10-20T11:04:16","slug":"circulation-tres-compliquee-dans-le-secteur","status":"publish","type":"post","link":"https:\/\/www.europesays.com\/fr\/476918\/","title":{"rendered":"circulation tr\u00e8s compliqu\u00e9e dans le secteur"},"content":{"rendered":"<p>Ce sont les services de la pr\u00e9fecture de la Loire qui ont donn\u00e9 l&rsquo;alerte ce lundi 20 octobre, peu avant midi. Un poids-lourd s&rsquo;est mis en travers de la route au niveau du viaduc de Terrenoire dans le sens Saint-Etienne\/Lyon et bloque toutes les voies de circulation.<\/p>\n<p>D&rsquo;importants bouchons se sont d\u00e9j\u00e0 form\u00e9s sur place. Il est fortement conseill\u00e9 d&rsquo;\u00e9viter le secteur.<\/p>\n","protected":false},"excerpt":{"rendered":"Ce sont les services de la pr\u00e9fecture de la Loire qui ont donn\u00e9 l&rsquo;alerte ce lundi 20 octobre,&hellip;\n","protected":false},"author":2,"featured_media":476919,"comment_status":"","ping_status":"","sticky":false,"template":"","format":"standard","meta":{"footnotes":""},"categories":[9653],"tags":[119,1111,11,2430,1777,674,274,107,1011,27,3367,12,25,4001,104,2803],"class_list":{"0":"post-476918","1":"post","2":"type-post","3":"status-publish","4":"format-standard","5":"has-post-thumbnail","7":"category-saint-etienne","8":"tag-accident","9":"tag-actu","10":"tag-actualites","11":"tag-auvergne-rhone-alpes","12":"tag-eu","13":"tag-europe","14":"tag-faits-divers-justice","15":"tag-fil-info","16":"tag-fr","17":"tag-france","18":"tag-loire","19":"tag-news","20":"tag-republique-francaise","21":"tag-saint-etienne","22":"tag-societe","23":"tag-transport"},"share_on_mastodon":{"url":"https:\/\/pubeurope.com\/@fr\/115406167926728488","error":""},"_links":{"self":[{"href":"https:\/\/www.europesays.com\/fr\/wp-json\/wp\/v2\/posts\/476918","targetHints":{"allow":["GET"]}}],"collection":[{"href":"https:\/\/www.europesays.com\/fr\/wp-json\/wp\/v2\/posts"}],"about":[{"href":"https:\/\/www.europesays.com\/fr\/wp-json\/wp\/v2\/types\/post"}],"author":[{"embeddable":true,"href":"https:\/\/www.europesays.com\/fr\/wp-json\/wp\/v2\/users\/2"}],"replies":[{"embeddable":true,"href":"https:\/\/www.europesays.com\/fr\/wp-json\/wp\/v2\/comments?post=476918"}],"version-history":[{"count":0,"href":"https:\/\/www.europesays.com\/fr\/wp-json\/wp\/v2\/posts\/476918\/revisions"}],"wp:featuredmedia":[{"embeddable":true,"href":"https:\/\/www.europesays.com\/fr\/wp-json\/wp\/v2\/media\/476919"}],"wp:attachment":[{"href":"https:\/\/www.europesays.com\/fr\/wp-json\/wp\/v2\/media?parent=476918"}],"wp:term":[{"taxonomy":"category","embeddable":true,"href":"https:\/\/www.europesays.com\/fr\/wp-json\/wp\/v2\/categories?post=476918"},{"taxonomy":"post_tag","embeddable":true,"href":"https:\/\/www.europesays.com\/fr\/wp-json\/wp\/v2\/tags?post=476918"}],"curies":[{"name":"wp","href":"https:\/\/api.w.org\/{rel}","templated":true}]}}