{"id":476920,"date":"2025-10-20T11:05:14","date_gmt":"2025-10-20T11:05:14","guid":{"rendered":"https:\/\/www.europesays.com\/fr\/476920\/"},"modified":"2025-10-20T11:05:14","modified_gmt":"2025-10-20T11:05:14","slug":"connaitre-les-bons-gestes-avec-les-petits-debrouillards","status":"publish","type":"post","link":"https:\/\/www.europesays.com\/fr\/476920\/","title":{"rendered":"conna\u00eetre les bons gestes avec les Petits d\u00e9brouillards"},"content":{"rendered":"<p>Savez-vous que la pose de simples rideaux peut vous faire faire des \u00e9conomies d\u2019\u00e9nergie\u00a0? Qu\u2019un chargeur de portable branch\u00e9 en permanence, m\u00eame sans t\u00e9l\u00e9phone, consomme de l\u2019\u00e9lectricit\u00e9\u00a0? Que d\u00e9givrer votre cong\u00e9lateur ou votre r\u00e9frig\u00e9rateur est \u00e9galement source d\u2019\u00e9conomie\u00a0? Des gestes simples en somme, qu\u2019ignorent ou m\u00e9connaissent nombre de consommateurs.<\/p>\n<p>C\u2019est pr\u00e9cis\u00e9ment pour pallier ces carences, que le consortium Watt Watchers, qui r\u00e9unit associations, entreprises et autres cabinets conseils, pour accompagner la mise en place des certificats d\u2019\u00e9conomie d\u2019\u00e9nergie, port\u00e9s par les fournisseurs d\u2019\u00e9lectricit\u00e9, a \u00e9t\u00e9 cr\u00e9\u00e9. Objectif\u00a0: sensibiliser la bagatelle de 600\u00a0000 foyers, en trois ans, \u00e0 la sobri\u00e9t\u00e9 \u00e9nerg\u00e9tique, en portant \u00e0 la connaissance du grand public les bons gestes\u00a0; les gestes susceptibles de g\u00e9n\u00e9rer des \u00e9conomies d\u2019argent.<\/p>\n<p>  Un \u00e9veil citoyen<\/p>\n<p>C\u2019est dans ce cadre que l\u2019association d\u2019\u00e9ducation populaire Les Petits d\u00e9brouillards a \u00e9t\u00e9 mandat\u00e9e pour accompagner cette d\u00e9marche, en s\u2019adressant \u00e0 divers publics, sous forme d\u2019ateliers ou de stands d\u2019information.<\/p>\n<p>Ce mardi, Gauthier Caron, coordinateur de l\u2019association, \u00e9tait dans les locaux de l\u2019\u00c9cole de la deuxi\u00e8me chance de Nancy, dirig\u00e9e par Eric Dumas, pour informer une dizaine de jeunes aux \u00e9cogestes.<\/p>\n<p>L\u2019initiative s\u2019inscrit pleinement dans le cadre p\u00e9dagogique de l\u2019institution, qui outre des cours de remise \u00e0 niveau destin\u00e9s aux jeunes de 16 \u00e0 25 ans en situation de d\u00e9crochage scolaire, entend participer \u00e0 l\u2019\u00e9veil culturel et citoyen de ses \u00e9l\u00e8ves.<\/p>\n<p>  Des gestes \u00e0 la port\u00e9e de tous<\/p>\n<p>\u00ab\u00a0L\u2019atelier consistera \u00e0 r\u00e9aliser un puzzle repr\u00e9sentant une maison et son int\u00e9rieur. Derri\u00e8re chaque pi\u00e8ce, figure une recommandation\u00a0; un \u00e9cogeste simple et \u00e0 la port\u00e9e de tous\u00a0\u00bb, indique Gauthier Caron. \u00ab\u00a0L\u2019id\u00e9e n\u2019est pas de culpabiliser les consommateurs, mais de mettre \u00e0 leur port\u00e9e des solutions simples pour qu\u2019ils se les approprient en fonction de leurs possibilit\u00e9s, qu\u2019ils deviennent aussi des ambassadeurs.\u00a0\u00bb<\/p>\n<p>Cette session de formation de deux heures, qui a d\u00e9but\u00e9 par un petit temps de d\u00e9bat avant la r\u00e9alisation du puzzle, s\u2019est termin\u00e9e avec la pr\u00e9sentation de l\u2019application, mise en place par Watt Watchers. Gratuite et simple d\u2019utilisation, celle-ci analyse l\u2019historique de consommation du foyer, et r\u00e9cup\u00e8re automatiquement le diagnostic de performance \u00e9nerg\u00e9tique (DPE). \u00ab\u00a0Gr\u00e2ce \u00e0 cet accompagnement, plus de 20\u00a0000 utilisateurs \u00e9conomisent jusqu\u2019\u00e0 25\u00a0% par an sur leur facture \u00e9nerg\u00e9tique\u00a0\u00bb, conclut Gauthier Caron.<\/p>\n","protected":false},"excerpt":{"rendered":"Savez-vous que la pose de simples rideaux peut vous faire faire des \u00e9conomies d\u2019\u00e9nergie\u00a0? Qu\u2019un chargeur de portable&hellip;\n","protected":false},"author":2,"featured_media":476921,"comment_status":"","ping_status":"","sticky":false,"template":"","format":"standard","meta":{"footnotes":""},"categories":[9635],"tags":[1111,11,1704,436,1777,674,1011,27,775,6364,1702,12,25,5711],"class_list":{"0":"post-476920","1":"post","2":"type-post","3":"status-publish","4":"format-standard","5":"has-post-thumbnail","7":"category-nancy","8":"tag-actu","9":"tag-actualites","10":"tag-edition-nancy-et-agglomeration","11":"tag-environnement","12":"tag-eu","13":"tag-europe","14":"tag-fr","15":"tag-france","16":"tag-grand-est","17":"tag-metropole-du-grand-nancy-54b1","18":"tag-nancy","19":"tag-news","20":"tag-republique-francaise","21":"tag-vandoeuvre-les-nancy"},"share_on_mastodon":{"url":"https:\/\/pubeurope.com\/@fr\/115406171839495656","error":""},"_links":{"self":[{"href":"https:\/\/www.europesays.com\/fr\/wp-json\/wp\/v2\/posts\/476920","targetHints":{"allow":["GET"]}}],"collection":[{"href":"https:\/\/www.europesays.com\/fr\/wp-json\/wp\/v2\/posts"}],"about":[{"href":"https:\/\/www.europesays.com\/fr\/wp-json\/wp\/v2\/types\/post"}],"author":[{"embeddable":true,"href":"https:\/\/www.europesays.com\/fr\/wp-json\/wp\/v2\/users\/2"}],"replies":[{"embeddable":true,"href":"https:\/\/www.europesays.com\/fr\/wp-json\/wp\/v2\/comments?post=476920"}],"version-history":[{"count":0,"href":"https:\/\/www.europesays.com\/fr\/wp-json\/wp\/v2\/posts\/476920\/revisions"}],"wp:featuredmedia":[{"embeddable":true,"href":"https:\/\/www.europesays.com\/fr\/wp-json\/wp\/v2\/media\/476921"}],"wp:attachment":[{"href":"https:\/\/www.europesays.com\/fr\/wp-json\/wp\/v2\/media?parent=476920"}],"wp:term":[{"taxonomy":"category","embeddable":true,"href":"https:\/\/www.europesays.com\/fr\/wp-json\/wp\/v2\/categories?post=476920"},{"taxonomy":"post_tag","embeddable":true,"href":"https:\/\/www.europesays.com\/fr\/wp-json\/wp\/v2\/tags?post=476920"}],"curies":[{"name":"wp","href":"https:\/\/api.w.org\/{rel}","templated":true}]}}