{"id":476922,"date":"2025-10-20T11:06:21","date_gmt":"2025-10-20T11:06:21","guid":{"rendered":"https:\/\/www.europesays.com\/fr\/476922\/"},"modified":"2025-10-20T11:06:21","modified_gmt":"2025-10-20T11:06:21","slug":"le-groupe-gojira-en-concert-en-juin-2026-pour-une-date-unique-en-france","status":"publish","type":"post","link":"https:\/\/www.europesays.com\/fr\/476922\/","title":{"rendered":"le groupe Gojira en concert en juin 2026 pour une date unique en France"},"content":{"rendered":"<p>            Par<br \/>\n        <strong><br \/>\n            <a href=\"https:\/\/actu.fr\/auteur\/pierre-emile-bouchy-actu-fr\" title=\"Consulter tous les articles de Paul-Emile Bouchy\" target=\"_blank\" rel=\"noopener\">Paul-Emile Bouchy<\/a><br \/>\n        <\/strong><\/p>\n<p>        Publi\u00e9 le<\/p>\n<p>            20 oct. 2025 \u00e0 12h31        <\/p>\n<p>Dans le cadre du <strong>Nancy Open Air<\/strong>, le <strong>Heavy Week-end<\/strong> sera de retour en 2026. Cette troisi\u00e8me \u00e9dition aura lieu <strong>du vendredi\u00a05 au dimanche 7\u00a0juin<\/strong>.<\/p>\n<p class=\" wall-content\">Les noms des trois premiers groupes viennent d\u2019\u00eatre d\u00e9voil\u00e9s. Parmi eux, <strong>Gojira<\/strong>, le groupe de metal fran\u00e7ais qui avait notamment <a href=\"https:\/\/actu.fr\/societe\/grammy-awards-2025-gojira-nomme-pour-sa-prestation-lors-de-l-ouverture-des-jo-de-paris_61856228.html\" target=\"_blank\" rel=\"noopener\">particip\u00e9 \u00e0 la c\u00e9r\u00e9monie d\u2019ouverture des Jeux olympiques de Paris 2024<\/a>.<\/p>\n<p>Sa seule et unique date en France en 2026<\/p>\n<p class=\" wall-content\">Une belle annonce pour les fans de metal\u2009: Gojira se produira le <strong>samedi 6\u00a0juin<\/strong> sur la sc\u00e8ne en plein air du <a href=\"https:\/\/actu.fr\/tag\/zenith-de-nancy\" target=\"_blank\" rel=\"noopener\">z\u00e9nith de Nancy<\/a>. D\u2019apr\u00e8s le communiqu\u00e9 de presse,<strong> ce concert sera \u00ab\u2009son seul concert en France pour l\u2019ann\u00e9e 2026\u2009\u00bb<\/strong>.<\/p>\n<p class=\" wall-content\">Deux autres groupes sont \u00e9galement annonc\u00e9s\u2009: le groupe su\u00e9dois <strong>Sabaton le vendredi 5\u00a0juin<\/strong> et les Allemands d\u2019<strong>Electric Callboy le vendredi 7\u00a0juin<\/strong>.<\/p>\n<p>Des places d\u00e9j\u00e0 en vente<\/p>\n<p class=\" wall-content\">Dans les prochains mois, d\u2019autres groupes vont venir compl\u00e9ter l\u2019affiche du festival.<\/p>\n<p class=\" wall-content\">N\u00e9anmoins,<strong> les pass 3\u00a0jours sont d\u00e9j\u00e0 mis en vente<\/strong> \u00e0 partir de 135\u00a0euros sur <a href=\"https:\/\/www.heavyweekend.live\/\" target=\"_blank\" rel=\"noopener\">heavyweekend.live<\/a>.<\/p>\n<p class=\" wall-content\">Personnalisez votre actualit\u00e9 en ajoutant vos villes et m\u00e9dias en favori avec <a href=\"https:\/\/moncompte.actu.fr\" title=\"D\u00e9couvez Mon Actu\" rel=\"nofollow noopener\" data-trk=\"{&quot;cta&quot;:{&quot;action&quot;:&quot;https:\\\/\\\/moncompte.actu.fr&quot;,&quot;category&quot;:&quot;mon compte&quot;,&quot;from&quot;:&quot;article footer&quot;,&quot;name&quot;:&quot;Mon actu&quot;,&quot;type&quot;:&quot;cta&quot;}}\" target=\"_blank\">Mon Actu<\/a>.<\/p>\n","protected":false},"excerpt":{"rendered":"Par Paul-Emile Bouchy Publi\u00e9 le 20 oct. 2025 \u00e0 12h31 Dans le cadre du Nancy Open Air, le&hellip;\n","protected":false},"author":2,"featured_media":476923,"comment_status":"","ping_status":"","sticky":false,"template":"","format":"standard","meta":{"footnotes":""},"categories":[9635],"tags":[1111,11,1697,1777,674,1011,27,775,1652,1702,12,25,59855],"class_list":{"0":"post-476922","1":"post","2":"type-post","3":"status-publish","4":"format-standard","5":"has-post-thumbnail","7":"category-nancy","8":"tag-actu","9":"tag-actualites","10":"tag-concert","11":"tag-eu","12":"tag-europe","13":"tag-fr","14":"tag-france","15":"tag-grand-est","16":"tag-loisirs-culture","17":"tag-nancy","18":"tag-news","19":"tag-republique-francaise","20":"tag-zenith-de-nancy"},"share_on_mastodon":{"url":"https:\/\/pubeurope.com\/@fr\/115406175806939594","error":""},"_links":{"self":[{"href":"https:\/\/www.europesays.com\/fr\/wp-json\/wp\/v2\/posts\/476922","targetHints":{"allow":["GET"]}}],"collection":[{"href":"https:\/\/www.europesays.com\/fr\/wp-json\/wp\/v2\/posts"}],"about":[{"href":"https:\/\/www.europesays.com\/fr\/wp-json\/wp\/v2\/types\/post"}],"author":[{"embeddable":true,"href":"https:\/\/www.europesays.com\/fr\/wp-json\/wp\/v2\/users\/2"}],"replies":[{"embeddable":true,"href":"https:\/\/www.europesays.com\/fr\/wp-json\/wp\/v2\/comments?post=476922"}],"version-history":[{"count":0,"href":"https:\/\/www.europesays.com\/fr\/wp-json\/wp\/v2\/posts\/476922\/revisions"}],"wp:featuredmedia":[{"embeddable":true,"href":"https:\/\/www.europesays.com\/fr\/wp-json\/wp\/v2\/media\/476923"}],"wp:attachment":[{"href":"https:\/\/www.europesays.com\/fr\/wp-json\/wp\/v2\/media?parent=476922"}],"wp:term":[{"taxonomy":"category","embeddable":true,"href":"https:\/\/www.europesays.com\/fr\/wp-json\/wp\/v2\/categories?post=476922"},{"taxonomy":"post_tag","embeddable":true,"href":"https:\/\/www.europesays.com\/fr\/wp-json\/wp\/v2\/tags?post=476922"}],"curies":[{"name":"wp","href":"https:\/\/api.w.org\/{rel}","templated":true}]}}