{"id":476924,"date":"2025-10-20T11:07:16","date_gmt":"2025-10-20T11:07:16","guid":{"rendered":"https:\/\/www.europesays.com\/fr\/476924\/"},"modified":"2025-10-20T11:07:16","modified_gmt":"2025-10-20T11:07:16","slug":"lbe-toulon-dans-la-tourmente-nouveau-coup-de-froid-pour-le-handball-feminin-francais","status":"publish","type":"post","link":"https:\/\/www.europesays.com\/fr\/476924\/","title":{"rendered":"LBE | Toulon dans la tourmente : nouveau coup de froid pour le handball f\u00e9minin fran\u00e7ais"},"content":{"rendered":"<p>                <img loading=\"lazy\" decoding=\"async\" class=\"size-large wp-image-328660\" src=\"https:\/\/www.europesays.com\/fr\/wp-content\/uploads\/2025\/10\/72A5907-1024x683.jpg\" alt=\"\" width=\"1024\" height=\"683\"\/>Marie Finstad BERGUM &#8211; Toulon M\u00e9tropole Var Handball &#8211; Cr\u00e9dit : Aur\u00e9lien SCHELLHAAS<\/p>\n<p style=\"text-align: justify;\" data-start=\"284\" data-end=\"621\"><strong>Le ciel s\u2019est assombri au-dessus du Toulon M\u00e9tropole Var Handball. Ce lundi, le club varois a officialis\u00e9, dans un communiqu\u00e9, un d\u00e9ficit financier important au 30 juin 2025, mettant en p\u00e9ril sa p\u00e9rennit\u00e9 \u00e0 court et moyen termes. Un coup dur pour une institution de la Ligue Butagaz \u00c9nergie, championne de France en 2010 avec Siraba Demb\u00e9l\u00e9.<\/strong><\/p>\n<p style=\"text-align: justify;\" data-start=\"623\" data-end=\"953\">Le pr\u00e9sident <strong data-start=\"636\" data-end=\"654\">Thierry Durand<\/strong>, en poste depuis juillet 2023, a pr\u00e9sent\u00e9 sa <strong data-start=\"700\" data-end=\"727\">d\u00e9mission le 14 octobre<\/strong>, accept\u00e9e par le conseil d\u2019administration. Une <strong data-start=\"775\" data-end=\"804\">gouvernance de transition<\/strong> doit \u00eatre mise en place \u201cdans les prochaines heures\u201d, selon le communiqu\u00e9 sign\u00e9 par <strong data-start=\"889\" data-end=\"905\">Perrine Paul<\/strong>, pr\u00e9sidente de l\u2019association support du club.<\/p>\n<blockquote><p>&#13;<\/p>\n<p data-start=\"957\" data-end=\"1235\">\u201cToulon est une ville de combat et nous combattrons ensemble dans les bureaux, sur le parquet et dans les tribunes !\u201d \u00e9crit la dirigeante, appelant \u00e0 l\u2019union sacr\u00e9e autour des joueuses, qui retrouveront leur public le 25 octobre face \u00e0 Strasbourg ATH au Palais des Sports.<\/p>\n<p>&#13;\n<\/p><\/blockquote>\n<p>Un choc de plus pour le handball f\u00e9minin europ\u00e9en<\/p>\n<p style=\"text-align: justify;\" data-start=\"1294\" data-end=\"1891\">Cette alerte toulonnaise r\u00e9sonne douloureusement dans un contexte d\u00e9j\u00e0 fragile pour le handball f\u00e9minin. Ces derniers mois, la discipline a vu le club de <strong data-start=\"1437\" data-end=\"1479\">Nantes Handball F\u00e9minin <\/strong>dispara\u00eetre, <strong data-start=\"1481\" data-end=\"1509\">M\u00e9rignac <\/strong>\u00eatre r\u00e9trograd\u00e9 pour raisons financi\u00e8res, tandis qu\u2019\u00e0 l\u2019\u00e9tranger, les<strong data-start=\"1560\" data-end=\"1590\"> Vipers de Kristiansand<\/strong> \u2014 triple championnes d\u2019Europe \u2014 et <strong data-start=\"1626\" data-end=\"1644\">HB Ludwigsburg<\/strong> en Allemagne ont \u00e9galement mis la cl\u00e9 sous la porte.<br data-start=\"1697\" data-end=\"1700\"\/>Une succession d\u2019\u00e9pisodes inqui\u00e9tants qui pose question sur <strong data-start=\"1760\" data-end=\"1784\">le mod\u00e8le \u00e9conomique<\/strong> du handball f\u00e9minin, encore trop d\u00e9pendant des subventions et du soutien ponctuel de partenaires priv\u00e9s.<\/p>\n<p>Un bon d\u00e9but sportif, mais un avenir incertain<\/p>\n<p style=\"text-align: justify;\" data-start=\"1947\" data-end=\"2501\">Sur le terrain, le contraste est saisissant. Toulon avait r\u00e9ussi son entame de saison, avec trois victoires, dont une r\u00e9f\u00e9rence face \u00e0 Besan\u00e7on, un nul et deux d\u00e9faites, occupant une prometteuse cinqui\u00e8me place apr\u00e8s six journ\u00e9es de Ligue Butagaz \u00c9nergie.<br data-start=\"2219\" data-end=\"2222\"\/>Sous la houlette de <strong data-start=\"2242\" data-end=\"2262\">R\u00e9mi Faug\u00e8res<\/strong>, les co\u00e9quipi\u00e8res de <strong>Kristy Zimmerman, Mari Finstad Bergum<\/strong> ou encore <strong>Sofia Deen,<\/strong>\u00a0semblaient avoir trouv\u00e9 la bonne dynamique. D\u00e9sormais, elles devront composer avec l\u2019incertitude administrative et la pression financi\u00e8re, tout en tentant de pr\u00e9server leur bon d\u00e9but de championnat.<\/p>\n<p style=\"text-align: justify;\" data-start=\"2503\" data-end=\"2869\"><strong>Le handball f\u00e9minin fran\u00e7ais, en pleine mutation et en qu\u00eate de stabilit\u00e9, assiste peut-\u00eatre \u00e0 une nouvelle alerte rouge. Toulon veut croire \u00e0 la solidarit\u00e9 de ses partenaires et de son public, mais le signal envoy\u00e9 par ce nouveau dossier illustre une tendance pr\u00e9occupante : celle d\u2019un sport en plein essor sportif, mais \u00e9conomiquement sur la corde raide.<\/strong><\/p>\n","protected":false},"excerpt":{"rendered":"Marie Finstad BERGUM &#8211; Toulon M\u00e9tropole Var Handball &#8211; Cr\u00e9dit : Aur\u00e9lien SCHELLHAAS Le ciel s\u2019est assombri au-dessus&hellip;\n","protected":false},"author":2,"featured_media":476925,"comment_status":"","ping_status":"","sticky":false,"template":"","format":"standard","meta":{"footnotes":""},"categories":[9619],"tags":[1111,11,1777,674,1011,27,12895,12,882,25,2310,60067],"class_list":{"0":"post-476924","1":"post","2":"type-post","3":"status-publish","4":"format-standard","5":"has-post-thumbnail","7":"category-toulon","8":"tag-actu","9":"tag-actualites","10":"tag-eu","11":"tag-europe","12":"tag-fr","13":"tag-france","14":"tag-ligue-butagaz-energie","15":"tag-news","16":"tag-provence-alpes-cote-dazur","17":"tag-republique-francaise","18":"tag-toulon","19":"tag-toulon-metropole-var-handball"},"share_on_mastodon":{"url":"https:\/\/pubeurope.com\/@fr\/115406180169419914","error":""},"_links":{"self":[{"href":"https:\/\/www.europesays.com\/fr\/wp-json\/wp\/v2\/posts\/476924","targetHints":{"allow":["GET"]}}],"collection":[{"href":"https:\/\/www.europesays.com\/fr\/wp-json\/wp\/v2\/posts"}],"about":[{"href":"https:\/\/www.europesays.com\/fr\/wp-json\/wp\/v2\/types\/post"}],"author":[{"embeddable":true,"href":"https:\/\/www.europesays.com\/fr\/wp-json\/wp\/v2\/users\/2"}],"replies":[{"embeddable":true,"href":"https:\/\/www.europesays.com\/fr\/wp-json\/wp\/v2\/comments?post=476924"}],"version-history":[{"count":0,"href":"https:\/\/www.europesays.com\/fr\/wp-json\/wp\/v2\/posts\/476924\/revisions"}],"wp:featuredmedia":[{"embeddable":true,"href":"https:\/\/www.europesays.com\/fr\/wp-json\/wp\/v2\/media\/476925"}],"wp:attachment":[{"href":"https:\/\/www.europesays.com\/fr\/wp-json\/wp\/v2\/media?parent=476924"}],"wp:term":[{"taxonomy":"category","embeddable":true,"href":"https:\/\/www.europesays.com\/fr\/wp-json\/wp\/v2\/categories?post=476924"},{"taxonomy":"post_tag","embeddable":true,"href":"https:\/\/www.europesays.com\/fr\/wp-json\/wp\/v2\/tags?post=476924"}],"curies":[{"name":"wp","href":"https:\/\/api.w.org\/{rel}","templated":true}]}}