{"id":476928,"date":"2025-10-20T11:09:14","date_gmt":"2025-10-20T11:09:14","guid":{"rendered":"https:\/\/www.europesays.com\/fr\/476928\/"},"modified":"2025-10-20T11:09:14","modified_gmt":"2025-10-20T11:09:14","slug":"quel-est-ce-quartier-renove-qui-sera-a-seize-minutes-du-coeur-de-ville","status":"publish","type":"post","link":"https:\/\/www.europesays.com\/fr\/476928\/","title":{"rendered":"quel est ce quartier r\u00e9nov\u00e9 qui sera \u00e0 seize minutes du coeur de ville\u00a0?"},"content":{"rendered":"<p>            Par<br \/>\n        <strong><br \/>\n            <a href=\"https:\/\/actu.fr\/auteur\/jm-aubert\" title=\"Consulter tous les articles de Jean-Marc Aubert\" target=\"_blank\" rel=\"noopener\">Jean-Marc Aubert<\/a><br \/>\n        <\/strong><\/p>\n<p>        Publi\u00e9 le<\/p>\n<p>            20 oct. 2025 \u00e0 13h01        <\/p>\n<p>\u00ab\u00a0Bonjour, M.le maire !\u00a0\u00bb : ce vendredi 17 octobre 2025 en fin d\u2019apr\u00e8s-midi, depuis son balcon du troisi\u00e8me \u00e9tage, une r\u00e9sidente d\u2019un b\u00e2timent r\u00e9nov\u00e9 de la place de Chine, dans le quartier prioritaire de la ville -QPV- du Val de Croze, \u00e0 <strong>Montpellier<\/strong>, s\u2019\u00e9poumone pour saluer Micha\u00ebl Delafosse, qui la remercie d\u2019un large sourire et d\u2019un signe de la main.\u00a0Il est le bienvenu dans ce quartier enclav\u00e9 \u00e0 l\u2019ouest de la ville, qui a connu depuis ces derniers mois une\u00a0v\u00e9ritable m\u00e9tamorphose, en lien avec l\u2019arriv\u00e9e\u00a0 de la <strong>ligne 5 de tramway.<\/strong><\/p>\n<p>    <a href=\"https:\/\/www.google.com\/maps\/embed?pb=!1m18!1m12!1m3!1d46233.68274037216!2d3.804951037319206!3d43.5939397!2m3!1f0!2f0!3f0!3m2!1i1024!2i768!4f13.1!3m3!1m2!1s0x12b6af1ec94adb73%3A0x6b939f987ed39266!2sCr%C3%A8che%20La%20Belle%20Journ%C3%A9e!5e0!3m2!1sfr!2sfr!4v1760943087323!5m2!1sfr!2sfr\" title=\"Ouvrie le lien\" target=\"_blank\" rel=\"noopener\">Cliquez ici pour visualiser le contenu<\/a><\/p>\n<p class=\" wall-content\">La place de Chine est d\u00e9sormais r\u00e9serv\u00e9e aux pi\u00e9tons, aux cyclistes et aux usagers du tram : les voies de circulation ont disparu et avec elles les places de parking. \u00ab\u00a0Autour de la place, l\u2019intervention men\u00e9e par ACM Habitat du Groupe Alt\u00e9med visait d\u2019une part, \u00e0 <strong>requalifier 230 logements d\u2019un ensemble de r\u00e9sidences sociales<\/strong>, soit un millier d\u2019habitants, afin d\u2019en am\u00e9liorer la performance \u00e9nerg\u00e9tique, la qualit\u00e9 d\u2019usage, ainsi que l\u2019int\u00e9gration urbaine au secteur pour un co\u00fbt global 13 M\u20ac HT, d\u2019autre part, \u00e0 ouvrir cette place auparavant referm\u00e9e sur elle-m\u00eame.\u00a0Les deux cr\u00e8ches associatives la Belle Journ\u00e9e\u00a0et La Ribambelle\u00a0ont \u00e9galement \u00e9t\u00e9 r\u00e9nov\u00e9es et un relais Petite enfance sera cr\u00e9\u00e9 d\u2019ici la fin de cette ann\u00e9e. Et le parvis de la Maison pour tous Michel Colucci a \u00e9t\u00e9 embelli\u00a0\u00bb, s\u2019est f\u00e9licit\u00e9 Micha\u00ebl Delafosse.<\/p>\n<p class=\" wall-content\">\n    <img   decoding=\"async\" loading=\"lazy\" src=\"https:\/\/www.europesays.com\/fr\/wp-content\/uploads\/2025\/10\/0-101-6-960x640.jpeg\" alt=\"Micha\u00ebl Delafosse, Julie Fr\u00eache, \" width=\"960\" height=\"640\"\/><br \/>\n    Micha\u00ebl Delafosse, Julie Fr\u00eache, Nicole Marin-Khoury et St\u00e9phane Jouault\u00a0(\u00a9JMA \/ M\u00e9tropolitain)<br \/>\n    <img   decoding=\"async\" loading=\"lazy\" src=\"https:\/\/www.europesays.com\/fr\/wp-content\/uploads\/2025\/10\/0-105-4-960x640.jpeg\" alt=\"Micha\u00ebl Delafosse aidant les enfants \u00e0 enterrer des plantations ai Val de Croze\" width=\"960\" height=\"640\"\/><br \/>\n    Micha\u00ebl Delafosse aidant les enfants \u00e0 enterrer des plantations ai Val de Croze (\u00a9JMA \/ M\u00e9tropolitain)<\/p>\n<p class=\" wall-content\">Un quartier qui rena\u00eet \u00e0 la grande satisfaction des r\u00e9sidents avec un beau cadeau : le Val de Croze, \u00e0 l\u2019instar d\u2019Ovalie et de Bagatelle -rattach\u00e9s \u00e0 La Croix d\u2019Argent- seront \u00e0 16 minutes seulement du coeur de ville d\u00e8s le 20 d\u00e9cembre prochain, gr\u00e2ce \u00e0 la mise en service de la <strong>ligne 5 de Lav\u00e9rune \u00e0 Clapiers,<\/strong> un tramway tant attendu apr\u00e8s des mois de travaux et de d\u00e9sagr\u00e9ments pour les citoyens. \u00ab\u00a0Elle\u00a0apportera une vraie r\u00e9ponse de mobilit\u00e9 d\u00e9carbon\u00e9e en reliant enfin ces quartiers au centre-ville de Montpellier Le trafic de transit s\u2019en verra diminu\u00e9 au profit d\u2019un cadre de vie apais\u00e9, plus calme et s\u00e9curis\u00e9, gr\u00e2ce aux nombreux am\u00e9nagements de voirie facilitant les d\u00e9placements \u00e0 pied, \u00e0 v\u00e9lo ou en tram\u00a0\u00bb, a\u00a0soulign\u00e9\u00a0Julie\u00a0Fr\u00eache.<\/p>\n<p class=\" wall-content\">L\u2019adjointe au maire a relev\u00e9 que, \u00ab\u00a0cette nouvelle ligne de tram s\u00e9curise les trajets domicile\u2013\u00e9cole gr\u00e2ce \u00e0 l\u2019\u00e9largissement des trottoirs, de nouvelles travers\u00e9es pi\u00e9tonnes, des continuit\u00e9s cyclables et des parvis v\u00e9g\u00e9talis\u00e9s. Des arbres ont \u00e9t\u00e9 plant\u00e9s. Les \u00e9tablissements scolaires du quartier b\u00e9n\u00e9ficient de ces am\u00e9liorations dans une d\u00e9marche de ville \u00e0 hauteur d\u2019enfant, visant \u00e0 favoriser l\u2019autonomie des plus jeunes dans un environnement plus calme et s\u00e9curis\u00e9\u00a0\u00bb.<\/p>\n<p>Vid\u00e9os : en ce moment sur Actu<br \/>\n    <img   decoding=\"async\" loading=\"lazy\" src=\"https:\/\/www.europesays.com\/fr\/wp-content\/uploads\/2025\/10\/0-103-960x640.jpeg\" alt=\"La fresque r\u00e9alis\u00e9e par les enfants du Val de Croze \" width=\"960\" height=\"640\"\/><br \/>\n    La fresque r\u00e9alis\u00e9e par les enfants du Val de Croze (\u00a9JMA \/ M\u00e9tropolitain)<\/p>\n<p class=\" wall-content\">La place de Chine a pris des couleurs. Sur un mur du rez-de-chauss\u00e9e d\u2019un des blocs, les enfants du quartier ont peint une grande fresque, tandis qu\u2019un poumon vert va pousser : en effet, ce vendredi, les enfants, sous les yeux des familles ravies, ont enterr\u00e9 des plantes et des fleurs dans un carr\u00e9 de v\u00e9g\u00e9tation et c\u2019est Micha\u00ebl Delafosse qui a distribu\u00e9 de petites pelles, avant d\u2019aider ces jardiniers en herbe. Avant de quitter les lieux, il a engag\u00e9 la conversation avec des adolescents \u00e0 trottinette sortant de l\u2019\u00e9cole, heureux de se retrouver dans ce bel environnement, avant de le gratifier d\u2019un amical \u00ab\u00a0Merci et au revoir M.le maire, \u00e0 bient\u00f4t\u00a0\u00bb. R\u00e9ponse dans cinq mois.<\/p>\n<p class=\" wall-content\">Personnalisez votre actualit\u00e9 en ajoutant vos villes et m\u00e9dias en favori avec <a href=\"https:\/\/moncompte.actu.fr\" title=\"D\u00e9couvez Mon Actu\" rel=\"nofollow noopener\" data-trk=\"{&quot;cta&quot;:{&quot;action&quot;:&quot;https:\\\/\\\/moncompte.actu.fr&quot;,&quot;category&quot;:&quot;mon compte&quot;,&quot;from&quot;:&quot;article footer&quot;,&quot;name&quot;:&quot;Mon actu&quot;,&quot;type&quot;:&quot;cta&quot;}}\" target=\"_blank\">Mon Actu<\/a>.<\/p>\n","protected":false},"excerpt":{"rendered":"Par Jean-Marc Aubert Publi\u00e9 le 20 oct. 2025 \u00e0 13h01 \u00ab\u00a0Bonjour, M.le maire !\u00a0\u00bb : ce vendredi 17&hellip;\n","protected":false},"author":2,"featured_media":476929,"comment_status":"","ping_status":"","sticky":false,"template":"","format":"standard","meta":{"footnotes":""},"categories":[9599],"tags":[1111,11,60068,33,436,1777,674,1011,27,2208,12,2680,25,59623],"class_list":{"0":"post-476928","1":"post","2":"type-post","3":"status-publish","4":"format-standard","5":"has-post-thumbnail","7":"category-montpellier","8":"tag-actu","9":"tag-actualites","10":"tag-arboriculture","11":"tag-economie","12":"tag-environnement","13":"tag-eu","14":"tag-europe","15":"tag-fr","16":"tag-france","17":"tag-montpellier","18":"tag-news","19":"tag-occitanie","20":"tag-republique-francaise","21":"tag-tam"},"share_on_mastodon":{"url":"https:\/\/pubeurope.com\/@fr\/115406187142930561","error":""},"_links":{"self":[{"href":"https:\/\/www.europesays.com\/fr\/wp-json\/wp\/v2\/posts\/476928","targetHints":{"allow":["GET"]}}],"collection":[{"href":"https:\/\/www.europesays.com\/fr\/wp-json\/wp\/v2\/posts"}],"about":[{"href":"https:\/\/www.europesays.com\/fr\/wp-json\/wp\/v2\/types\/post"}],"author":[{"embeddable":true,"href":"https:\/\/www.europesays.com\/fr\/wp-json\/wp\/v2\/users\/2"}],"replies":[{"embeddable":true,"href":"https:\/\/www.europesays.com\/fr\/wp-json\/wp\/v2\/comments?post=476928"}],"version-history":[{"count":0,"href":"https:\/\/www.europesays.com\/fr\/wp-json\/wp\/v2\/posts\/476928\/revisions"}],"wp:featuredmedia":[{"embeddable":true,"href":"https:\/\/www.europesays.com\/fr\/wp-json\/wp\/v2\/media\/476929"}],"wp:attachment":[{"href":"https:\/\/www.europesays.com\/fr\/wp-json\/wp\/v2\/media?parent=476928"}],"wp:term":[{"taxonomy":"category","embeddable":true,"href":"https:\/\/www.europesays.com\/fr\/wp-json\/wp\/v2\/categories?post=476928"},{"taxonomy":"post_tag","embeddable":true,"href":"https:\/\/www.europesays.com\/fr\/wp-json\/wp\/v2\/tags?post=476928"}],"curies":[{"name":"wp","href":"https:\/\/api.w.org\/{rel}","templated":true}]}}