{"id":476932,"date":"2025-10-20T11:11:10","date_gmt":"2025-10-20T11:11:10","guid":{"rendered":"https:\/\/www.europesays.com\/fr\/476932\/"},"modified":"2025-10-20T11:11:10","modified_gmt":"2025-10-20T11:11:10","slug":"quatre-hommes-condamnes-a-rouen","status":"publish","type":"post","link":"https:\/\/www.europesays.com\/fr\/476932\/","title":{"rendered":"quatre hommes condamn\u00e9s \u00e0 Rouen"},"content":{"rendered":"<p>            Par<br \/>\n        <strong><br \/>\n            <a href=\"https:\/\/actu.fr\/auteur\/fmass\" title=\"Consulter tous les articles de Fabien Massin\" target=\"_blank\" rel=\"noopener\">Fabien Massin<\/a><br \/>\n        <\/strong><\/p>\n<p>        Publi\u00e9 le<\/p>\n<p>            20 oct. 2025 \u00e0 12h41        <\/p>\n<p>Une exp\u00e9dition punitive sur fond de r\u00e8glement de comptes. Dans la soir\u00e9e du 22 ao\u00fbt 2025, en pleine rue \u00e0 <a href=\"https:\/\/actu.fr\/normandie\/barentin_76057\" target=\"_blank\" rel=\"noopener\">Barentin (Seine-Maritime)<\/a>, un homme \u00e2g\u00e9 d\u2019une vingtaine d\u2019ann\u00e9es est rou\u00e9 de coups, <strong>puis enlev\u00e9 et forc\u00e9 de monter dans une voiture<\/strong>. Il est laiss\u00e9 une heure plus tard \u00e0 la lisi\u00e8re d\u2019une for\u00eat. Pour ces faits, quatre hommes \u00e9taient jug\u00e9s par le<a href=\"https:\/\/actu.fr\/tag\/tribunal-de-rouen\" target=\"_blank\" rel=\"noopener\"> tribunal de Rouen<\/a> vendredi 17 octobre 2025.\u00a0\u00a0<\/p>\n<p>Un t\u00e9moin rel\u00e8ve la plaque d\u2019immatriculation<\/p>\n<p class=\" wall-content\">Ce vendredi soir-l\u00e0, Enzo* circule sur sa trottinette quand trois individus \u2014 Aur\u00e9lien, K\u00e9vin et Lamine*, \u00e2g\u00e9s de 23 \u00e0 32 ans \u2014\u00a0 lui tombent dessus. Enzo est amen\u00e9 de force dans une Peugeot 207 conduite par un complice, Idriss*, 20 ans. <strong>Mais un t\u00e9moin a tout vu de la sc\u00e8ne d\u2019enl\u00e8vement<\/strong>, un homme qui avec sa voiture, tente de barrer la route la route aux agresseurs. S\u2019il ne parvient pas \u00e0 les immobiliser, il prend bien soin de noter l\u2019immatriculation de la Peugeot.\u00a0<\/p>\n<p class=\" wall-content\">Pendant la fuite, l\u2019un des ravisseurs contraint Enzo \u00e0 baisser la t\u00eate,<strong> pour lui masquer le chemin emprunt\u00e9<\/strong>. Arriv\u00e9 pr\u00e8s d\u2019une for\u00eat, ils le font sortir et le frappent \u00e0 nouveau, lui cassant notamment les dents.\u00a0<\/p>\n<p class=\" wall-content\">L\u2019enqu\u00eate aboutit rapidement \u00e0 l\u2019arrestation des quatre accus\u00e9s, Aur\u00e9lien, K\u00e9vin et Lamine, poursuivis pour <strong>enl\u00e8vement, s\u00e9questration et violences en r\u00e9union<\/strong>, et Idriss, le conducteur, pour complicit\u00e9. Les agresseurs ont \u00e9t\u00e9 confondus par une s\u00e9rie d\u2019\u00e9l\u00e9ments recueillis au cours de l\u2019enqu\u00eate : images de vid\u00e9osurveillance le soir des faits, bornage des t\u00e9l\u00e9phones portables et analyse de leur contenu, ou encore relev\u00e9 d\u2019empreintes ADN. \u00c0 l\u2019issue de leur garde \u00e0 vue, Aur\u00e9lien, K\u00e9vin et Lamine sont plac\u00e9s en d\u00e9tention provisoire et Idriss sous contr\u00f4le judiciaire.\u00a0<\/p>\n<p>\u00ab\u00a0La victime n\u2019est pas l\u00e0 aujourd\u2019hui, on sait pourquoi\u00a0\u00bb<\/p>\n<p class=\" wall-content\">Au cours de l\u2019enqu\u00eate un motif apparait : une dette que les agresseurs, peut-\u00eatre sur fond de trafic de dogues, aurait voulu r\u00e9cup\u00e9rer manu militari aupr\u00e8s d\u2019Enzo. Victime qui n\u2019a pas port\u00e9 plainte et qui n\u2019\u00e9tait pas non plus pr\u00e9sente au proc\u00e8s.<\/p>\n<p class=\" wall-content\">Dans son r\u00e9quisitoire, la procureure de la R\u00e9publique estime : \u00ab\u00a0La victime n\u2019est pas l\u00e0 aujourd\u2019hui, depuis le d\u00e9but elle ne veut pas coop\u00e9rer, on sait pourquoi. L\u2019id\u00e9e <strong>c\u2019est r\u00e9cup\u00e9rer une dette de stup\u00e9fiants<\/strong>. En r\u00e9alit\u00e9 il a peur des repr\u00e9sailles.\u00a0\u00bb Et lui comme ses agresseurs a un casier judiciaire d\u00e9j\u00e0 bien fourni.\u00a0<\/p>\n<blockquote class=\"ac-article-quote wall-content\">\n<p>Ce dossier ne serait pas jug\u00e9 aujourd\u2019hui s\u2019il n\u2019y avait pas eu M. V. de passage en voiture, t\u00e9moin courageux qui a vu l\u2019enl\u00e8vement et a voulu s&rsquo;y opposer.<\/p>\n<p>    <strong>Procureure de la R\u00e9publique \u00e0 Rouen <\/strong>\n            <\/p><\/blockquote>\n<p>Votre r\u00e9gion, votre actu !<\/p>\n<p>Recevez chaque jour les infos qui comptent pour vous.<\/p>\n<p>\t<a href=\"https:\/\/actu.fr\/newsletter\" class=\"ac-btn ac-btn--corner ac-btn--medium ac-btn--blue800\" target=\"_blank\" rel=\"noopener\">S&rsquo;incrire<\/a><\/p>\n<p class=\" wall-content\">\u00c0 l\u2019audience, les trois accus\u00e9s dans le box <strong>nient tout implication dans cette soir\u00e9e<\/strong>. \u00ab\u00a0Mon t\u00e9l\u00e9phone a born\u00e9 \u00e0 Barentin ce soir-l\u00e0, c\u2019est vrai, mais c\u2019est parce que j\u2019\u00e9tais all\u00e9 voir mon p\u00e8re\u00a0\u00bb, essaye d\u2019expliquer K\u00e9vin. Lamine se hasarde \u00e9galement \u00e0 d\u00e9clarer : \u00ab\u00a0On a trouv\u00e9 mon ADN mais peut-\u00eatre qu\u2019il a \u00e9t\u00e9 rajout\u00e9 apr\u00e8s\u00a0\u00bb.<\/p>\n<p>\u00ab\u00a0Le doute doit toujours profiter \u00e0 l\u2019accus\u00e9\u00a0\u00bb\u00a0<\/p>\n<p class=\" wall-content\">Pas de quoi convaincre la procureure de la R\u00e9publique, loin s\u2019en faut, pour qui la participation des accus\u00e9s \u00e0 l\u2019agression est \u00e9tablie, malgr\u00e9 les tentatives des avocats pour tenter de d\u00e9montrer les failles de l\u2019enqu\u00eate et les incertitudes sur le d\u00e9roul\u00e9 exact des faits, l\u2019un d\u2019eux soulignant que<strong> \u00ab\u00a0le doute doit toujours profiter \u00e0 l\u2019accus\u00e9\u00a0\u00bb.\u00a0<\/strong><\/p>\n<p class=\" wall-content\">Au final, le tribunal a condamn\u00e9** Idriss, le conducteur, \u00e0 6 mois de prison am\u00e9nageables sous le r\u00e9gime du bracelet \u00e9lectronique, Aur\u00e9lien et Lamine \u00e0 2 ans de prison ferme avec maintien en d\u00e9tention, et K\u00e9vin \u00e0 3 ans et demi de prison avec maintien en d\u00e9tention.\u00a0<\/p>\n<p class=\" wall-content\">*Les pr\u00e9noms ont \u00e9t\u00e9 modifi\u00e9s<\/p>\n<p class=\" wall-content\">**Ces peines sont susceptibles d\u2019appel. Tout justiciable demeure pr\u00e9sum\u00e9 innocent tant que toutes les voies de recours n\u2019ont pas \u00e9t\u00e9 \u00e9puis\u00e9es.<\/p>\n<p>Suivez l\u2019actualit\u00e9 de Rouen sur notre <a href=\"https:\/\/www.whatsapp.com\/channel\/0029VaKfnf99hXF2ddApFB1D\" target=\"_blank\" rel=\"noopener\">cha\u00eene WhatsApp<\/a> et sur notre <a href=\"https:\/\/www.tiktok.com\/@76actu.fr?lang=fr\" target=\"_blank\" rel=\"noopener\">compte TikTok<\/a><\/p>\n<p class=\" wall-content\">Personnalisez votre actualit\u00e9 en ajoutant vos villes et m\u00e9dias en favori avec <a href=\"https:\/\/moncompte.actu.fr\" title=\"D\u00e9couvez Mon Actu\" rel=\"nofollow noopener\" data-trk=\"{&quot;cta&quot;:{&quot;action&quot;:&quot;https:\\\/\\\/moncompte.actu.fr&quot;,&quot;category&quot;:&quot;mon compte&quot;,&quot;from&quot;:&quot;article footer&quot;,&quot;name&quot;:&quot;Mon actu&quot;,&quot;type&quot;:&quot;cta&quot;}}\" target=\"_blank\">Mon Actu<\/a>.<\/p>\n<p>                    <script async src=\"\/\/www.tiktok.com\/embed.js\"><\/script><\/p>\n","protected":false},"excerpt":{"rendered":"Par Fabien Massin Publi\u00e9 le 20 oct. 2025 \u00e0 12h41 Une exp\u00e9dition punitive sur fond de r\u00e8glement de&hellip;\n","protected":false},"author":2,"featured_media":476933,"comment_status":"","ping_status":"","sticky":false,"template":"","format":"standard","meta":{"footnotes":""},"categories":[9587],"tags":[1111,11,1052,1777,674,118,1011,27,303,12,5161,25,9590,13682],"class_list":{"0":"post-476932","1":"post","2":"type-post","3":"status-publish","4":"format-standard","5":"has-post-thumbnail","7":"category-rouen","8":"tag-actu","9":"tag-actualites","10":"tag-drogue","11":"tag-eu","12":"tag-europe","13":"tag-faits-divers","14":"tag-fr","15":"tag-france","16":"tag-justice","17":"tag-news","18":"tag-normandie","19":"tag-republique-francaise","20":"tag-rouen","21":"tag-tribunal-de-rouen"},"share_on_mastodon":{"url":"https:\/\/pubeurope.com\/@fr\/115406194903899602","error":""},"_links":{"self":[{"href":"https:\/\/www.europesays.com\/fr\/wp-json\/wp\/v2\/posts\/476932","targetHints":{"allow":["GET"]}}],"collection":[{"href":"https:\/\/www.europesays.com\/fr\/wp-json\/wp\/v2\/posts"}],"about":[{"href":"https:\/\/www.europesays.com\/fr\/wp-json\/wp\/v2\/types\/post"}],"author":[{"embeddable":true,"href":"https:\/\/www.europesays.com\/fr\/wp-json\/wp\/v2\/users\/2"}],"replies":[{"embeddable":true,"href":"https:\/\/www.europesays.com\/fr\/wp-json\/wp\/v2\/comments?post=476932"}],"version-history":[{"count":0,"href":"https:\/\/www.europesays.com\/fr\/wp-json\/wp\/v2\/posts\/476932\/revisions"}],"wp:featuredmedia":[{"embeddable":true,"href":"https:\/\/www.europesays.com\/fr\/wp-json\/wp\/v2\/media\/476933"}],"wp:attachment":[{"href":"https:\/\/www.europesays.com\/fr\/wp-json\/wp\/v2\/media?parent=476932"}],"wp:term":[{"taxonomy":"category","embeddable":true,"href":"https:\/\/www.europesays.com\/fr\/wp-json\/wp\/v2\/categories?post=476932"},{"taxonomy":"post_tag","embeddable":true,"href":"https:\/\/www.europesays.com\/fr\/wp-json\/wp\/v2\/tags?post=476932"}],"curies":[{"name":"wp","href":"https:\/\/api.w.org\/{rel}","templated":true}]}}