{"id":476942,"date":"2025-10-20T11:16:13","date_gmt":"2025-10-20T11:16:13","guid":{"rendered":"https:\/\/www.europesays.com\/fr\/476942\/"},"modified":"2025-10-20T11:16:13","modified_gmt":"2025-10-20T11:16:13","slug":"panne-mondiale-chez-amazon-ligne-b-du-metro-de-rennes-en-rade-sauvetage-danimaux-maltraites-le-point-a-la-mi-journee","status":"publish","type":"post","link":"https:\/\/www.europesays.com\/fr\/476942\/","title":{"rendered":"Panne mondiale chez Amazon, ligne B du m\u00e9tro de Rennes en rade, sauvetage d\u2019animaux maltrait\u00e9s\ufeff\ufeff\u00a0: le point \u00e0 la mi-journ\u00e9e"},"content":{"rendered":"<p><strong>Cambriolage au Louvre : le mus\u00e9e toujours ferm\u00e9 ce lundi<\/strong><\/p>\n<p>Au lendemain du cambriolage au mus\u00e9e du Louvre, <a href=\"https:\/\/www.letelegramme.fr\/france\/le-musee-du-louvre-nouvrira-pas-ses-portes-ce-lundi-apres-le-vol-des-bijoux-6912237.php\" target=\"_blank\" rel=\"nofollow noopener\">l\u2019\u00e9tablissement reste ferm\u00e9 ce lundi<\/a>. Il ne devrait pas rouvrir avant mercredi, le mardi \u00e9tant jour de fermeture hebdomadaire. Ce matin, le ministre de la Justice G\u00e9rald Darmanin a d\u00e9clar\u00e9 que <a href=\"https:\/\/www.letelegramme.fr\/france\/cambriolage-au-musee-du-louvre-nous-avons-failli-reconnait-gerald-darmanin-6912180.php\" target=\"_blank\" rel=\"nofollow noopener\">les autorit\u00e9s ont \u00ab failli \u00bb en n\u2019emp\u00eachant pas le cambriolage<\/a>, qui renvoie \u00ab une image tr\u00e8s n\u00e9gative de la France \u00bb. Et Laurent Nu\u00f1ez, ministre de l\u2019Int\u00e9rieur, va envoyer une instruction \u00e0 tous les pr\u00e9fets pour qu\u2019ils renforcent les dispositifs de s\u00e9curit\u00e9 autour des \u00e9tablissements culturels.<\/p>\n<blockquote class=\"twitter-tweet\">\n<p lang=\"fr\" dir=\"ltr\">Cambriolage au Mus\u00e9e du Louvre : \u00ab\u00a0On ne peut pas faire la s\u00e9curisation totale de tous les lieux mais ce qui est s\u00fbr, c&rsquo;est que nous avons failli\u00a0\u00bb, d\u00e9plore le ministre de la Justice G\u00e9rald Darmanin.<a href=\"https:\/\/twitter.com\/hashtag\/le710inter?src=hash&amp;ref_src=twsrc%5Etfw\" rel=\"nofollow noopener\" target=\"_blank\">#le710inter<\/a><a href=\"https:\/\/t.co\/pGaLRBb6LM\" rel=\"nofollow\">pic.twitter.com\/pGaLRBb6LM<\/a><\/p>\n<p>\u2014 France Inter (@franceinter) <a href=\"https:\/\/twitter.com\/franceinter\/status\/1980152840103379225?ref_src=twsrc%5Etfw\" rel=\"nofollow noopener\" target=\"_blank\">October 20, 2025<\/a><\/p><\/blockquote>\n<p><strong>Panne mondiale du service cloud d\u2019Amazon : de nombreux sites touch\u00e9s<\/strong><\/p>\n<p>AWS, le service cloud d\u2019Amazon, <a href=\"https:\/\/www.letelegramme.fr\/monde\/amazon-snapchat-fortnite-prime-video-de-nombreux-sites-internet-et-application-touches-par-une-panne-mondiale-6912316.php\" target=\"_blank\" rel=\"nofollow noopener\">a \u00e9t\u00e9 touch\u00e9 par une panne mondiale<\/a>. De nombreux sites Internet et applications ont \u00e9t\u00e9 affect\u00e9s, comme Airbnb, Instagram, Steam ou encore les jeux en ligne Roblox et Brawl Stars. Plusieurs op\u00e9rateurs de t\u00e9l\u00e9phonie ont aussi \u00e9t\u00e9 concern\u00e9s comme Orange, Bouygues Telecom et SFR.<\/p>\n<p><strong>Pr\u00e8s de Landivisiau : des centaines d\u2019animaux maltrait\u00e9s en cours de sauvetage<\/strong><\/p>\n<p>\u00c0 Bodilis, plusieurs refuges et la gendarmerie participent \u00e0 <a href=\"https:\/\/www.letelegramme.fr\/cotes-d-armor\/lannion-22300\/pres-de-400-animaux-maltraites-en-cours-de-sauvetage-a-bodilis-pres-de-landivisiau-6912331.php\" target=\"_blank\" rel=\"nofollow noopener\">un sauvetage hors normes de pr\u00e8s de 400 animaux sans soins<\/a> : des pigeons dans des caravanes, des canards, des oiseaux, mais aussi une trentaine de poneys et d\u2019\u00e2nes, ainsi qu\u2019une trentaine de ch\u00e8vres.<\/p>\n<p><strong>Rennes : la ligne B du m\u00e9tro en panne depuis ce matin<\/strong><\/p>\n<p>Depuis 6 h ce lundi matin, ouverture du service, <a href=\"https:\/\/www.letelegramme.fr\/ille-et-vilaine\/rennes-35000\/panne-geante-sur-la-ligne-b-du-metro-de-rennes-le-trafic-completement-interrompu-6912164.php\" target=\"_blank\" rel=\"nofollow noopener\">la ligne B du m\u00e9tro de Rennes est \u00e0 l\u2019arr\u00eat<\/a>. Keolis a indiqu\u00e9 que la mise en circulation n\u2019a pas pu \u00eatre effectu\u00e9e \u00ab en raison d\u2019un incident durant la maintenance cette nuit \u00bb. Ainsi, \u00ab un aiguillage permettant d\u2019acheminer les rames vers la ligne a \u00e9t\u00e9 endommag\u00e9 \u00bb. Une ligne de bus relais a \u00e9t\u00e9 mise en place.<\/p>\n<p><strong>M\u00e9t\u00e9o en Bretagne : vents violents et vagues submersion ce lundi<\/strong><\/p>\n<p>Le Finist\u00e8re, le Morbihan et les C\u00f4tes-d\u2019Armor sont plac\u00e9s en vigilance jaune \u00ab vents violents \u00bb par M\u00e9t\u00e9o-France pour la journ\u00e9e de ce lundi. Par ailleurs, l\u2019organisme a \u00e9galement plac\u00e9 les trois d\u00e9partements bretons, \u00e0 partir de 15 h cet apr\u00e8s-midi, <a href=\"https:\/\/www.letelegramme.fr\/bretagne\/des-vents-violents-et-des-risques-de-submersion-annonces-en-bretagne-ce-lundi-6912067.php\" target=\"_blank\" rel=\"nofollow noopener\">en vigilance jaune \u00ab vagues-submersion \u00bb<\/a>.<\/p>\n<p><script async src=\"https:\/\/platform.twitter.com\/widgets.js\" charset=\"utf-8\"><\/script><\/p>\n","protected":false},"excerpt":{"rendered":"Cambriolage au Louvre : le mus\u00e9e toujours ferm\u00e9 ce lundi Au lendemain du cambriolage au mus\u00e9e du Louvre,&hellip;\n","protected":false},"author":2,"featured_media":476943,"comment_status":"","ping_status":"","sticky":false,"template":"","format":"standard","meta":{"footnotes":""},"categories":[2821],"tags":[1111,11,829,765,1777,674,1011,27,12,584,25],"class_list":{"0":"post-476942","1":"post","2":"type-post","3":"status-publish","4":"format-standard","5":"has-post-thumbnail","7":"category-rennes","8":"tag-actu","9":"tag-actualites","10":"tag-bretagne","11":"tag-en-continu","12":"tag-eu","13":"tag-europe","14":"tag-fr","15":"tag-france","16":"tag-news","17":"tag-rennes","18":"tag-republique-francaise"},"share_on_mastodon":{"url":"","error":""},"_links":{"self":[{"href":"https:\/\/www.europesays.com\/fr\/wp-json\/wp\/v2\/posts\/476942","targetHints":{"allow":["GET"]}}],"collection":[{"href":"https:\/\/www.europesays.com\/fr\/wp-json\/wp\/v2\/posts"}],"about":[{"href":"https:\/\/www.europesays.com\/fr\/wp-json\/wp\/v2\/types\/post"}],"author":[{"embeddable":true,"href":"https:\/\/www.europesays.com\/fr\/wp-json\/wp\/v2\/users\/2"}],"replies":[{"embeddable":true,"href":"https:\/\/www.europesays.com\/fr\/wp-json\/wp\/v2\/comments?post=476942"}],"version-history":[{"count":0,"href":"https:\/\/www.europesays.com\/fr\/wp-json\/wp\/v2\/posts\/476942\/revisions"}],"wp:featuredmedia":[{"embeddable":true,"href":"https:\/\/www.europesays.com\/fr\/wp-json\/wp\/v2\/media\/476943"}],"wp:attachment":[{"href":"https:\/\/www.europesays.com\/fr\/wp-json\/wp\/v2\/media?parent=476942"}],"wp:term":[{"taxonomy":"category","embeddable":true,"href":"https:\/\/www.europesays.com\/fr\/wp-json\/wp\/v2\/categories?post=476942"},{"taxonomy":"post_tag","embeddable":true,"href":"https:\/\/www.europesays.com\/fr\/wp-json\/wp\/v2\/tags?post=476942"}],"curies":[{"name":"wp","href":"https:\/\/api.w.org\/{rel}","templated":true}]}}