{"id":476948,"date":"2025-10-20T11:19:12","date_gmt":"2025-10-20T11:19:12","guid":{"rendered":"https:\/\/www.europesays.com\/fr\/476948\/"},"modified":"2025-10-20T11:19:12","modified_gmt":"2025-10-20T11:19:12","slug":"nice-une-partie-de-lautoroute-a8-fermee-cette-semaine-voici-ou-et-pourquoi","status":"publish","type":"post","link":"https:\/\/www.europesays.com\/fr\/476948\/","title":{"rendered":"Nice. Une partie de l&rsquo;autoroute A8 ferm\u00e9e cette semaine, voici o\u00f9 et pourquoi"},"content":{"rendered":"<p>            Par<br \/>\n        <strong><br \/>\n            <a href=\"https:\/\/actu.fr\/auteur\/arthur-frand\" title=\"Consulter tous les articles de Arthur Frand\" target=\"_blank\" rel=\"noopener\">Arthur Frand<\/a><br \/>\n        <\/strong><\/p>\n<p>        Publi\u00e9 le<\/p>\n<p>            20 oct. 2025 \u00e0 12h43        <\/p>\n<p>Habitu\u00e9s de l\u2019A8, il faudra prendre vos pr\u00e9cautions en cette semaine du 20\u00a0octobre 2025. \u00c0 <a href=\"https:\/\/actu.fr\/nice\/\" target=\"_blank\" rel=\"noopener\">Nice<\/a> (<a href=\"https:\/\/actu.fr\/provence-alpes-cote-d-azur\/alpes-maritimes_06\" target=\"_blank\" rel=\"noopener\">Alpes-Maritimes<\/a>), une <strong>partie de l\u2019autoroute<\/strong> sera en effet ferm\u00e9e durant trois nuits, \u00e0 partir de 22\u2009h.<\/p>\n<p class=\" wall-content\">Des travaux de r\u00e9novation de chauss\u00e9s <strong>vont avoir lieu<\/strong>. Il est conseill\u00e9 d\u2019emprunter un itin\u00e9raire bis pour \u00e9viter de se retrouver bloqu\u00e9 en rentrant ou en partant au travail.<\/p>\n<p>Ferm\u00e9e de 22h \u00e0 6h du matin<\/p>\n<p class=\" wall-content\">\u00c0 Nice, <a href=\"https:\/\/actu.fr\/provence-alpes-cote-d-azur\/le-cannet_06030\/accident-sur-l-a8-un-minibus-se-renverse-entre-antibes-et-cannes-pres-d-une-heure-de-bouchons_63261352.html\" target=\"_blank\" rel=\"noopener\">l\u2019autoroute A8<\/a> <strong>sera inaccessible<\/strong> aux automobilistes les nuits du lundi\u00a020 au vendredi 24\u00a0octobre, \u00e0 partir de 22h00 et au plus tard jusqu\u2019\u00e0 06h du matin. L\u2019autoroute A8 sera ferm\u00e9e entre les \u00e9changeurs de Nice Saint-Isidore (n\u00b052) et Nice A\u00e9roport (n\u00b051), en direction d\u2019Aix-en-Provence.<\/p>\n<p class=\" wall-content\">La raison\u2009? Des travaux de r\u00e9novation des chauss\u00e9es au niveau de Saint-Isidore, qui s\u2019effectuent de nuit afin de perturber le moins possible la circulation.<\/p>\n<p>Une d\u00e9viation mise en place<\/p>\n<p class=\" wall-content\">Face \u00e0 ce d\u00e9sagr\u00e9ment, les usagers de la route devront <strong>revoir leur itin\u00e9raire<\/strong> en fin de journ\u00e9e et tr\u00e8s t\u00f4t le matin. Une d\u00e9viation est mise en place. \u00ab\u2009Les conducteurs devront quitter l\u2019autoroute A8 via l\u2019\u00e9changeur de Nice Saint-Isidore (n\u00b052) et pourront la rejoindre via l\u2019\u00e9changeur de Nice A\u00e9roport (n\u00b051)\u2009\u00bb, pr\u00e9cise Vinci Autoroutes.<\/p>\n<p class=\" wall-content\">\n<p>Modification de circulation sur Nice Est<\/p>\n<p class=\" wall-content\">Parall\u00e8lement, des travaux de maintenance auront aussi lieu sur l\u2019autoroute A8 au niveau <strong>de l\u2019\u00e9changeur de Nice Est<\/strong> (n\u00b055). Afin de minimiser la g\u00eane au trafic, les travaux se d\u00e9rouleront de nuit, entre 20h30 et 6h, du lundi\u00a020 au vendredi 24\u00a0octobre, pr\u00e9cise Vinci Autoroutes.<\/p>\n<p class=\" wall-content\">Personnalisez votre actualit\u00e9 en ajoutant vos villes et m\u00e9dias en favori avec <a href=\"https:\/\/moncompte.actu.fr\" title=\"D\u00e9couvez Mon Actu\" rel=\"nofollow noopener\" data-trk=\"{&quot;cta&quot;:{&quot;action&quot;:&quot;https:\\\/\\\/moncompte.actu.fr&quot;,&quot;category&quot;:&quot;mon compte&quot;,&quot;from&quot;:&quot;article footer&quot;,&quot;name&quot;:&quot;Mon actu&quot;,&quot;type&quot;:&quot;cta&quot;}}\" target=\"_blank\">Mon Actu<\/a>.<\/p>\n","protected":false},"excerpt":{"rendered":"Par Arthur Frand Publi\u00e9 le 20 oct. 2025 \u00e0 12h43 Habitu\u00e9s de l\u2019A8, il faudra prendre vos pr\u00e9cautions&hellip;\n","protected":false},"author":2,"featured_media":115337,"comment_status":"","ping_status":"","sticky":false,"template":"","format":"standard","meta":{"footnotes":""},"categories":[2819],"tags":[1111,11,5397,3542,1777,674,1011,27,12,2401,882,25,104],"class_list":{"0":"post-476948","1":"post","2":"type-post","3":"status-publish","4":"format-standard","5":"has-post-thumbnail","7":"category-nice","8":"tag-actu","9":"tag-actualites","10":"tag-autoroute-8-a8","11":"tag-circulation","12":"tag-eu","13":"tag-europe","14":"tag-fr","15":"tag-france","16":"tag-news","17":"tag-nice","18":"tag-provence-alpes-cote-dazur","19":"tag-republique-francaise","20":"tag-societe"},"share_on_mastodon":{"url":"https:\/\/pubeurope.com\/@fr\/115406226321790363","error":""},"_links":{"self":[{"href":"https:\/\/www.europesays.com\/fr\/wp-json\/wp\/v2\/posts\/476948","targetHints":{"allow":["GET"]}}],"collection":[{"href":"https:\/\/www.europesays.com\/fr\/wp-json\/wp\/v2\/posts"}],"about":[{"href":"https:\/\/www.europesays.com\/fr\/wp-json\/wp\/v2\/types\/post"}],"author":[{"embeddable":true,"href":"https:\/\/www.europesays.com\/fr\/wp-json\/wp\/v2\/users\/2"}],"replies":[{"embeddable":true,"href":"https:\/\/www.europesays.com\/fr\/wp-json\/wp\/v2\/comments?post=476948"}],"version-history":[{"count":0,"href":"https:\/\/www.europesays.com\/fr\/wp-json\/wp\/v2\/posts\/476948\/revisions"}],"wp:featuredmedia":[{"embeddable":true,"href":"https:\/\/www.europesays.com\/fr\/wp-json\/wp\/v2\/media\/115337"}],"wp:attachment":[{"href":"https:\/\/www.europesays.com\/fr\/wp-json\/wp\/v2\/media?parent=476948"}],"wp:term":[{"taxonomy":"category","embeddable":true,"href":"https:\/\/www.europesays.com\/fr\/wp-json\/wp\/v2\/categories?post=476948"},{"taxonomy":"post_tag","embeddable":true,"href":"https:\/\/www.europesays.com\/fr\/wp-json\/wp\/v2\/tags?post=476948"}],"curies":[{"name":"wp","href":"https:\/\/api.w.org\/{rel}","templated":true}]}}