{"id":476949,"date":"2025-10-20T11:20:16","date_gmt":"2025-10-20T11:20:16","guid":{"rendered":"https:\/\/www.europesays.com\/fr\/476949\/"},"modified":"2025-10-20T11:20:16","modified_gmt":"2025-10-20T11:20:16","slug":"logc-nice-confirme-sa-montee-en-puissance-et-construit-un-collectif-solide-apres-son-succes-contre-lyon","status":"publish","type":"post","link":"https:\/\/www.europesays.com\/fr\/476949\/","title":{"rendered":"l\u2019OGC Nice confirme sa mont\u00e9e en puissance et construit un collectif solide apr\u00e8s son succ\u00e8s contre Lyon"},"content":{"rendered":"<p class=\"fs-5 \">C\u2019est peut-\u00eatre au moment o\u00f9 on les attendait le moins que les <strong>Ni\u00e7ois<\/strong> ont trouv\u00e9 les ressources pour se relever.<\/p>\n<p class=\"fs-5 \">Alors qu\u2019on leur promettait l\u2019enfer dans un mois d\u2019octobre qui semblait un peu trop p\u00e9rilleux pour eux, au vu de leur d\u00e9but de saison tr\u00e8s moyen, les hommes de <strong>Franck Haise<\/strong> viennent de prendre 4 points contre <strong>Monaco<\/strong> et <strong>Lyon <\/strong>pour se rapprocher comptablement (10e avec 11 points) d\u2019une premi\u00e8re partie de tableau plus en ad\u00e9quation avec leurs ambitions.<\/p>\n<p class=\"fs-5 \"><strong>Ces deux bonnes performances (nul 2-2, succ\u00e8s 3-2), le Gym est all\u00e9 les chercher dans la douleur au gr\u00e9 d\u2019une remarquable solidarit\u00e9<\/strong>, qui laisse \u00e0 penser qu\u2019un collectif est enfin en train de na\u00eetre.<\/p>\n<p>            <img src=\"https:\/\/www.europesays.com\/fr\/wp-content\/uploads\/2025\/10\/1760959214_845_541590b_upload-from-url-1-bnxnprlir2dk-data-art-16447404.jpg\"   loading=\"lazy\" decoding=\"async\" alt=\"Le match se d\u00e9roulait \u00e0 l\u2019Allianz Riviera. \" class=\"img-fluid position-absolute w-100 object-fit-cover rounded-2\" width=\"600\" height=\"400\"\/><\/p>\n<p>                                                                                Soud\u00e9 et efficace dans les deux surfaces<\/p>\n<p class=\"fs-5 \">C\u2019\u00e9tait l\u2019enjeu de ce retour de tr\u00eave\u00a0: <a href=\"https:\/\/www.nicematin.com\/sports\/football\/l-ogc-nice-et-l-as-monaco-se-quittent-sur-un-match-nul-lors-du-derby-de-la-cote-d-azur-10650988\" target=\"_blank\" rel=\"noopener\">la belle impression laiss\u00e9e au Louis-II <\/a>allait-elle se prolonger \u00e0 l<strong>\u2019Allianz Riviera<\/strong>\u00a0?<a href=\"https:\/\/www.nicematin.com\/sports\/football\/les-nicois-sortent-vainqueurs-de-cette-8e-journee-apres-avoir-battu-l-olympique-lyonnais-a-domicile-10653083\" target=\"_blank\" rel=\"noopener\"> La r\u00e9ponse du groupe ni\u00e7ois a \u00e9t\u00e9 celle esp\u00e9r\u00e9e par Franck Haise<\/a>.<\/p>\n<p class=\"fs-5 \">Domin\u00e9s dans le jeu par une \u00e9quipe lyonnaise port\u00e9e par la dynamique de son bon d\u00e9but d\u2019exercice, les Aiglons ont b\u00e2ti leur troisi\u00e8me succ\u00e8s de la saison par leur discipline d\u00e9fensive et leur r\u00e9alisme offensif, eux qui avaient jusqu\u2019ici pay\u00e9 cher leur manque d\u2019efficacit\u00e9 dans les deux surfaces. Ils ont sans doute trop subi (29 tirs conc\u00e9d\u00e9s) pour tenir vraiment leur match r\u00e9f\u00e9rence mais les progr\u00e8s sont r\u00e9els, dans le jeu et dans les attitudes.<\/p>\n<p class=\"fs-5 \">\u00ab\u00a0Sur les deux derniers matchs, des choses ont boug\u00e9, notamment dans l\u2019\u00e9tat d\u2019esprit. Sans cela, que ce soit \u00e0 Monaco lorsqu\u2019on a jou\u00e9 70 minutes \u00e0 10, ou ce soir face \u00e0 un adversaire d\u2019un tr\u00e8s bon niveau, nous n\u2019aurions pas pris de points\u00a0\u00bb, saluait l\u2019entra\u00eeneur ni\u00e7ois apr\u00e8s coup.<\/p>\n<p class=\"fs-5 \">\u00ab\u00a0On n\u2019oublie pas d\u2019o\u00f9 l\u2019on vient. On n\u2019a peut-\u00eatre pas toujours fait les choses comme on devait le faire. Il y a eu pas mal de bless\u00e9s aussi. On avance doucement, mais s\u00fbrement\u00a0\u00bb, confirme Y\u00e9hvann Diouf.<\/p>\n<p>            <img src=\"https:\/\/www.europesays.com\/fr\/wp-content\/uploads\/2025\/10\/1760959215_169_80ba53f_upload-1-x6ogsmpzgy7n-spopqr18q826c-jm-matc-40744018.jpg\"   loading=\"lazy\" decoding=\"async\" alt=\"Sofiane Diop a inscrit son 4e but en trois matchs. Convaincant. &#10;\" class=\"img-fluid position-absolute w-100 object-fit-cover rounded-2\" width=\"600\" height=\"400\"\/><\/p>\n<p>                                                                                Diop en leader, Diouf en h\u00e9ros<\/p>\n<p class=\"fs-5 \">Rassurant dans les airs et auteur de plusieurs arr\u00eats tr\u00e8s importants, le gardien a \u00e9t\u00e9 avec Sofiane Diop le grand bonhomme du succ\u00e8s rouge et noir.<\/p>\n<p class=\"fs-5 \">\u00ab\u00a0J\u2019avais encore le penalty de Monaco en travers de la gorge\u00a0\u00bb, raconte celui qui a pris sa revanche en gagnant cette fois son duel avec Maitland-Niles.<\/p>\n<p class=\"fs-5 \">Son entra\u00eeneur, qui a estim\u00e9 que les critiques \u00e9mises \u00e0 l\u2019encontre de l\u2019ancien R\u00e9mois avaient \u00e9t\u00e9 trop dures, a salu\u00e9 \u00ab\u00a0son match exceptionnel\u00a0\u00bb.<\/p>\n<p class=\"fs-5 \">Diop a profit\u00e9 de la zone mixte pour lui rendre hommage\u00a0: \u00ab\u00a0Il a fait taire tous ses d\u00e9tracteurs. Il fallait une p\u00e9riode d\u2019adaptation. \u00c7a arrive \u00e0 tout le monde, m\u00eame aux grands. Aujourd\u2019hui, Y\u00e9hv fait le match parfait, tout simplement. Si Lyon marque ce penalty, ce n\u2019est pas la m\u00eame.\u00a0\u00bb<\/p>\n<p class=\"fs-5 \">Sans la justesse technique et l\u2019\u00e9norme activit\u00e9 de son num\u00e9ro 10 non plus. Impliqu\u00e9 dans cinq des six derniers buts marqu\u00e9s par Nice en Ligue 1 (4 r\u00e9alisations, 1 passe d\u00e9cisive), <strong>Sofiane Diop n\u2019en finit plus de booster l\u2019animation offensive du Gym.<\/strong><\/p>\n<p class=\"fs-5 \">Qui n\u2019a pas eu besoin d\u2019avant-centre de m\u00e9tier pour planter trois buts joliment construits \u00e0 une \u00e9quipe qui n\u2019en avait conc\u00e9d\u00e9 que cinq avant cette huiti\u00e8me journ\u00e9e.<\/p>\n<p class=\"fs-5 \">Replac\u00e9 en faux 9, une riche id\u00e9e du staff ni\u00e7ois, avec les rapides <strong>Cho<\/strong> et <strong>Boga<\/strong> autour de lui, le Marocain a \u00e9t\u00e9 \u00e9patant.<\/p>\n<p class=\"fs-5 \">\u00e0 son image, plusieurs individualit\u00e9s sont en train de monter en puissance comme<strong> Antoine Mendy<\/strong>, <strong>Jonathan Clauss<\/strong> et surtout <strong>Melvin Bard<\/strong>, qui a marqu\u00e9 son sixi\u00e8me but sous les couleurs ni\u00e7oises et est train de retrouver ses hauts standards de la saison pass\u00e9e.<\/p>\n<p>            <img src=\"https:\/\/www.europesays.com\/fr\/wp-content\/uploads\/2025\/10\/621efd9_upload-1-96i3oqqskksb-image-maxnewsspecialtwo352749-small.jpg\"   loading=\"lazy\" decoding=\"async\" alt=\"Pour le joueur de 21\u00a0ans, tout va tr\u00e8s vite ces derniers mois.\" class=\"img-fluid position-absolute w-100 object-fit-cover rounded-2\" width=\"600\" height=\"400\"\/><\/p>\n<p>                                                                                Apprendre \u00e0 bien voyager<\/p>\n<p class=\"fs-5 \">Apr\u00e8s le premier de sept matchs en 23 jours, c\u2019est tout un groupe qui doit d\u00e9sormais maintenir le cap. \u00ab\u00a0Je ne vais pas dire que, parce qu\u2019on a battu Lyon, tout est revenu. Tout n\u2019\u00e9tait \u00e9videmment pas parti non plus. Mais ce qui compte, c\u2019est de continuer \u00e0 avoir de la r\u00e9gularit\u00e9 dans ce qu\u2019on donne. Parce que \u00e7a, \u00e7a d\u00e9pend de nous\u00a0\u00bb, confirme Franck Haise.<\/p>\n<p class=\"fs-5 \"><strong>Le Gym aura des d\u00e9fis importants cette semaine<\/strong>, chez le <strong>Celta Vigo<\/strong> jeudi puis <strong>Rennes <\/strong>dimanche, qu\u2019il rejoindra directement depuis la Galice pour maximiser sa r\u00e9cup\u00e9ration.<\/p>\n<p class=\"fs-5 \">\u00c0 commencer par celui de d\u00e9crocher une premi\u00e8re victoire \u00e0 l\u2019ext\u00e9rieur depuis le 25 avril dernier (1-3 contre le PSG).<\/p>\n<p class=\"fs-5 \">Et un premier succ\u00e8s tout court sur la sc\u00e8ne europ\u00e9enne depuis 14 rencontres.<\/p>\n<p class=\"fs-5 \">Au vu des r\u00e9cents progr\u00e8s affich\u00e9s par les Aiglons, il y a des raisons d\u2019esp\u00e9rer.<\/p>\n","protected":false},"excerpt":{"rendered":"C\u2019est peut-\u00eatre au moment o\u00f9 on les attendait le moins que les Ni\u00e7ois ont trouv\u00e9 les ressources pour&hellip;\n","protected":false},"author":2,"featured_media":476950,"comment_status":"","ping_status":"","sticky":false,"template":"","format":"standard","meta":{"footnotes":""},"categories":[2819],"tags":[1111,11,1777,674,1011,27,12,2401,54521,882,25],"class_list":{"0":"post-476949","1":"post","2":"type-post","3":"status-publish","4":"format-standard","5":"has-post-thumbnail","7":"category-nice","8":"tag-actu","9":"tag-actualites","10":"tag-eu","11":"tag-europe","12":"tag-fr","13":"tag-france","14":"tag-news","15":"tag-nice","16":"tag-ogcnice","17":"tag-provence-alpes-cote-dazur","18":"tag-republique-francaise"},"share_on_mastodon":{"url":"https:\/\/pubeurope.com\/@fr\/115406231575971375","error":""},"_links":{"self":[{"href":"https:\/\/www.europesays.com\/fr\/wp-json\/wp\/v2\/posts\/476949","targetHints":{"allow":["GET"]}}],"collection":[{"href":"https:\/\/www.europesays.com\/fr\/wp-json\/wp\/v2\/posts"}],"about":[{"href":"https:\/\/www.europesays.com\/fr\/wp-json\/wp\/v2\/types\/post"}],"author":[{"embeddable":true,"href":"https:\/\/www.europesays.com\/fr\/wp-json\/wp\/v2\/users\/2"}],"replies":[{"embeddable":true,"href":"https:\/\/www.europesays.com\/fr\/wp-json\/wp\/v2\/comments?post=476949"}],"version-history":[{"count":0,"href":"https:\/\/www.europesays.com\/fr\/wp-json\/wp\/v2\/posts\/476949\/revisions"}],"wp:featuredmedia":[{"embeddable":true,"href":"https:\/\/www.europesays.com\/fr\/wp-json\/wp\/v2\/media\/476950"}],"wp:attachment":[{"href":"https:\/\/www.europesays.com\/fr\/wp-json\/wp\/v2\/media?parent=476949"}],"wp:term":[{"taxonomy":"category","embeddable":true,"href":"https:\/\/www.europesays.com\/fr\/wp-json\/wp\/v2\/categories?post=476949"},{"taxonomy":"post_tag","embeddable":true,"href":"https:\/\/www.europesays.com\/fr\/wp-json\/wp\/v2\/tags?post=476949"}],"curies":[{"name":"wp","href":"https:\/\/api.w.org\/{rel}","templated":true}]}}