{"id":476951,"date":"2025-10-20T11:21:11","date_gmt":"2025-10-20T11:21:11","guid":{"rendered":"https:\/\/www.europesays.com\/fr\/476951\/"},"modified":"2025-10-20T11:21:11","modified_gmt":"2025-10-20T11:21:11","slug":"machine-et-moi-sort-de-nouveaux-titres-dont-un-clin-doeil-a-nantes","status":"publish","type":"post","link":"https:\/\/www.europesays.com\/fr\/476951\/","title":{"rendered":"Machine et Moi sort de nouveaux titres, dont un clin d\u2019\u0153il \u00e0 Nantes"},"content":{"rendered":"<p>Avec Machine et Moi, la Cit\u00e9 des ducs aurait-elle trouv\u00e9 son nouveau po\u00e8te ? Dans le tr\u00e8s rythm\u00e9 Nantes, le titre phare du tout nouvel EP (format musical comprenant trois \u00e0 six titres) du duo, l\u2019\u00e9lectro magicien Jean-Christophe Baudouin adresse \u00e0 la ville en la tutoyant, ce qui ressemble fort \u00e0 un chaleureux clin d\u2019\u0153il o\u00f9 l\u2019ironie complice le dispute \u00e0 la tendresse.<\/p>\n<p>Une soif de plaisir destin\u00e9 \u00e0 oublier certaines cicatrices du pass\u00e9\u00a0? Le titre peut le laisser supposer. \u00a0Si message il y a dans une chanson, j\u2019aime \u00e0 ce qu\u2019il soit sugg\u00e9r\u00e9 et surtout pas ass\u00e9n\u00e9\u00a0, sourit l\u2019auteur-compositeur. Bien que n\u2019encombrant gu\u00e8re les bacs de ses galettes argent\u00e9es, Machine et Moi a su, au fil des ann\u00e9es, trouver sa place et son identit\u00e9 dans le paysage nantais. Repr\u00e9sentant d\u2019une electro pop de prime abord ludique, le duo ne cache pourtant pas, comme son nom l\u2019indique, un go\u00fbt certain pour l\u2019exp\u00e9rimentation.<\/p>\n<p><strong>Plus qu\u2019un simple sorcier<\/strong><\/p>\n<p>\u00a0J\u2019ai longtemps \u00e9t\u00e9 un batteur acoustique, ayant tremp\u00e9 dans plusieurs aventures collectives\u00a0, confie Jean-Christophe Baudouin. \u00a0Machine et Moi traduisait tout \u00e0 la fois mon d\u00e9sir de me lancer dans une aventure personnelle et ma fascination grandissante pour les possibilit\u00e9s de l\u2019\u00e9lectronique\u00a0<\/p>\n<p>Bien que s\u2019entourant aujourd\u2019hui de samplers, de claviers et de synth\u00e9tiseurs de tout poil pour composer, le musicien s\u2019amuse, par avance, de cette image de sorcier de studio qu\u2019on serait tent\u00e9 de lui accoler.<\/p>\n<p>\u00a0C\u2019est l\u2019interaction entre la voix humaine et le son qui m\u2019importe avant tout. Tout comme ma complice Lucile Richard, qui chante et compose avec moi, la technologie nous int\u00e9resse, et nous est utile, dans la mesure o\u00f9 elle nous permet d\u2019atteindre \u00e0 l\u2019\u00e9motion juste\u00a0\u00bb.<\/p>\n<p>\u00a0<\/p>\n","protected":false},"excerpt":{"rendered":"Avec Machine et Moi, la Cit\u00e9 des ducs aurait-elle trouv\u00e9 son nouveau po\u00e8te ? Dans le tr\u00e8s rythm\u00e9&hellip;\n","protected":false},"author":2,"featured_media":476952,"comment_status":"","ping_status":"","sticky":false,"template":"","format":"standard","meta":{"footnotes":""},"categories":[2818],"tags":[1111,11,22124,1777,674,1011,27,35142,766,12,2845,2636,25,4102,3131],"class_list":{"0":"post-476951","1":"post","2":"type-post","3":"status-publish","4":"format-standard","5":"has-post-thumbnail","7":"category-nantes","8":"tag-actu","9":"tag-actualites","10":"tag-clin","11":"tag-eu","12":"tag-europe","13":"tag-fr","14":"tag-france","15":"tag-machine","16":"tag-nantes","17":"tag-news","18":"tag-nouveaux","19":"tag-pays-de-la-loire","20":"tag-republique-francaise","21":"tag-sort","22":"tag-titres"},"share_on_mastodon":{"url":"https:\/\/pubeurope.com\/@fr\/115406234843706189","error":""},"_links":{"self":[{"href":"https:\/\/www.europesays.com\/fr\/wp-json\/wp\/v2\/posts\/476951","targetHints":{"allow":["GET"]}}],"collection":[{"href":"https:\/\/www.europesays.com\/fr\/wp-json\/wp\/v2\/posts"}],"about":[{"href":"https:\/\/www.europesays.com\/fr\/wp-json\/wp\/v2\/types\/post"}],"author":[{"embeddable":true,"href":"https:\/\/www.europesays.com\/fr\/wp-json\/wp\/v2\/users\/2"}],"replies":[{"embeddable":true,"href":"https:\/\/www.europesays.com\/fr\/wp-json\/wp\/v2\/comments?post=476951"}],"version-history":[{"count":0,"href":"https:\/\/www.europesays.com\/fr\/wp-json\/wp\/v2\/posts\/476951\/revisions"}],"wp:featuredmedia":[{"embeddable":true,"href":"https:\/\/www.europesays.com\/fr\/wp-json\/wp\/v2\/media\/476952"}],"wp:attachment":[{"href":"https:\/\/www.europesays.com\/fr\/wp-json\/wp\/v2\/media?parent=476951"}],"wp:term":[{"taxonomy":"category","embeddable":true,"href":"https:\/\/www.europesays.com\/fr\/wp-json\/wp\/v2\/categories?post=476951"},{"taxonomy":"post_tag","embeddable":true,"href":"https:\/\/www.europesays.com\/fr\/wp-json\/wp\/v2\/tags?post=476951"}],"curies":[{"name":"wp","href":"https:\/\/api.w.org\/{rel}","templated":true}]}}