{"id":476953,"date":"2025-10-20T11:22:12","date_gmt":"2025-10-20T11:22:12","guid":{"rendered":"https:\/\/www.europesays.com\/fr\/476953\/"},"modified":"2025-10-20T11:22:12","modified_gmt":"2025-10-20T11:22:12","slug":"un-homme-roue-de-coups-de-marteau-enleve-puis-relache-en-pleine-nuit","status":"publish","type":"post","link":"https:\/\/www.europesays.com\/fr\/476953\/","title":{"rendered":"un homme rou\u00e9 de coups de marteau, enlev\u00e9 puis rel\u00e2ch\u00e9 en pleine nuit"},"content":{"rendered":"<p>\n    Une enqu\u00eate a \u00e9t\u00e9 ouverte, samedi, apr\u00e8s la d\u00e9couverte d\u2019un individu de 27 ans, agress\u00e9 puis s\u00e9questr\u00e9 par plusieurs personnes, dans des circonstances troubles. Le pronostic vital de la victime n\u2019est pas engag\u00e9.<\/p>\n<p class=\"fig-paragraph\">Guet-apens en banlieue\u00a0<a href=\"https:\/\/www.lefigaro.fr\/nantes\" target=\"_blank\" data-fig-type=\"Section\" rel=\"sponsored noopener\" data-gtm-custom-categorie=\"navigation\" data-gtm-custom-action=\"crossclick\" data-gtm-custom-label=\"Contextuel\" data-gtm-event=\"customEventSPE\" data-fig-domain=\"LEFIGARO\">de Nantes<\/a>\u00a0(Loire-Atlantique). Un homme de 27 ans a \u00e9t\u00e9 admis aux urgences, dans la nuit de vendredi \u00e0 samedi, apr\u00e8s avoir \u00e9t\u00e9 d\u00e9couvert bless\u00e9\u00a0<a href=\"http:\/\/www.lefigaro.fr\/nantes\/certains-vivent-avec-les-cigales-nous-on-vit-avec-les-motocross-pres-de-nantes-les-nuisances-motorisees-s-inscrivent-dans-la-duree-20251013\" target=\"_blank\" data-fig-type=\"NewsFlash\" rel=\"noopener\" data-gtm-custom-categorie=\"navigation\" data-gtm-custom-action=\"crossclick\" data-gtm-custom-label=\"Contextuel\" data-gtm-event=\"customEventSPE\" data-fig-domain=\"LEFIGARO\">\u00e0 Saint-Herblain<\/a>, dans l\u2019ouest de l\u2019agglom\u00e9ration nantaise. Victime de violences et notamment frapp\u00e9 \u00e0 coups de marteau, le m\u00eame individu venait d\u2019\u00eatre kidnapp\u00e9 quelques heures plus t\u00f4t, aux alentours de minuit.<\/p>\n<p class=\"fig-paragraph\">Les circonstances pr\u00e9cises de l\u2019\u00e9ph\u00e9m\u00e8re enl\u00e8vement ne sont pas encore bien connues. D\u2019apr\u00e8s nos confr\u00e8res de\u00a0<a href=\"https:\/\/www.ouest-france.fr\/faits-divers\/agression\/frappe-a-coups-de-marteau-sequestre-et-extorque-letrange-agression-dun-jeune-pres-de-nantes-f73ae9f2-ac39-11f0-a829-eb0d2e70677d\" target=\"_blank\" rel=\"sponsored noopener\" data-gtm-custom-categorie=\"navigation\" data-gtm-custom-action=\"crossclick\" data-gtm-custom-label=\"Contextuel\" data-gtm-event=\"customEventSPE\">Ouest France<\/a>, la victime a affirm\u00e9 s\u2019\u00eatre d\u00e9plac\u00e9e vendredi soir \u00e0 Saint-Herblain en compagnie de deux cousins, pour la vente d\u2019un v\u00e9hicule, avant d\u2019avoir un accident de la route. Une rixe aurait alors \u00e9clat\u00e9 entre les trois hommes et les occupants de la seconde voiture. S\u00e9questr\u00e9 par plusieurs agresseurs, l\u2019homme aurait par ailleurs fait l\u2019objet d\u2019une tentative d\u2019extorsion, pour un mobile inconnu, avant d\u2019\u00eatre rel\u00e2ch\u00e9 en ville. Une habitante a par la suite pr\u00e9venu les secours et la police.<\/p>\n<p>                                    <a class=\"fig-a11y-skip a11y-hidden\" href=\"#fig-a11y-skip-main-inarticle\"><br \/>\n        Passer la publicit\u00e9<br \/>\n    <\/a><\/p>\n<p>Enqu\u00eate ouverte<\/p>\n<p class=\"fig-paragraph\">Le pronostic vital de la victime n\u2019est pas engag\u00e9. Le parquet a ouvert, samedi, une enqu\u00eate pour \u00abenl\u00e8vement et s\u00e9questration\u00bb, \u00abviolence avec arme\u00bb et \u00abtentative d\u2019extorsion en r\u00e9union\u00bb, a confirm\u00e9, lundi, le procureur de la R\u00e9publique de Nantes, Antoine Leroy. Les recherches se poursuivent sous la direction de la division nantaise de la criminalit\u00e9 organis\u00e9e et sp\u00e9cialis\u00e9e (DCOS).<\/p>\n<p class=\"fig-paragraph\">Les faits rappellent un pr\u00e9c\u00e9dent enl\u00e8vement avec violences survenu la semaine derni\u00e8re, dans la nuit du 13 au 14 octobre.\u00a0<a href=\"http:\/\/www.lefigaro.fr\/nantes\/pres-de-nantes-enleve-dans-la-nuit-un-homme-retrouve-amoche-le-lendemain-a-l-entree-d-un-parc-20251015\" target=\"_blank\" data-fig-type=\"NewsFlash\" rel=\"noopener\" data-gtm-custom-categorie=\"navigation\" data-gtm-custom-action=\"crossclick\" data-gtm-custom-label=\"Contextuel\" data-gtm-event=\"customEventSPE\" data-fig-domain=\"LEFIGARO\">Enlev\u00e9 dans la nuit, un homme avait \u00e9t\u00e9 retrouv\u00e9 amoch\u00e9 le lendemain<\/a>, \u00e0 l\u2019entr\u00e9e d\u2019un parc, aux portes de Nantes. Connue de la police pour son implication dans les r\u00e9seaux de narcotrafiquants, la victime n\u2019avait pas souhait\u00e9 porter plainte. La piste d\u2019un r\u00e8glement de compte \u00e9tait privil\u00e9gi\u00e9e par les enqu\u00eateurs.<\/p>\n","protected":false},"excerpt":{"rendered":"Une enqu\u00eate a \u00e9t\u00e9 ouverte, samedi, apr\u00e8s la d\u00e9couverte d\u2019un individu de 27 ans, agress\u00e9 puis s\u00e9questr\u00e9 par&hellip;\n","protected":false},"author":2,"featured_media":476954,"comment_status":"","ping_status":"","sticky":false,"template":"","format":"standard","meta":{"footnotes":""},"categories":[2818],"tags":[1111,11,2716,1777,674,1011,27,766,12,2636,25,2949],"class_list":{"0":"post-476953","1":"post","2":"type-post","3":"status-publish","4":"format-standard","5":"has-post-thumbnail","7":"category-nantes","8":"tag-actu","9":"tag-actualites","10":"tag-enlevement","11":"tag-eu","12":"tag-europe","13":"tag-fr","14":"tag-france","15":"tag-nantes","16":"tag-news","17":"tag-pays-de-la-loire","18":"tag-republique-francaise","19":"tag-violences"},"share_on_mastodon":{"url":"https:\/\/pubeurope.com\/@fr\/115406239257627834","error":""},"_links":{"self":[{"href":"https:\/\/www.europesays.com\/fr\/wp-json\/wp\/v2\/posts\/476953","targetHints":{"allow":["GET"]}}],"collection":[{"href":"https:\/\/www.europesays.com\/fr\/wp-json\/wp\/v2\/posts"}],"about":[{"href":"https:\/\/www.europesays.com\/fr\/wp-json\/wp\/v2\/types\/post"}],"author":[{"embeddable":true,"href":"https:\/\/www.europesays.com\/fr\/wp-json\/wp\/v2\/users\/2"}],"replies":[{"embeddable":true,"href":"https:\/\/www.europesays.com\/fr\/wp-json\/wp\/v2\/comments?post=476953"}],"version-history":[{"count":0,"href":"https:\/\/www.europesays.com\/fr\/wp-json\/wp\/v2\/posts\/476953\/revisions"}],"wp:featuredmedia":[{"embeddable":true,"href":"https:\/\/www.europesays.com\/fr\/wp-json\/wp\/v2\/media\/476954"}],"wp:attachment":[{"href":"https:\/\/www.europesays.com\/fr\/wp-json\/wp\/v2\/media?parent=476953"}],"wp:term":[{"taxonomy":"category","embeddable":true,"href":"https:\/\/www.europesays.com\/fr\/wp-json\/wp\/v2\/categories?post=476953"},{"taxonomy":"post_tag","embeddable":true,"href":"https:\/\/www.europesays.com\/fr\/wp-json\/wp\/v2\/tags?post=476953"}],"curies":[{"name":"wp","href":"https:\/\/api.w.org\/{rel}","templated":true}]}}