{"id":476955,"date":"2025-10-20T11:23:13","date_gmt":"2025-10-20T11:23:13","guid":{"rendered":"https:\/\/www.europesays.com\/fr\/476955\/"},"modified":"2025-10-20T11:23:13","modified_gmt":"2025-10-20T11:23:13","slug":"candidate-a-la-mairie-de-bordeaux-nathalie-delattre-elue-presidente-du-plus-vieux-parti-de-france","status":"publish","type":"post","link":"https:\/\/www.europesays.com\/fr\/476955\/","title":{"rendered":"Candidate \u00e0 la mairie de Bordeaux, Nathalie Delattre \u00e9lue pr\u00e9sidente du plus vieux parti de France"},"content":{"rendered":"<p>            Par<br \/>\n        <strong><br \/>\n            <a href=\"https:\/\/actu.fr\/auteur\/julian-doubax\" title=\"Consulter tous les articles de Julian Doubax\" rel=\"nofollow noopener\" target=\"_blank\">Julian Doubax<\/a><br \/>\n        <\/strong><\/p>\n<p>        Publi\u00e9 le<\/p>\n<p>            20 oct. 2025 \u00e0 12h48        <\/p>\n<p>C\u2019est une premi\u00e8re <strong>historique<\/strong>. Le dimanche 19\u00a0octobre 2025, <a href=\"https:\/\/actu.fr\/nouvelle-aquitaine\/bordeaux_33063\/onze-maires-de-bordeaux-metropole-reclament-a-bruno-retailleau-de-prendre-une-mesure-forte-contre-l-insecurite_62854181.html\" rel=\"nofollow noopener\" target=\"_blank\">Nathalie Delattre<\/a> a \u00e9t\u00e9 \u00e9lue pr\u00e9sidente du Parti Radical avec 65,3\u2009% des voix face \u00e0 Dominique Faure, ancienne Ministre d\u00e9l\u00e9gu\u00e9e charg\u00e9e des Collectivit\u00e9s territoriales et de la Ruralit\u00e9.<\/p>\n<p class=\" wall-content\">Avec ce scrutin, la Bordelaise <strong>devient la premi\u00e8re femme<\/strong> \u00e0 la t\u00eate du plus vieux parti de France, fond\u00e9 en 1901. Elle assurait d\u00e9j\u00e0 par int\u00e9rim la pr\u00e9sidence du parti depuis le 28 septembre 2024, succ\u00e9dant \u00e0 Laurent H\u00e9nart. \u00ab\u2009Nous continuerons \u00e0 faire vivre le renouveau de notre parti et \u00e0 faire entendre une voix claire, ind\u00e9pendante et responsable dans le d\u00e9bat public\u2009\u00bb, a-t-elle d\u00e9clar\u00e9 sur ses r\u00e9seaux sociaux. Une victoire pour la s\u00e9natrice de Gironde qui est <strong>candidate<\/strong> aux <a href=\"https:\/\/actu.fr\/bordeaux\/politique\/elections-municipales\" rel=\"nofollow noopener\" target=\"_blank\">\u00e9lections municipales de 2026<\/a> \u00e0 Bordeaux.<\/p>\n<p>La mairie de Bordeaux dans le viseur<\/p>\n<p class=\" wall-content\">\u00c0 56 ans, Nathalie Delattre a d\u00e9j\u00e0 plusieurs mentions honorables dans son CV. Depuis 2017, la Bordelaise est s\u00e9natrice de Gironde. Elle a \u00e9galement fait un passage au sein du <strong>gouvernement<\/strong>. Dans un premier temps, en tant que Ministre d\u00e9l\u00e9gu\u00e9e charg\u00e9e des Relations avec le Parlement, sous le gouvernement de Michel Barnier entre septembre et d\u00e9cembre 2024. D\u00e8s l\u2019arriv\u00e9e de Fran\u00e7ois Bayrou en tant que Premier ministre, la quinquag\u00e9naire<a href=\"https:\/\/actu.fr\/nouvelle-aquitaine\/bordeaux_33063\/gironde-nathalie-delattre-reste-au-gouvernement-mais-change-de-ministere_62043311.html\" rel=\"nofollow noopener\" target=\"_blank\"> est devenue Ministre d\u00e9l\u00e9gu\u00e9e charg\u00e9e du Tourisme<\/a>.<\/p>\n<p class=\" wall-content\">En mai dernier, elle a officialis\u00e9 sa candidature pour les \u00e9lections municipales de Bordeaux en 2026. Une mairie qu\u2019elle a d\u00e9j\u00e0 connue sous l\u2019\u00e8re Jupp\u00e9. De 2008 \u00e0 2017, Nathalie Delattre \u00e9tait l\u2019une des adjointes de l\u2019ancien maire de Bordeaux. Pour les prochaines \u00e9lections, la pr\u00e9sidente du Parti Radical continue de pr\u00f4ner <a href=\"https:\/\/actu.fr\/nouvelle-aquitaine\/bordeaux_33063\/municipales-a-bordeaux-ce-sondage-surprise-risque-de-faire-voler-en-eclats-l-union-de-la-droite-et-du-centre_62534020.html\" rel=\"nofollow noopener\" target=\"_blank\">l\u2019union<\/a> \u00e0 droite avec les autres candidats d\u00e9clar\u00e9s comme Thomas Cazenave (Renaissance) ou encore Pierre de Ga\u00e9tan Njikam (LR).<\/p>\n<p class=\" wall-content\">\u00ab\u2009J\u2019y mets <strong>beaucoup d\u2019\u00e9nergie<\/strong> pour que \u00e7a ne soit pas une alliance technique. Ce n\u2019est pas un regroupement de personnalit\u00e9s mais \u00e7a doit \u00eatre une <strong>union sinc\u00e8re et solide<\/strong>\u2009\u00bb, indiquait-elle aupr\u00e8s d<a href=\"https:\/\/actu.fr\/bordeaux\/\" rel=\"nofollow noopener\" target=\"_blank\">\u2019actu Bordeaux <\/a>en juillet 2025. \u00c0 moins de six mois du premier tour, cette union <strong>n\u2019a toujours pas \u00e9t\u00e9 trouv\u00e9e <\/strong>entre les protagonistes qui veulent succ\u00e9der \u00e0 <a href=\"https:\/\/actu.fr\/tag\/pierre-hurmic\" rel=\"nofollow noopener\" target=\"_blank\">Pierre Hurmic<\/a>.<\/p>\n<p class=\" wall-content\">Personnalisez votre actualit\u00e9 en ajoutant vos villes et m\u00e9dias en favori avec <a href=\"https:\/\/moncompte.actu.fr\" title=\"D\u00e9couvez Mon Actu\" rel=\"nofollow noopener\" data-trk=\"{&quot;cta&quot;:{&quot;action&quot;:&quot;https:\\\/\\\/moncompte.actu.fr&quot;,&quot;category&quot;:&quot;mon compte&quot;,&quot;from&quot;:&quot;article footer&quot;,&quot;name&quot;:&quot;Mon actu&quot;,&quot;type&quot;:&quot;cta&quot;}}\" target=\"_blank\">Mon Actu<\/a>.<\/p>\n","protected":false},"excerpt":{"rendered":"Par Julian Doubax Publi\u00e9 le 20 oct. 2025 \u00e0 12h48 C\u2019est une premi\u00e8re historique. Le dimanche 19\u00a0octobre 2025,&hellip;\n","protected":false},"author":2,"featured_media":476956,"comment_status":"","ping_status":"","sticky":false,"template":"","format":"standard","meta":{"footnotes":""},"categories":[2817],"tags":[1111,11,1997,1777,674,1011,27,3434,12,2219,316,25],"class_list":{"0":"post-476955","1":"post","2":"type-post","3":"status-publish","4":"format-standard","5":"has-post-thumbnail","7":"category-bordeaux","8":"tag-actu","9":"tag-actualites","10":"tag-bordeaux","11":"tag-eu","12":"tag-europe","13":"tag-fr","14":"tag-france","15":"tag-municipales-2026","16":"tag-news","17":"tag-nouvelle-aquitaine","18":"tag-politique","19":"tag-republique-francaise"},"share_on_mastodon":{"url":"https:\/\/pubeurope.com\/@fr\/115406242780049416","error":""},"_links":{"self":[{"href":"https:\/\/www.europesays.com\/fr\/wp-json\/wp\/v2\/posts\/476955","targetHints":{"allow":["GET"]}}],"collection":[{"href":"https:\/\/www.europesays.com\/fr\/wp-json\/wp\/v2\/posts"}],"about":[{"href":"https:\/\/www.europesays.com\/fr\/wp-json\/wp\/v2\/types\/post"}],"author":[{"embeddable":true,"href":"https:\/\/www.europesays.com\/fr\/wp-json\/wp\/v2\/users\/2"}],"replies":[{"embeddable":true,"href":"https:\/\/www.europesays.com\/fr\/wp-json\/wp\/v2\/comments?post=476955"}],"version-history":[{"count":0,"href":"https:\/\/www.europesays.com\/fr\/wp-json\/wp\/v2\/posts\/476955\/revisions"}],"wp:featuredmedia":[{"embeddable":true,"href":"https:\/\/www.europesays.com\/fr\/wp-json\/wp\/v2\/media\/476956"}],"wp:attachment":[{"href":"https:\/\/www.europesays.com\/fr\/wp-json\/wp\/v2\/media?parent=476955"}],"wp:term":[{"taxonomy":"category","embeddable":true,"href":"https:\/\/www.europesays.com\/fr\/wp-json\/wp\/v2\/categories?post=476955"},{"taxonomy":"post_tag","embeddable":true,"href":"https:\/\/www.europesays.com\/fr\/wp-json\/wp\/v2\/tags?post=476955"}],"curies":[{"name":"wp","href":"https:\/\/api.w.org\/{rel}","templated":true}]}}