{"id":476961,"date":"2025-10-20T11:26:10","date_gmt":"2025-10-20T11:26:10","guid":{"rendered":"https:\/\/www.europesays.com\/fr\/476961\/"},"modified":"2025-10-20T11:26:10","modified_gmt":"2025-10-20T11:26:10","slug":"spectaculaire-accident-aux-portes-de-toulouse","status":"publish","type":"post","link":"https:\/\/www.europesays.com\/fr\/476961\/","title":{"rendered":"spectaculaire accident aux portes de Toulouse"},"content":{"rendered":"<p>            Par<br \/>\n        <strong><br \/>\n            <a href=\"https:\/\/actu.fr\/auteur\/guillaume-laurens\" title=\"Consulter tous les articles de Guillaume Laurens\" target=\"_blank\" rel=\"noopener\">Guillaume Laurens<\/a><br \/>\n        <\/strong><\/p>\n<p>        Publi\u00e9 le<\/p>\n<p>            20 oct. 2025 \u00e0 12h48<br \/>\n        ; mis \u00e0 jour le 20 oct. 2025 \u00e0 13h02    <\/p>\n<p>Plus de peur que de mal. Un spectaculaire <strong>accident<\/strong> impliquant un <strong>bus <a href=\"https:\/\/actu.fr\/tag\/tisseo\" target=\"_blank\" rel=\"noopener\">Tiss\u00e9o<\/a><\/strong> et une camionnette qui a pris la fuite est survenu sur les coups de 6 heures du matin, ce lundi 20 octobre 2025, sur la route m\u00e9tropolitaine 112, \u00e0 l\u2019est de <strong>Toulouse<\/strong>.<\/p>\n<blockquote class=\"tiktok-embed\" cite=\"https:\/\/www.tiktok.com\/@actutoulouse\/video\/7563256695946857750\" data-video-id=\"7563256695946857750\" data-embed-from=\"oembed\" style=\"max-width:605px; min-width:325px;\"><p>\n<a target=\"_blank\" title=\"@actutoulouse\" href=\"https:\/\/www.tiktok.com\/@actutoulouse?refer=embed\" rel=\"noopener\">@actutoulouse<\/a> <\/p>\n<p>Impliqu\u00e9 dans un accident, un bus <a title=\"tiss\u00e9o\" target=\"_blank\" href=\"https:\/\/www.tiktok.com\/tag\/tiss%C3%A9o?refer=embed\" rel=\"noopener\">#Tiss\u00e9o<\/a> a percut\u00e9 un lampadaire ce lundi matin, aux portes de Toulouse. Pas de bless\u00e9, mais de gros d\u00e9g\u00e2ts\u2026 <a title=\"toulousemaville\" target=\"_blank\" href=\"https:\/\/www.tiktok.com\/tag\/toulousemaville?refer=embed\" rel=\"noopener\">#toulousemaville<\/a> <a title=\"toulouse31\" target=\"_blank\" href=\"https:\/\/www.tiktok.com\/tag\/toulouse31?refer=embed\" rel=\"noopener\">#toulouse31<\/a> <a title=\"sinformersurtiktok\" target=\"_blank\" href=\"https:\/\/www.tiktok.com\/tag\/sinformersurtiktok?refer=embed\" rel=\"noopener\">#sinformersurtiktok<\/a> <\/p>\n<p> <a target=\"_blank\" title=\"\u266c EpicSymphony - mosn\" href=\"https:\/\/www.tiktok.com\/music\/EpicSymphony-7481117510923520009?refer=embed\" rel=\"noopener\">\u266c EpicSymphony \u2013 mosn<\/a> <\/p>\n<\/blockquote>\n<p>Le bus empale un cand\u00e9labre sur la route de Lavaur<\/p>\n<p class=\" wall-content\">Au niveau du rond-point situ\u00e9 en contrebas du magasin Truffaut, qui s\u00e9pare les communes de <strong><a href=\"https:\/\/actu.fr\/occitanie\/balma_31044\" target=\"_blank\" rel=\"noopener\">Balma<\/a> <\/strong>et <strong>L\u2019Union<\/strong>, ce bus Tiss\u00e9o s\u2019est en effet <strong>encastr\u00e9<\/strong> dans<strong>\u00a0un cand\u00e9labre<\/strong>, lequel s\u2019est <strong>retrouv\u00e9 en \u00e9quilibre<\/strong> sur la chauss\u00e9e de cet axe tr\u00e8s fr\u00e9quent\u00e9 de l\u2019agglom\u00e9ration, reliant Lavaur (Tarn) \u00e0 la Ville rose.<\/p>\n<p>Une camionnette lui coupe la route et s\u2019enfuit<\/p>\n<p class=\" wall-content\">Pour d\u00e9terminer les <strong>circonstances<\/strong> du sinistre, une enqu\u00eate a \u00e9t\u00e9 ouverte par la gendarmerie de Balma, dont la patrouille de nuit s\u2019est rendue sur place. Selon nos informations, le chauffeur du bus, \u00e2g\u00e9 de <strong>63 ans<\/strong>, a expliqu\u00e9 aux forces de l\u2019ordre qu\u2019une <strong>camionnette<\/strong> lui avait <strong>coup\u00e9 la route.<\/strong> Pour \u00e9viter le choc, il s\u2019est d\u00e9port\u00e9 sur sa droite \u00e0 la sortie du rond-point et a fini dans le lampadaire. La camionnette et son conducteur se sont, eux, \u00e9vapor\u00e9s.<\/p>\n<p>Le chauffeur indemne, pas de bless\u00e9<\/p>\n<p class=\" wall-content\">Fort heureusement, l\u2019accident n\u2019a pas fait de bless\u00e9 : le chauffeur s\u2019en sort <strong>indemne<\/strong> et, vacances scolaires oblige, son bus \u00e9tait vide \u00e0 cette heure tr\u00e8s matinale de la journ\u00e9e. Outre le cand\u00e9labre, qui \u00e9tait en f\u00e2cheuse posture, les d\u00e9g\u00e2ts mat\u00e9riels sont importants pour Tiss\u00e9o, dont <strong>l\u2019avant du bus<\/strong> a \u00e9t\u00e9 s\u00e9rieusement <strong>endommag\u00e9<\/strong>.<\/p>\n<p>Vid\u00e9os : en ce moment sur Actu<br \/>\n    <a href=\"https:\/\/www.google.com\/maps\/embed?pb=!1m17!1m12!1m3!1d4389.174199610827!2d1.4983111868045689!3d43.639346599795786!2m3!1f0!2f0!3f0!3m2!1i1024!2i768!4f13.1!3m2!1m1!2zNDPCsDM4JzE4LjUiTiAxwrAzMCcwNC41IkU!5e0!3m2!1sfr!2sfr!4v1760940362138!5m2!1sfr!2sfr\" title=\"Ouvrie le lien\" target=\"_blank\" rel=\"noopener\">Cliquez ici pour visualiser le contenu<\/a><\/p>\n<p class=\" wall-content\">Personnalisez votre actualit\u00e9 en ajoutant vos villes et m\u00e9dias en favori avec <a href=\"https:\/\/moncompte.actu.fr\" title=\"D\u00e9couvez Mon Actu\" rel=\"nofollow noopener\" data-trk=\"{&quot;cta&quot;:{&quot;action&quot;:&quot;https:\\\/\\\/moncompte.actu.fr&quot;,&quot;category&quot;:&quot;mon compte&quot;,&quot;from&quot;:&quot;article footer&quot;,&quot;name&quot;:&quot;Mon actu&quot;,&quot;type&quot;:&quot;cta&quot;}}\" target=\"_blank\">Mon Actu<\/a>.<\/p>\n<p>                    <script async src=\"\/\/www.tiktok.com\/embed.js\"><\/script><\/p>\n","protected":false},"excerpt":{"rendered":"Par Guillaume Laurens Publi\u00e9 le 20 oct. 2025 \u00e0 12h48 ; mis \u00e0 jour le 20 oct. 2025&hellip;\n","protected":false},"author":2,"featured_media":476962,"comment_status":"","ping_status":"","sticky":false,"template":"","format":"standard","meta":{"footnotes":""},"categories":[2816],"tags":[119,1111,11,1777,674,118,1011,27,12,2680,25,5400,2312],"class_list":{"0":"post-476961","1":"post","2":"type-post","3":"status-publish","4":"format-standard","5":"has-post-thumbnail","7":"category-toulouse","8":"tag-accident","9":"tag-actu","10":"tag-actualites","11":"tag-eu","12":"tag-europe","13":"tag-faits-divers","14":"tag-fr","15":"tag-france","16":"tag-news","17":"tag-occitanie","18":"tag-republique-francaise","19":"tag-tisseo","20":"tag-toulouse"},"share_on_mastodon":{"url":"https:\/\/pubeurope.com\/@fr\/115406253895870472","error":""},"_links":{"self":[{"href":"https:\/\/www.europesays.com\/fr\/wp-json\/wp\/v2\/posts\/476961","targetHints":{"allow":["GET"]}}],"collection":[{"href":"https:\/\/www.europesays.com\/fr\/wp-json\/wp\/v2\/posts"}],"about":[{"href":"https:\/\/www.europesays.com\/fr\/wp-json\/wp\/v2\/types\/post"}],"author":[{"embeddable":true,"href":"https:\/\/www.europesays.com\/fr\/wp-json\/wp\/v2\/users\/2"}],"replies":[{"embeddable":true,"href":"https:\/\/www.europesays.com\/fr\/wp-json\/wp\/v2\/comments?post=476961"}],"version-history":[{"count":0,"href":"https:\/\/www.europesays.com\/fr\/wp-json\/wp\/v2\/posts\/476961\/revisions"}],"wp:featuredmedia":[{"embeddable":true,"href":"https:\/\/www.europesays.com\/fr\/wp-json\/wp\/v2\/media\/476962"}],"wp:attachment":[{"href":"https:\/\/www.europesays.com\/fr\/wp-json\/wp\/v2\/media?parent=476961"}],"wp:term":[{"taxonomy":"category","embeddable":true,"href":"https:\/\/www.europesays.com\/fr\/wp-json\/wp\/v2\/categories?post=476961"},{"taxonomy":"post_tag","embeddable":true,"href":"https:\/\/www.europesays.com\/fr\/wp-json\/wp\/v2\/tags?post=476961"}],"curies":[{"name":"wp","href":"https:\/\/api.w.org\/{rel}","templated":true}]}}