{"id":476967,"date":"2025-10-20T11:29:13","date_gmt":"2025-10-20T11:29:13","guid":{"rendered":"https:\/\/www.europesays.com\/fr\/476967\/"},"modified":"2025-10-20T11:29:13","modified_gmt":"2025-10-20T11:29:13","slug":"4-individus-interpelles-a-marseille-et-places-en-garde-a-vue","status":"publish","type":"post","link":"https:\/\/www.europesays.com\/fr\/476967\/","title":{"rendered":"4 individus interpell\u00e9s \u00e0 Marseille et plac\u00e9s en garde \u00e0 vue"},"content":{"rendered":"<p>Dans les magasins de sport, il est de notori\u00e9t\u00e9 que seul un pied est expos\u00e9. Mais <a href=\"https:\/\/www.laprovence.com\/article\/region\/68410773294678\/grand-plan-pour-le-centre-ville-de-marseille-la-rue-saint-fe-tente-de-se-reinventer\" target=\"_blank\" rel=\"noopener\">rue Saint-Ferr\u00e9ol<\/a> par exemple, o\u00f9 des boutiques d&rsquo;articles de sport sont abondamment fr\u00e9quent\u00e9es, on va encore plus loin dans les mesures de prudence. Les baskets de marque \u00e9tant un bien tr\u00e8s pris\u00e9 et cons\u00e9quemment fort convoit\u00e9 par les voleurs opportunistes, le vendeur attend en g\u00e9n\u00e9ral \u00e0 c\u00f4t\u00e9 du client tandis qu&rsquo;il essaye un pied et ne consent \u00e0 ce qu&rsquo;il enfile l&rsquo;autre pied qu&rsquo;\u00e0 condition de restituer d&rsquo;abord la premi\u00e8re chaussure.<\/p>\n<p>Pied droit ou pied gauche<\/p>\n<p>Est-ce \u00e0 dire que les quatre pieds nickel\u00e9s attrap\u00e9s par la patrouille avec 165 baskets, mais uniquement des pieds droits ou des pieds gauches, se sont r\u00e9cemment livr\u00e9s \u00e0 une razzia\u00a0? C&rsquo;est en tout cas ce que supputent les policiers qui ont interpell\u00e9 quatre jeunes gens avec un bien curieux butin et dans un endroit gu\u00e8re propice \u00e0 faire office de lieu de stockage\u2026<\/p>\n<p>Il \u00e9tait environ 20h hier soir dimanche 19 octobre, lorsqu&rsquo;un coup de fil provenant des locaux de l&rsquo;Inspection acad\u00e9mique situ\u00e9s au 28 <a href=\"https:\/\/www.laprovence.com\/article\/region\/11370098451339\/le-secteur-de-la-porte-d-aix-toujours-prise-par-des-consommateurs-de-drogues-a-marseille\" target=\"_blank\" rel=\"noopener\">boulevard Charles-N\u00e9delec<\/a>, dans le 1er arrondissement de Marseille, a averti la police de la pr\u00e9sence dans la cour du b\u00e2timent de quatre individus suspects, transportant de gros sacs.<\/p>\n<p>Nike, New Balance, Balenciaga<\/p>\n<p>Interpell\u00e9s avant m\u00eame d&rsquo;avoir quitt\u00e9 les lieux, les intrus se sont av\u00e9r\u00e9s \u00eatre 3 jeunes hommes de 17, 18 et 22 ans et un quatri\u00e8me \u00e2g\u00e9 de 32 ans. \u00c0 l&rsquo;int\u00e9rieur de sacs volumineux, les enqu\u00eateurs ont d\u00e9couvert quelque 165 <a href=\"https:\/\/www.laprovence.com\/article\/guide-shopping\/4715722003966514\/top-5-des-meilleures-sneakers-nike-a-choisir-pour-l-automne-2025\" target=\"_blank\" rel=\"noopener\">baskets de marque<\/a> telles Nike, New Balance ou <a href=\"https:\/\/www.laprovence.com\/article\/france-monde\/5762873\/la-folie-de-la-basket-pilule-de-jeunesse-universelle-et-inclusive.html\" target=\"_blank\" rel=\"noopener\">Balenciaga<\/a>. Mais aucune paire compl\u00e8te dans cette collection faite exclusivement de pieds gauches ou de pieds droits.<\/p>\n<p>Les quatre suspects ont \u00e9t\u00e9 plac\u00e9s en garde \u00e0 vue.<\/p>\n","protected":false},"excerpt":{"rendered":"Dans les magasins de sport, il est de notori\u00e9t\u00e9 que seul un pied est expos\u00e9. Mais rue Saint-Ferr\u00e9ol&hellip;\n","protected":false},"author":2,"featured_media":476968,"comment_status":"","ping_status":"","sticky":false,"template":"","format":"standard","meta":{"footnotes":""},"categories":[2814],"tags":[60069,17,1111,11,48816,1102,1446,60070,154,1777,674,274,1011,27,5239,884,12,882,25,41505],"class_list":{"0":"post-476967","1":"post","2":"type-post","3":"status-publish","4":"format-standard","5":"has-post-thumbnail","7":"category-marseille","8":"tag-60069","9":"tag-17","10":"tag-actu","11":"tag-actualites","12":"tag-baskets","13":"tag-breakingnews","14":"tag-dans","15":"tag-demi-paires","16":"tag-des","17":"tag-eu","18":"tag-europe","19":"tag-faits-divers-justice","20":"tag-fr","21":"tag-france","22":"tag-gros","23":"tag-marseille","24":"tag-news","25":"tag-provence-alpes-cote-dazur","26":"tag-republique-francaise","27":"tag-sacs"},"share_on_mastodon":{"url":"https:\/\/pubeurope.com\/@fr\/115406266507364045","error":""},"_links":{"self":[{"href":"https:\/\/www.europesays.com\/fr\/wp-json\/wp\/v2\/posts\/476967","targetHints":{"allow":["GET"]}}],"collection":[{"href":"https:\/\/www.europesays.com\/fr\/wp-json\/wp\/v2\/posts"}],"about":[{"href":"https:\/\/www.europesays.com\/fr\/wp-json\/wp\/v2\/types\/post"}],"author":[{"embeddable":true,"href":"https:\/\/www.europesays.com\/fr\/wp-json\/wp\/v2\/users\/2"}],"replies":[{"embeddable":true,"href":"https:\/\/www.europesays.com\/fr\/wp-json\/wp\/v2\/comments?post=476967"}],"version-history":[{"count":0,"href":"https:\/\/www.europesays.com\/fr\/wp-json\/wp\/v2\/posts\/476967\/revisions"}],"wp:featuredmedia":[{"embeddable":true,"href":"https:\/\/www.europesays.com\/fr\/wp-json\/wp\/v2\/media\/476968"}],"wp:attachment":[{"href":"https:\/\/www.europesays.com\/fr\/wp-json\/wp\/v2\/media?parent=476967"}],"wp:term":[{"taxonomy":"category","embeddable":true,"href":"https:\/\/www.europesays.com\/fr\/wp-json\/wp\/v2\/categories?post=476967"},{"taxonomy":"post_tag","embeddable":true,"href":"https:\/\/www.europesays.com\/fr\/wp-json\/wp\/v2\/tags?post=476967"}],"curies":[{"name":"wp","href":"https:\/\/api.w.org\/{rel}","templated":true}]}}