{"id":476971,"date":"2025-10-20T11:31:22","date_gmt":"2025-10-20T11:31:22","guid":{"rendered":"https:\/\/www.europesays.com\/fr\/476971\/"},"modified":"2025-10-20T11:31:22","modified_gmt":"2025-10-20T11:31:22","slug":"expos-lyon-larcheologie-vivante-dun-imaginaire-lapidaire-par-fabrizio-migliorati","status":"publish","type":"post","link":"https:\/\/www.europesays.com\/fr\/476971\/","title":{"rendered":"Expos Lyon &#8211; L&rsquo;arch\u00e9ologie vivante d&rsquo;un imaginaire lapidaire par Fabrizio Migliorati"},"content":{"rendered":"<p itemprop=\"description\" style=\"font-weight: 600;\">    Exposition \/ Avec \u00ab\u00a0Merveilleux Moyen \u00c2ge\u00a0\u00bb le mus\u00e9e Gadagne propose un parcours dense et po\u00e9tique au croisement de l&rsquo;arch\u00e9ologie, l&rsquo;histoire de l&rsquo;art et l&rsquo;imaginaire contemporain.<\/p>\n<p><img decoding=\"async\" src=\"https:\/\/www.europesays.com\/fr\/wp-content\/uploads\/2025\/10\/2025-10-20-12-37-39_202510201127432510GadagneMerveilleuxMoyenAgePhilippeSomnoletitem061.jpg\" alt=\"\"\/><\/p>\n<p style=\"font-size:12px;\">Photo : Vue de l&rsquo;exposition \u00a0\u00bbMerveilleux Moyen \u00c2ge\u00a0\u00bb \u00a9Philippe Somnolet\/item<\/p>\n<p>Au c\u0153ur de la nouvelle exposition qui prend place dans l&rsquo;aile souterraine du joyau de la Renaissance du quartier de Saint-Jean, le complexe monastique de l&rsquo;\u00eele Barbe agit comme une source matricielle : de ses pierres proviennent la plupart des fragments pr\u00e9sent\u00e9s, traces d&rsquo;un centre spirituel et artistique irriguant, des si\u00e8cles durant, la r\u00e9gion lyonnaise. \u00c0 travers ces reliefs, chapiteaux et objet pr\u00e9cieux, l&rsquo;exposition fait ressurgir un Moyen \u00c2ge concret et symbolique, nourri d&rsquo;imagination et de spiritualit\u00e9.<\/p>\n<p><img decoding=\"async\" class=\"img-responsive\" src=\"https:\/\/www.europesays.com\/fr\/wp-content\/uploads\/2025\/10\/2025-10-20-11-27-43_2510GadagneMerveilleuxMoyenAgePhilippeSomnoletitem061.jpg\" alt=\"\" width=\"100%\"\/>Vue de l&rsquo;exposition \u00a0\u00bbMerveilleux Moyen \u00c2ge\u00a0\u00bb \u00a9Philippe Somnolet\/item<\/p>\n<p>D\u00e9passant la simple approche arch\u00e9ologique,  Merveilleux Moyen \u00c2ge raconte le symbolique et les mirabilia (\u00ab\u00a0les choses merveilleuses\u00a0\u00bb) agissant dans chaque fragment, image et r\u00e9cit, t\u00e9moignages d&rsquo;un rapport naturel et quotidien avec le spirituel, l&rsquo;\u00e9trange et le surnaturel.<\/p>\n<p>Le m\u00e9di\u00e9val mythique et persistant<\/p>\n<p>Un rapport capable de se prolonger bien au-del\u00e0 des limites de la p\u00e9riodisation historique, ainsi que le montre l&rsquo;imaginaire \u00e9voqu\u00e9 par la \u00ab\u00a0mati\u00e8re de France\u00a0\u00bb et le cycle arthurien en mesure de nourrir les r\u00e9cits et la cr\u00e9ation artistique successifs, de Ivanho\u00e9 \u00e0 Tolkien, de Walt Disney \u00e0 Excalibur, des Monty Python \u00e0 Kaamelott.<\/p>\n<p><img decoding=\"async\" class=\"img-responsive\" src=\"https:\/\/www.europesays.com\/fr\/wp-content\/uploads\/2025\/10\/2025-10-20-11-23-55_GADAGNEMERVEILLEUXMOYENAGEVitrailmusedhistoiredeLyonGadagne.jpeg\" alt=\"\" width=\"100%\"\/>Esquisse d&rsquo;un vitrail, la chasse de saint Hubert, Graphite, aquarelle et encre sur papier, \u00c0 partir de 1892, avant 1900, Lucien B\u00e9gule (dessinateur), Mus\u00e9e d&rsquo;histoire de Lyon &#8211; Gadagne, don Wagner, inv. 006.6.59 \/ Cr\u00e9dit photo : Mus\u00e9e d&rsquo;histoire de Lyon &#8211; Gadagne<\/p>\n<p>Ce fil, tendu entre les pierres de l&rsquo;\u00eele Barbe et les mythes modernes, passant par les r\u00e9cits chevaleresques, rappelle combien le Moyen \u00c2ge n&rsquo;est pas un temps inop\u00e9rant, mais un miroir persistant de nos d\u00e9sirs et de nos r\u00eaves, d&rsquo;origine et de transcendance.<\/p>\n<p>Plus qu&rsquo;une exposition, Merveilleux Moyen \u00c2ge compose une m\u00e9ditation sur la \u00ab\u00a0dur\u00e9e des formes\u00a0\u00bb. Entre vestiges et r\u00e9cits contemporains, le mus\u00e9e signe une arch\u00e9ologie po\u00e9tique de la m\u00e9moire, dense, lumineuse et profond\u00e9ment vivante.<\/p>\n<p><img decoding=\"async\" class=\"img-responsive\" src=\"https:\/\/www.europesays.com\/fr\/wp-content\/uploads\/2025\/10\/2025-10-20-11-36-29_2510GadagneMerveilleuxMoyenAgePhilippeSomnoletitem204rid.jpg\" alt=\"\" width=\"100%\"\/>Vue de l&rsquo;exposition \u00a0\u00bbMerveilleux Moyen \u00c2ge\u00a0\u00bb \u00a9Philippe Somnolet\/item<\/p>\n<p><a href=\"https:\/\/www.gadagne-lyon.fr\/mhl\/merveilleux-moyen-age\" target=\"_blank\" rel=\"noopener nofollow\"><strong>Merveilleux Moyen Age. L&rsquo;abbaye de l&rsquo;Ile-Barbe, un voyage aux portes de Lyon<\/strong><\/a><br \/>Jusqu&rsquo;au 1er novembre 2026 au Mus\u00e9e d&rsquo;histoire de Lyon &#8211; Gadagne (Lyon 5e)\u00a0; de 0 \u00e0 9\u20ac<\/p>\n","protected":false},"excerpt":{"rendered":"Exposition \/ Avec \u00ab\u00a0Merveilleux Moyen \u00c2ge\u00a0\u00bb le mus\u00e9e Gadagne propose un parcours dense et po\u00e9tique au croisement de&hellip;\n","protected":false},"author":2,"featured_media":476972,"comment_status":"","ping_status":"","sticky":false,"template":"","format":"standard","meta":{"footnotes":""},"categories":[1889],"tags":[1111,11,2430,1777,674,8202,1011,27,60071,60072,2428,60073,12,25],"class_list":{"0":"post-476971","1":"post","2":"type-post","3":"status-publish","4":"format-standard","5":"has-post-thumbnail","7":"category-lyon","8":"tag-actu","9":"tag-actualites","10":"tag-auvergne-rhone-alpes","11":"tag-eu","12":"tag-europe","13":"tag-expos","14":"tag-fr","15":"tag-france","16":"tag-gadagne","17":"tag-gadagne-et-ses-deux-musees","18":"tag-lyon","19":"tag-merveilleux-moyen-age","20":"tag-news","21":"tag-republique-francaise"},"share_on_mastodon":{"url":"https:\/\/pubeurope.com\/@fr\/115406274146606688","error":""},"_links":{"self":[{"href":"https:\/\/www.europesays.com\/fr\/wp-json\/wp\/v2\/posts\/476971","targetHints":{"allow":["GET"]}}],"collection":[{"href":"https:\/\/www.europesays.com\/fr\/wp-json\/wp\/v2\/posts"}],"about":[{"href":"https:\/\/www.europesays.com\/fr\/wp-json\/wp\/v2\/types\/post"}],"author":[{"embeddable":true,"href":"https:\/\/www.europesays.com\/fr\/wp-json\/wp\/v2\/users\/2"}],"replies":[{"embeddable":true,"href":"https:\/\/www.europesays.com\/fr\/wp-json\/wp\/v2\/comments?post=476971"}],"version-history":[{"count":0,"href":"https:\/\/www.europesays.com\/fr\/wp-json\/wp\/v2\/posts\/476971\/revisions"}],"wp:featuredmedia":[{"embeddable":true,"href":"https:\/\/www.europesays.com\/fr\/wp-json\/wp\/v2\/media\/476972"}],"wp:attachment":[{"href":"https:\/\/www.europesays.com\/fr\/wp-json\/wp\/v2\/media?parent=476971"}],"wp:term":[{"taxonomy":"category","embeddable":true,"href":"https:\/\/www.europesays.com\/fr\/wp-json\/wp\/v2\/categories?post=476971"},{"taxonomy":"post_tag","embeddable":true,"href":"https:\/\/www.europesays.com\/fr\/wp-json\/wp\/v2\/tags?post=476971"}],"curies":[{"name":"wp","href":"https:\/\/api.w.org\/{rel}","templated":true}]}}