{"id":476978,"date":"2025-10-20T11:36:14","date_gmt":"2025-10-20T11:36:14","guid":{"rendered":"https:\/\/www.europesays.com\/fr\/476978\/"},"modified":"2025-10-20T11:36:14","modified_gmt":"2025-10-20T11:36:14","slug":"art-basel-paris-2025-7-evenements-a-ne-pas-manquer-pendant-la-foire-dart-contemporain","status":"publish","type":"post","link":"https:\/\/www.europesays.com\/fr\/476978\/","title":{"rendered":"Art Basel Paris 2025 : 7 \u00e9v\u00e8nements \u00e0 ne pas manquer pendant la foire d&rsquo;art contemporain"},"content":{"rendered":"<p>Il faut attendre le cr\u00e9puscule des ann\u00e9es 1970 pour que <strong>Gerhard Richter<\/strong> abandonne le photor\u00e9alisme qui caract\u00e9risait ses \u0153uvres pour, une nouvelle fois, r\u00e9inventer un mouvement \u00e0 l\u2019aide d\u2019une technique novatrice. Ainsi, il \u00e9pouse l\u2019abstraction en \u00e9talant diff\u00e9rentes couches de couleur sur ses toiles, patientant, rigoureux, que chaque strate soit s\u00e8che pour entamer la suivante. Une technique qui lui vaut de nombreux prix, jusqu\u2019\u00e0 celui de la 47\u00e8me Biennale de Venise en 1997, mais qu\u2019il se refuse \u00e0 expliquer. Au c\u0153ur des ann\u00e9es 1980, alors en pleine ascension, il met en garde les critiques d\u2019art qui tentent d\u2019expliquer sa d\u00e9marche. Il va jusqu\u2019\u00e0 citer l\u2019\u00e9crivain fran\u00e7ais <strong>G\u00e9rard de Nerval<\/strong>, lorsqu\u2019il s\u2019adressait \u00e0 <strong>Alexandre Dumas<\/strong> en clamant : \u201cMes sonnets ne sont gu\u00e8re plus obscurs que la m\u00e9taphysique de Hegel\u2026, et perdraient de leur charme \u00e0 \u00eatre expliqu\u00e9s, si la chose \u00e9tait possible\u201d. Comprendre : ses tableaux sont sans objet, ni contenu. Ce qui ne les emp\u00eache pas d\u2019\u00eatre nombreux \u2013 en t\u00e9moigne l\u2019immense s\u00e9lection pr\u00e9sent\u00e9e \u00e0 partir du 17 octobre 2025 \u00e0 la Fondation Louis Vuitton. 270 ; voil\u00e0 le nombre d\u2019\u0153uvres pr\u00e9sent\u00e9es \u00e0 cette occasion, s\u00e9par\u00e9es entre huit galeries dans un parcours chronologique, afin de rendre compte au mieux des d\u00e9ambulations artistiques du peintre de 93 ans.<\/p>\n<p><img decoding=\"async\" alt=\"Gerhard Richter Lesende Femme lisant 1994  Huile sur toile 72 x 102 cm Collection SFMOMA\" loading=\"lazy\" class=\"ResponsiveImageContainer-eNxvmU cfBbTk responsive-image__image\"   src=\"https:\/\/www.europesays.com\/fr\/wp-content\/uploads\/2025\/10\/Gerhard_Richter_Lesende_Femme_lisant_1994_CR_804.jpg\"\/><\/p>\n<p>Gerhard Richter, Lesende [Femme lisant], 1994 (CR 804), Huile sur toile, 72 x 102 cm, Collection SFMOMA, Purchase through the gifts of Mimi and Peter Haas and Helen and Charles Schwab, and the Accessions Committee Fund: Barbara and Gerson Bakar, Collectors Forum, Evelyn D. Haas, Elaine McKeon, Byron R. Meyer, Modern Art Council, Christine and Michael Murray, Nancy and Steven Oliver, Leanne B. Roberts, Madeleine H. Russell, Danielle and Brooks Walker, Jr., Phyllis C. Wattis, and Pat and Bill Wilson\u00a9 Gerhard Richter 2025<\/p>\n<p>L&rsquo;exposition En plein c\u0153ur \u00e0 la Maison Guerlain<\/p>\n<p>Le projet En plein c\u0153ur prend pour point de d\u00e9part le centenaire de Shalimar, fragrance embl\u00e9matique de la maison <strong>Guerlain<\/strong>, partenaire de la foire d\u2019art moderne et contemporain Art Basel Paris. Cr\u00e9\u00e9 en 1925 par <strong>Jacques Guerlain<\/strong>, ce <a href=\"https:\/\/www.vogue.fr\/beaute\/article\/parfums-culte-francais\" target=\"_blank\" rel=\"noopener\">parfum iconique<\/a> s\u2019inspire d\u2019une l\u00e9gende d\u2019amour entre l\u2019imp\u00e9ratrice <strong>Mumtaz Mahal<\/strong> et l\u2019empereur moghol <strong>Sh\u00e2h Jah\u00e2n<\/strong>, au c\u0153ur des luxuriants jardins de Shalimar, \u00e0 Agra. \u00c0 la mort de son \u00e9pouse ador\u00e9e, l\u2019empereur, accabl\u00e9 de chagrin, fit \u00e9riger en sa m\u00e9moire le Taj Mahal, chef-d\u2019\u0153uvre d\u2019architecture et symbole d\u2019amour \u00e9ternel. Shalimar \u2014 qui signifie litt\u00e9ralement \u201cdemeure de l\u2019amour\u201d en sanskrit \u2014 incarne depuis un si\u00e8cle une vision du sentiment amoureux \u00e0 la fois absolue et insaisissable. Parmi celles et ceux qui ont \u00e9t\u00e9 marqu\u00e9s par ce sillage, l\u2019artiste <strong>Louise Bourgeois<\/strong>, dont une \u0153uvre figure dans l\u2019exposition, lui \u00e9tait rest\u00e9e fid\u00e8le : \u201cLes <a href=\"https:\/\/www.vogue.fr\/beaute\/parfums\" target=\"_blank\" rel=\"noopener\">parfums<\/a>, comme les souvenirs, ils apparaissent, puis ils disparaissent, et ils r\u00e9apparaissent\u2026 C\u2019est la preuve que c\u2019est la dur\u00e9e du temps. J\u2019utilise Shalimar depuis des d\u00e9cennies.\u201d<\/p>\n","protected":false},"excerpt":{"rendered":"Il faut attendre le cr\u00e9puscule des ann\u00e9es 1970 pour que Gerhard Richter abandonne le photor\u00e9alisme qui caract\u00e9risait ses&hellip;\n","protected":false},"author":2,"featured_media":476979,"comment_status":"","ping_status":"","sticky":false,"template":"","format":"standard","meta":{"footnotes":""},"categories":[1888],"tags":[1111,1928,11,1927,1777,674,1349,1011,27,12,1926,626,1925,1756,25],"class_list":{"0":"post-476978","1":"post","2":"type-post","3":"status-publish","4":"format-standard","5":"has-post-thumbnail","7":"category-paris","8":"tag-actu","9":"tag-actu-paris","10":"tag-actualites","11":"tag-actualites-paris","12":"tag-eu","13":"tag-europe","14":"tag-expositions","15":"tag-fr","16":"tag-france","17":"tag-news","18":"tag-news-paris","19":"tag-paris","20":"tag-paris-news","21":"tag-photographie","22":"tag-republique-francaise"},"share_on_mastodon":{"url":"https:\/\/pubeurope.com\/@fr\/115406294505803666","error":""},"_links":{"self":[{"href":"https:\/\/www.europesays.com\/fr\/wp-json\/wp\/v2\/posts\/476978","targetHints":{"allow":["GET"]}}],"collection":[{"href":"https:\/\/www.europesays.com\/fr\/wp-json\/wp\/v2\/posts"}],"about":[{"href":"https:\/\/www.europesays.com\/fr\/wp-json\/wp\/v2\/types\/post"}],"author":[{"embeddable":true,"href":"https:\/\/www.europesays.com\/fr\/wp-json\/wp\/v2\/users\/2"}],"replies":[{"embeddable":true,"href":"https:\/\/www.europesays.com\/fr\/wp-json\/wp\/v2\/comments?post=476978"}],"version-history":[{"count":0,"href":"https:\/\/www.europesays.com\/fr\/wp-json\/wp\/v2\/posts\/476978\/revisions"}],"wp:featuredmedia":[{"embeddable":true,"href":"https:\/\/www.europesays.com\/fr\/wp-json\/wp\/v2\/media\/476979"}],"wp:attachment":[{"href":"https:\/\/www.europesays.com\/fr\/wp-json\/wp\/v2\/media?parent=476978"}],"wp:term":[{"taxonomy":"category","embeddable":true,"href":"https:\/\/www.europesays.com\/fr\/wp-json\/wp\/v2\/categories?post=476978"},{"taxonomy":"post_tag","embeddable":true,"href":"https:\/\/www.europesays.com\/fr\/wp-json\/wp\/v2\/tags?post=476978"}],"curies":[{"name":"wp","href":"https:\/\/api.w.org\/{rel}","templated":true}]}}