{"id":477011,"date":"2025-10-20T11:58:11","date_gmt":"2025-10-20T11:58:11","guid":{"rendered":"https:\/\/www.europesays.com\/fr\/477011\/"},"modified":"2025-10-20T11:58:11","modified_gmt":"2025-10-20T11:58:11","slug":"cyclo-cross-de-perrier-classements-actualite","status":"publish","type":"post","link":"https:\/\/www.europesays.com\/fr\/477011\/","title":{"rendered":"Cyclo-cross de Perrier : Classements &#8211; Actualit\u00e9"},"content":{"rendered":"<p style=\"text-align: justify;\">Lucas Serri\u00e8res (EC Clermont-Ferrand) a remport\u00e9, ce dimanche, le cyclo-cross Louis Kosec-Souvenir Audrey, disput\u00e9 \u00e0 Perrier (Puy-de-D\u00f4me), organis\u00e9 par Issoire Cyclisme. Il a devanc\u00e9 Antoine Lachaize (UC Mortainais) et Alexis Filliat (UC Ambert Auvergne).<br \/>Lucas Serri\u00e8res se succ\u00e8de \u00e0 lui-m\u00eame au palmar\u00e8s.<\/p>\n<p><strong>Classements :<\/strong><br \/><strong>S\u00e9niors et U23<\/strong><br \/>1. SERRIERES Lucas E. C. CLERMONT-FERRAND S-OP1 en 50&rsquo;00\u00a0\u00bb<br \/>2. LACHAIZE Antoine UNION CYCLISTE DU MORTAINAIS U23-OP1 30\u00a0\u00bb<br \/>3. FILLIAT Alexis UNION CYCLISTE AMBERT AUVER U23-OP1 \u00a0\u00bb<br \/>4. JACQUIN Matthieu XC63 U23-OP2 45\u00a0\u00bb<br \/>5. SAUZET Jules CHARVIEU CHAVAGNEUX I.C. U19-OP2 \u00a0\u00bb<br \/>6. BONNEFOY J\u00e9r\u00e9mie C.R.4 CHEMINS\/ROANNE U23-OP2 01&rsquo;00\u00a0\u00bb<br \/>7. CHADEFAUX Nicolas TEAM CYCLISTE \u00ab\u00a0MONNE ET VEY S-OP3 \u00a0\u00bb<br \/>8. CHATARD Hugo AVENIR CYCLISTE CUSSET U23-OP2 \u00a0\u00bb<br \/>9. PIGNOL Killian XC63 U23-OP2 01&rsquo;30\u00a0\u00bb<br \/>10. TOPPAN Julien XC63 S-OP2 \u00a0\u00bb<br \/>11. BONNEFOY Nicolas C.R.4 CHEMINS\/ROANNE U23-OP1 02&rsquo;00\u00a0\u00bb<br \/>12. SERIEYS Bertrand XC63 S-OP1 \u00a0\u00bb<br \/>13. CHAMPION Corentin XC63 U23-OP2 02&rsquo;30\u00a0\u00bb<br \/>14. MATHIEU K\u00e9vin XC63 S-OP2 03&rsquo;00\u00a0\u00bb<br \/>15. VIRAT Arnaud UNION CYCLISTE AMBERT AUVER S-OP2 1 tour<br \/>16. VACHER Axel ISTRES SPORT CYCLISME S-OP2 \u00a0\u00bb<br \/>17. FERNANDES Fr\u00e9d\u00e9ric ISSOIRE CYCLISME S-OP2 \u00a0\u00bb<br \/>18. BARRIER Alexis ISSOIRE CYCLISME S-OP2 \u00a0\u00bb<br \/>19. MAS Eric E. C. CLERMONT-FERRAND S-AC1 \u00a0\u00bb<br \/>20. PLANEL Gr\u00e9goire AUVERGNE RHONE ALPES S-LJ \u00a0\u00bb<br \/>21. VACHER Johan R. O. MOULINS YZEURE AVERMES U23-AC1 \u00a0\u00bb<br \/>22. LE BRAS Lo\u00efc VELO CLUB RIOMOIS S-AC3 \u00a0\u00bb<br \/>23. DENEF Damien UNION CYCLISTE AMBERT AUVER S-OP2 \u00a0\u00bb<br \/>24. LAMBERT Fran\u00e7ois Xavier VELO SPORT BRIVADOIS S-AC1 \u00a0\u00bb<br \/>25. ROGER Richard VELO CLUB DE BESSE S-OP3 \u00a0\u00bb<br \/>26. JAVELOT Lilian ST CHELY CYCLISME S-AC3 \u00a0\u00bb<br \/>27. ROTA Alexandre TEAM DORE EVASION U23-AC1 2 tours<br \/>28. COMBES Lo\u00efc VC LAISSAC S-AC3 \u00a0\u00bb<br \/>29. FOURNIER C\u00e9dric VELO SPORT GERZATOIS S-AC1 \u00a0\u00bb<br \/>30. ROSIERE Lionel AVENIR CYCLISTE CUSSET S-AC1 3 tours<\/p>\n<p><strong>Non-partants :<\/strong><br \/>FILLIAT Christian UNION CYCLISTE AMBERT AUVERGNE<br \/>BAYLE Alexis VELO CLUB DE BESSE<\/p>\n<p><strong>Abandon :<\/strong><br \/>MIERMONT Robin VTT ARGENTAT<\/p>\n<p><strong>U19 et F\u00e9minines<\/strong><br \/>1. TARDIEU Cl\u00e9ment MS MANDELIEU U19-OP3 en 37&rsquo;30\u00a0\u00bb<br \/>2. TARTARIN Tom VELO CLUB DE BESSE U17 30\u00a0\u00bb<br \/>3. BAYART Paulin XC63 U17 01&rsquo;00\u00a0\u00bb<br \/>4. PIAU Lucas ISSOIRE CYCLISME U19-OP3 02&rsquo;30\u00a0\u00bb<br \/>5. CROZIER Lo\u00efs E.C. ST ETIENNE &#8211; LOIRE U17 \u00a0\u00bb<br \/>6. BIZOUERNE Alexis V.C. VILLEFRANCHE BEAUJOLAIS U17 03&rsquo;00\u00a0\u00bb<br \/>7. BONNEFOY Arthur E.C.O. FIRMINY U19-OP3 03&rsquo;30\u00a0\u00bb<br \/>8. YAMEOGO Th\u00e9otime VELO CLUB DE BESSE U17 \u00a0\u00bb<br \/>9. PERBET Justin XC63 U17 04&rsquo;15\u00a0\u00bb<br \/>10. CHANUDET Mathys VELO CLUB COURNON D`AUVERG U19-OP3 1 tour<br \/>11. MOISSONNIER Marie LYON SPRINT EVOLUTION U23F-OP1 \u00a0\u00bb<br \/>12. GIRAUD Elias VELO CLUB COURNON D`AUVERG U17 \u00a0\u00bb<br \/>13. PANIEZ William VELO SPORT MONTLUCONNAIS U17 \u00a0\u00bb<br \/>14. CHADEFAUX Oriane ISSOIRE CYCLISME FS-AC3 \u00a0\u00bb<br \/>15. BARRET Louis VELO CLUB COURNON D`AUVERG U17 \u00a0\u00bb<br \/>16. BUNEA Flavia V.C. ROANNAIS U19F-OP3 2 tours<br \/>17. DENEF Cl\u00e9a ISSOIRE SPORT ORGANISATION U19F-OP2 \u00a0\u00bb<\/p>\n<p><strong>Non-partant :<\/strong><br \/>MARY Ilan ISSOIRE CYCLISME\u00a0 \u00a0 \u00a0<\/p>\n<p><strong>Abandons :<\/strong><br \/>FOURNIER Cl\u00e9ment VELO SPORT GERZATOIS<br \/>ROYER Maxence XC63<\/p>\n<p><strong>U17<\/strong><br \/>1. SCHWINDLING Ethan VELO CLUB COURNON D`AUVERGNE U15 en 31&rsquo;00\u00a0\u00bb<br \/>2. DESMEURE Loan UC TAIN TOURNON U17\u00a0<br \/>3. FOURNEL Nino E.C. ST ETIENNE &#8211; LOIRE U15 01&rsquo;00\u00a0\u00bb<br \/>4. DELOIRE Nathan COURS LA VILLE CYCLISME U15 \u00a0\u00bb<br \/>5. NIANDOT Baptiste R. O. MOULINS YZEURE AVERMES U15 01&rsquo;30\u00a0\u00bb<br \/>6. BARGAIN Malo ISSOIRE CYCLISME U17 \u00a0\u00bb<br \/>7. BOSSE Simon ISSOIRE CYCLISME U17 \u00a0\u00bb<br \/>8. LAPRAY MANDAIRON Guillaume V.C. ROANNAIS U15 02&rsquo;00\u00a0\u00bb<br \/>9. LEMEUNIER Louison COURS LA VILLE CYCLISME U15 \u00a0\u00bb<br \/>10. PEILLERON MONANGE Diego XC63 U15 \u00a0\u00bb<br \/>11. ODOUL Adrien V C PAYS DE SAINT-FLOUR U15 \u00a0\u00bb<br \/>12. BERTRAND Gabriel E.C. ST ETIENNE &#8211; LOIRE U15 \u00a0\u00bb<br \/>13. CHAMPEIX Erin VELO SPORT GERZATOIS U15F 1 tour<br \/>14. TAFANI Sacha ENERGY CYCLE MOZAC U15 \u00a0\u00bb<br \/>15. BAYOUT CABANES Th\u00e9o VELO SPORT BRIVADOIS U15 \u00a0\u00bb<br \/>16. CORSI Enzo VELO CLUB COURNON D`AUVERG U17 \u00a0\u00bb<br \/>17. AMBLARD Hugo TEAM CYCLISTE CHATEL-GUYON U15 \u00a0\u00bb<br \/>18. COMBES L\u00e9a VELO CLUB MAURSOIS U15F \u00a0\u00bb<\/p>\n<p><strong>Non-partant :\u00a0\u00a0<\/strong><br \/>MINET Corentin VELO CLUB DE BESSE<\/p>\n<p><strong>U15<br \/><\/strong>1. DECAS Victor CREUSE OYGENE U13 en 20&rsquo;00\u00a0\u00bb<br \/>2. COUTO FABRE Ma\u00ebl E. C. CLERMONT-FERRAND U15<br \/>3. USSEL Leny HAUTE CORREZE CYCLISME COM U13<br \/>4. CHATEAU L\u00e9on XC63 U13<br \/>5. FONLUPT Jules UNION CYCLISTE AMBERTAUVER U15<br \/>6. HORDE Baptiste XC63 U15<br \/>7. FREMION BAUDIN Jean VELO SPORT BRIVADOIS U13<br \/>8. ROGEAUX Ga\u00ebtan XC63 U15<br \/>9. MORAND Max VELO CLUB DE BESSE U15<br \/>10. DUCHAMP Lana VELO CLUB DE BESSE U13F<br \/>11. FERRY Ma\u00eblan UNION CYCLISTE AMBERTAUVER U13<br \/>12. ALLARD L\u00e9na UNION CYCLISTE AMBERTAUVER U15F<\/p>\n<p><strong>Non-partant :<\/strong><br \/>CHAMPEIX Erin VELO SPORT GERZATOIS<\/p>\n<p>Source :\u00a0<a href=\"https:\/\/auvergnerhonealpescyclisme.com\/\" target=\"_blank\" rel=\"noopener\">auvergnerhonealpescyclisme.com<\/a><\/p>\n","protected":false},"excerpt":{"rendered":"Lucas Serri\u00e8res (EC Clermont-Ferrand) a remport\u00e9, ce dimanche, le cyclo-cross Louis Kosec-Souvenir Audrey, disput\u00e9 \u00e0 Perrier (Puy-de-D\u00f4me), organis\u00e9&hellip;\n","protected":false},"author":2,"featured_media":475606,"comment_status":"","ping_status":"","sticky":false,"template":"","format":"standard","meta":{"footnotes":""},"categories":[1411],"tags":[834,828,836,829,837,827,83,826,824,823,1154,207,814,817,815,816,822,821,832,211,839,1011,27,820,818,819,835,831,830,833,838,60,212,208,825],"class_list":{"0":"post-477011","1":"post","2":"type-post","3":"status-publish","4":"format-standard","5":"has-post-thumbnail","7":"category-cyclisme","8":"tag-attaque","9":"tag-belgique","10":"tag-braquet","11":"tag-bretagne","12":"tag-chute","13":"tag-competition","14":"tag-coupe-de-france","15":"tag-coureur","16":"tag-course-cyclisme","17":"tag-course-cycliste","18":"tag-cycling","19":"tag-cyclisme","20":"tag-direct","21":"tag-direct-velo","22":"tag-directvelo","23":"tag-directvelo-com","24":"tag-epreuve","25":"tag-epreuve-cycliste","26":"tag-federation-francaise-de-cyclisme","27":"tag-ffc","28":"tag-flandres","29":"tag-fr","30":"tag-france","31":"tag-live","32":"tag-live-course","33":"tag-live-epreuve","34":"tag-peloton","35":"tag-radio-peloton","36":"tag-radio-tour","37":"tag-ravitaillement","38":"tag-relance","39":"tag-sports","40":"tag-uci","41":"tag-velo","42":"tag-velos"},"share_on_mastodon":{"url":"https:\/\/pubeurope.com\/@fr\/115406380841558284","error":""},"_links":{"self":[{"href":"https:\/\/www.europesays.com\/fr\/wp-json\/wp\/v2\/posts\/477011","targetHints":{"allow":["GET"]}}],"collection":[{"href":"https:\/\/www.europesays.com\/fr\/wp-json\/wp\/v2\/posts"}],"about":[{"href":"https:\/\/www.europesays.com\/fr\/wp-json\/wp\/v2\/types\/post"}],"author":[{"embeddable":true,"href":"https:\/\/www.europesays.com\/fr\/wp-json\/wp\/v2\/users\/2"}],"replies":[{"embeddable":true,"href":"https:\/\/www.europesays.com\/fr\/wp-json\/wp\/v2\/comments?post=477011"}],"version-history":[{"count":0,"href":"https:\/\/www.europesays.com\/fr\/wp-json\/wp\/v2\/posts\/477011\/revisions"}],"wp:featuredmedia":[{"embeddable":true,"href":"https:\/\/www.europesays.com\/fr\/wp-json\/wp\/v2\/media\/475606"}],"wp:attachment":[{"href":"https:\/\/www.europesays.com\/fr\/wp-json\/wp\/v2\/media?parent=477011"}],"wp:term":[{"taxonomy":"category","embeddable":true,"href":"https:\/\/www.europesays.com\/fr\/wp-json\/wp\/v2\/categories?post=477011"},{"taxonomy":"post_tag","embeddable":true,"href":"https:\/\/www.europesays.com\/fr\/wp-json\/wp\/v2\/tags?post=477011"}],"curies":[{"name":"wp","href":"https:\/\/api.w.org\/{rel}","templated":true}]}}