{"id":477039,"date":"2025-10-20T12:13:10","date_gmt":"2025-10-20T12:13:10","guid":{"rendered":"https:\/\/www.europesays.com\/fr\/477039\/"},"modified":"2025-10-20T12:13:10","modified_gmt":"2025-10-20T12:13:10","slug":"lagonie-de-la-collegienne-a-dure-entre-deux-et-trois-minutes-estiment-des-medecins","status":"publish","type":"post","link":"https:\/\/www.europesays.com\/fr\/477039\/","title":{"rendered":"L\u2019agonie de la coll\u00e9gienne a dur\u00e9 \u00ab\u00a0entre deux et trois minutes\u00a0\u00bb, estiment des m\u00e9decins"},"content":{"rendered":"<p>Lola Daviet, 12 ans, a \u00e9t\u00e9 autopsi\u00e9e le 15\u00a0octobre 2022. La veille, son corps <a href=\"https:\/\/www.20minutes.fr\/justice\/4179931-20251017-meurtre-lola-horrible-fait-regrette-declare-dahbia-benkired\" class=\"c-link c-link--is-underlined\" target=\"_blank\" rel=\"noopener\">a \u00e9t\u00e9 d\u00e9couvert dans une malle<\/a>, d\u00e9pos\u00e9e dans la cour de la r\u00e9sidence o\u00f9 vivaient la coll\u00e9gienne et sa famille dans le 19e\u00a0arrondissement de Paris. Il a ensuite \u00e9t\u00e9 d\u00e9pos\u00e9 \u00e0 l\u2019institut m\u00e9dico-l\u00e9gal o\u00f9 il a \u00e9t\u00e9 examin\u00e9 par le docteur Isabelle Sec. Le cadavre de la pr\u00e9adolescente est arriv\u00e9 \u00ab\u00a0dans un bon \u00e9tat de conservation\u00a0\u00bb, \u00ab\u00a0enroul\u00e9 dans une couverture de survie\u00a0\u00bb, d\u00e9crit cette sp\u00e9cialiste de la <a href=\"https:\/\/www.20minutes.fr\/faits_divers\/4162643-20250711-auteurs-victimes-ressemblent-terriblement-medecin-legiste-disseque-violence\" class=\"c-link c-link--is-underlined\" target=\"_blank\" rel=\"noopener\">m\u00e9decine l\u00e9gale<\/a>, qui t\u00e9moigne ce lundi en visio <a href=\"https:\/\/www.20minutes.fr\/justice\/4179328-20251016-meurtre-lola-ca-fait-ni-chaud-ni-froid-dahbia-benkired-jugee-horrible-geste\" class=\"c-link c-link--is-underlined\" target=\"_blank\" rel=\"noopener\">au proc\u00e8s de Dahbia Benkired, 27 ans,<\/a> devant la cour d\u2019assises de Paris. \u00ab\u00a0Il y avait du scotch pr\u00e9sent au niveau du visage qui, lors de mes op\u00e9rations, n\u2019\u00e9tait plus l\u00e0\u00a0\u00bb, pr\u00e9cise-t-elle.<\/p>\n<p>Isabelle Sec a proc\u00e9d\u00e9 \u00e0 un \u00ab\u00a0examen complet du corps \u00e0 la recherche de l\u00e9sions traumatiques\u00a0\u00bb. Elle a <a href=\"https:\/\/www.20minutes.fr\/justice\/4180081-20251017-meurtre-lola-photos-videos-projetees-audience-racontent-drame\" class=\"c-link c-link--is-underlined\" target=\"_blank\" rel=\"noopener\">d\u00e9nombr\u00e9 38 plaies sur le cadavre<\/a> de Lola Daviet. Elle a relev\u00e9 \u00ab\u00a0plusieurs zones d\u2019infiltration h\u00e9morragique\u00a0\u00bb, \u00ab\u00a0une multitude de plaies situ\u00e9es \u00e0 l\u2019arri\u00e8re du thorax\u00a0\u00bb, \u00ab\u00a0une l\u00e9sion osseuse au niveau de la mandibule gauche\u00a0\u00bb, \u00ab\u00a0une plaie face gauche du menton jusqu\u2019\u00e0 la face gauche du cou\u00a0\u00bb, \u00ab\u00a0deux plaies p\u00e9n\u00e9trantes jusqu\u2019\u00e0 la cage thoracique\u00a0\u00bb. Elle n\u2019a pas remarqu\u00e9, en revanche, \u00ab\u00a0de plaies de d\u00e9fense\u00a0\u00bb sur les mains de la victime. Lola est, dit-elle, morte asphyxi\u00e9e en raison de \u00ab\u00a0l\u2019obstruction compl\u00e8te des voies a\u00e9riennes sup\u00e9rieures\u00a0\u00bb, du ruban adh\u00e9sif recouvrant son nez et sa bouche.<\/p>\n<\/p>\n<p>\u00ab\u00a0C\u2019est au-del\u00e0 de la douleur physique\u00a0\u00bb<\/p>\n<p>\u00ab\u00a0C\u2019est l\u2019une des questions <a href=\"https:\/\/www.20minutes.fr\/societe\/4120943-20241112-meurtre-lola-arrete-respirer-toute-seule-peur-deux-ans-apres-mere-petite-fille-temoigne\" class=\"c-link c-link--is-underlined\" target=\"_blank\" rel=\"noopener\">que se posent les parties civiles<\/a>, est-ce que Lola a souffert\u00a0?\u00a0\u00bb, lui demande le pr\u00e9sident de la cour. \u00ab\u00a0Conna\u00eetre les souffrances endur\u00e9es, c\u2019est une notion tr\u00e8s demand\u00e9e par les parties civiles \u00e0 l\u2019heure actuelle et on les comprend\u00a0\u00bb, r\u00e9pond Isabelle Sec. \u00ab\u00a0Avant la perte de connaissance, l\u2019asphyxie est en soi tr\u00e8s anxiog\u00e8ne, c\u2019est au-del\u00e0 de la douleur physique\u00a0\u00bb, pr\u00e9cise l\u2019experte, ajoutant que l\u2019agonie a pu durer \u00ab\u00a0entre deux et trois minutes\u00a0\u00bb.<\/p>\n<p>L\u2019examen du corps de Lola a \u00e9galement r\u00e9v\u00e9l\u00e9 des l\u00e9sions dans la r\u00e9gion rectale et vaginale. \u00ab\u00a0Des suffusions h\u00e9morragiques r\u00e9centes\u00a0\u00bb dans son rectum, et \u00ab\u00a0deux petites entailles\u00a0\u00bb dans sa \u00ab\u00a0cavit\u00e9 vaginale\u00a0\u00bb, \u00ab\u00a0survenues pendant la vie de l\u2019enfant\u00a0\u00bb, d\u00e9taille le professeur Patrick Barbet qui a r\u00e9alis\u00e9 une \u00ab\u00a0expertise anatomo-pathologique\u00a0\u00bb. Elles ont \u00e9t\u00e9 caus\u00e9es \u00ab\u00a0dans les minutes ou les heures pr\u00e9c\u00e9dant le d\u00e9c\u00e8s\u00a0\u00bb. \u00ab\u00a0Rien ne nous permet de dire s\u2019il s\u2019agit d\u2019une p\u00e9n\u00e9tration digitale ou par un objet\u00a0\u00bb, compl\u00e8te Isabelle Sec qui \u00e9voque des \u00ab\u00a0l\u00e9sions profondes\u00a0\u00bb.<\/p>\n<p>\u00ab\u00a0Je ne l\u2019ai jamais touch\u00e9e\u00a0\u00bb<\/p>\n<p>\u00ab\u00a0Sur ce qu\u2019on vient d\u2019entendre, souhaitez vous r\u00e9agir\u00a0?\u00a0\u00bb, demande le pr\u00e9sident \u00e0 l\u2019accus\u00e9e. \u00ab\u00a0Non. Apr\u00e8s j\u2019ai du mal \u00e0 parler fran\u00e7ais donc je n\u2019ai pas tout compris de ce qu\u2019elle disait mais non, je n\u2019ai rien \u00e0 dire\u00a0\u00bb, r\u00e9pond <a href=\"https:\/\/www.20minutes.fr\/faits_divers\/4005944-20221018-meurtre-lola-sait-dhabia-b-suspectee-avoir-tue-collegienne-12-ans\" class=\"c-link c-link--is-underlined\" target=\"_blank\" rel=\"noopener\">Dahbia Benkired<\/a>. \u00ab\u00a0En r\u00e9sumant \u00e0 tr\u00e8s gros traits, il y a des choses pas compatibles avec vos d\u00e9clarations, comme le nombre de coups port\u00e9s, la nature de ces coups\u00a0\u00bb, reprend le magistrat qui \u00e9voque aussi ces l\u00e9sions d\u00e9couvertes dans le vagin et le rectum de la victime. \u00ab\u00a0\u00c7a, c\u2019est faux, je ne l\u2019ai jamais touch\u00e9e\u00a0\u00bb, soutient la jeune femme de 27 ans. Elle reconna\u00eet avoir contraint Lola a pratiqu\u00e9 un cunnilingus \u00ab\u00a0mais rien d\u2019autre\u00a0\u00bb.<\/p>\n<p>Le juge insiste\u00a0: comment ces l\u00e9sions ont-elles pu appara\u00eetre\u00a0? \u00ab\u00a0Je n\u2019en ai aucune id\u00e9e\u00a0\u00bb, assure l\u2019accus\u00e9e. Elle rappelle avoir d\u00e9plac\u00e9 le corps chez Rachid N., l\u2019une de ces connaissances qui habite \u00e0 Asni\u00e8res dans les Hauts-de-Seine, apr\u00e8s l\u2019avoir tu\u00e9e.<\/p>\n<p>&#8211; Vous comprenez qu\u2019il est impossible qu\u2019il soit \u00e0 l\u2019origine de ces l\u00e9sions\u00a0?<\/p>\n<p>&#8211; Je n\u2019ai rien fait.<\/p>\n<p>&#8211; Y avait-il quelqu\u2019un d\u2019autre dans cet appartement avec vous deux\u00a0?<\/p>\n<p>&#8211; Non.<\/p>\n<p>&#8211; Alors comment fait-on pour expliquer \u00e7a\u00a0?<\/p>\n<p>&#8211; Je l\u2019aurais fait je vous l\u2019aurais dit.<\/p>\n<p>Le verdict est attendu le 24\u00a0octobre. L\u2019accus\u00e9e encourt la r\u00e9clusion criminelle \u00e0 perp\u00e9tuit\u00e9.<\/p>\n","protected":false},"excerpt":{"rendered":"Lola Daviet, 12 ans, a \u00e9t\u00e9 autopsi\u00e9e le 15\u00a0octobre 2022. La veille, son corps a \u00e9t\u00e9 d\u00e9couvert dans&hellip;\n","protected":false},"author":2,"featured_media":477040,"comment_status":"","ping_status":"","sticky":false,"template":"","format":"standard","meta":{"footnotes":""},"categories":[2],"tags":[47,11,20851,658,1011,27,2683,662,303,777,52922,12,626,2694,1265],"class_list":{"0":"post-477039","1":"post","2":"type-post","3":"status-publish","4":"format-standard","5":"has-post-thumbnail","7":"category-actualites","8":"tag-actualite","9":"tag-actualites","10":"tag-cour-dassises","11":"tag-faits-divers-paris","12":"tag-fr","13":"tag-france","14":"tag-homicide","15":"tag-ile-de-france","16":"tag-justice","17":"tag-meurtre","18":"tag-meurtre-de-lola","19":"tag-news","20":"tag-paris","21":"tag-proces","22":"tag-viol"},"share_on_mastodon":{"url":"https:\/\/pubeurope.com\/@fr\/115406438585443193","error":""},"_links":{"self":[{"href":"https:\/\/www.europesays.com\/fr\/wp-json\/wp\/v2\/posts\/477039","targetHints":{"allow":["GET"]}}],"collection":[{"href":"https:\/\/www.europesays.com\/fr\/wp-json\/wp\/v2\/posts"}],"about":[{"href":"https:\/\/www.europesays.com\/fr\/wp-json\/wp\/v2\/types\/post"}],"author":[{"embeddable":true,"href":"https:\/\/www.europesays.com\/fr\/wp-json\/wp\/v2\/users\/2"}],"replies":[{"embeddable":true,"href":"https:\/\/www.europesays.com\/fr\/wp-json\/wp\/v2\/comments?post=477039"}],"version-history":[{"count":0,"href":"https:\/\/www.europesays.com\/fr\/wp-json\/wp\/v2\/posts\/477039\/revisions"}],"wp:featuredmedia":[{"embeddable":true,"href":"https:\/\/www.europesays.com\/fr\/wp-json\/wp\/v2\/media\/477040"}],"wp:attachment":[{"href":"https:\/\/www.europesays.com\/fr\/wp-json\/wp\/v2\/media?parent=477039"}],"wp:term":[{"taxonomy":"category","embeddable":true,"href":"https:\/\/www.europesays.com\/fr\/wp-json\/wp\/v2\/categories?post=477039"},{"taxonomy":"post_tag","embeddable":true,"href":"https:\/\/www.europesays.com\/fr\/wp-json\/wp\/v2\/tags?post=477039"}],"curies":[{"name":"wp","href":"https:\/\/api.w.org\/{rel}","templated":true}]}}