{"id":477041,"date":"2025-10-20T12:15:18","date_gmt":"2025-10-20T12:15:18","guid":{"rendered":"https:\/\/www.europesays.com\/fr\/477041\/"},"modified":"2025-10-20T12:15:18","modified_gmt":"2025-10-20T12:15:18","slug":"saint-etienne-un-poids-lourd-en-portefeuille-bloque-la-circulation-sur-la-rn88","status":"publish","type":"post","link":"https:\/\/www.europesays.com\/fr\/477041\/","title":{"rendered":"Saint-\u00c9tienne : un poids lourd en portefeuille bloque la circulation sur la RN88"},"content":{"rendered":"<p>Un accident s&rsquo;est produit aux alentours de 11h15, ce lundi 20 octobre, \u00e0 la jonction entre la RN88 et la RN488, peu apr\u00e8s le viaduc de Terrenoire, \u00e0 Saint-\u00c9tienne, en direction de Lyon.<\/p>\n<p>Des voitures \u00e0 l&rsquo;arr\u00eat sur plusieurs kilom\u00e8tres : fin de matin\u00e9e compliqu\u00e9e autour de <b>Saint-\u00c9tienne<\/b>.<\/p>\n<p>Alors que la chauss\u00e9e est rendue glissante par les conditions m\u00e9t\u00e9o, un poids lourd s&rsquo;est mis en portefeuille aux alentours de 11h15, ce lundi 20 octobre, sur la <b>RN88<\/b>.\u00a0<\/p>\n<p>Le poids lourd d\u00e9pann\u00e9, la circulation r\u00e9tablie<\/p>\n<p>L&rsquo;accident s&rsquo;est produit juste \u00e0 la jonction avec la RN488, en direction de Lyon, bloquant ainsi les trois voies de circulation et la bande d&rsquo;arr\u00eat d&rsquo;urgence. Aucun autre v\u00e9hicule n&rsquo;a \u00e9t\u00e9 endommag\u00e9, <b>aucun bless\u00e9<\/b>, non plus, n&rsquo;est \u00e0 d\u00e9plorer.<\/p>\n<p>Un d\u00e9panneur est arriv\u00e9 sur place et a pu redresser le poids lourd. Aux alentours de midi, la circulation a pu reprendre <b>sur deux voies<\/b>.<\/p>\n<p>C\u00f4t\u00e9 ralentissements, des <b>bouchons <\/b>se sont form\u00e9s jusqu&rsquo;au <b>tunnel du Rond-Point<\/b> sur la RN88 et jusqu&rsquo;\u00e0 <b>La Terrasse<\/b> sur l&rsquo;A72. Il faudra attendre plusieurs dizaines de minutes pour un retour \u00e0 la normale.<\/p>\n<p><img loading=\"lazy\" decoding=\"async\" src=\"https:\/\/www.europesays.com\/fr\/wp-content\/uploads\/2025\/10\/1760962518_65_img\" width=\"350\" height=\"200\" border=\"0\" title=\"Le programme des perturbations sur la RN88 d\u00c3\u00a8s ce lundi 20 octobre\"\/><\/p>\n<p>\u25baTransport<\/p>\n<p style=\"font-size: 22px;\"><b>Loire : de nouvelles perturbations \u00e0 pr\u00e9voir sur la RN88 et l&rsquo;A47 d\u00e8s lundi\u00a0<\/b><\/p>\n<p>Comme la semaine derni\u00e8re, des voies seront ferm\u00e9es&#8230;<\/p>\n<p><\/p>\n","protected":false},"excerpt":{"rendered":"Un accident s&rsquo;est produit aux alentours de 11h15, ce lundi 20 octobre, \u00e0 la jonction entre la RN88&hellip;\n","protected":false},"author":2,"featured_media":477042,"comment_status":"","ping_status":"","sticky":false,"template":"","format":"standard","meta":{"footnotes":""},"categories":[9653],"tags":[119,1111,11,2430,1777,674,1011,27,12,10635,25,15292,9920,4001],"class_list":{"0":"post-477041","1":"post","2":"type-post","3":"status-publish","4":"format-standard","5":"has-post-thumbnail","7":"category-saint-etienne","8":"tag-accident","9":"tag-actu","10":"tag-actualites","11":"tag-auvergne-rhone-alpes","12":"tag-eu","13":"tag-europe","14":"tag-fr","15":"tag-france","16":"tag-news","17":"tag-poids-lourd","18":"tag-republique-francaise","19":"tag-rn88","20":"tag-saint-tienne","21":"tag-saint-etienne"},"share_on_mastodon":{"url":"https:\/\/pubeurope.com\/@fr\/115406447534494663","error":""},"_links":{"self":[{"href":"https:\/\/www.europesays.com\/fr\/wp-json\/wp\/v2\/posts\/477041","targetHints":{"allow":["GET"]}}],"collection":[{"href":"https:\/\/www.europesays.com\/fr\/wp-json\/wp\/v2\/posts"}],"about":[{"href":"https:\/\/www.europesays.com\/fr\/wp-json\/wp\/v2\/types\/post"}],"author":[{"embeddable":true,"href":"https:\/\/www.europesays.com\/fr\/wp-json\/wp\/v2\/users\/2"}],"replies":[{"embeddable":true,"href":"https:\/\/www.europesays.com\/fr\/wp-json\/wp\/v2\/comments?post=477041"}],"version-history":[{"count":0,"href":"https:\/\/www.europesays.com\/fr\/wp-json\/wp\/v2\/posts\/477041\/revisions"}],"wp:featuredmedia":[{"embeddable":true,"href":"https:\/\/www.europesays.com\/fr\/wp-json\/wp\/v2\/media\/477042"}],"wp:attachment":[{"href":"https:\/\/www.europesays.com\/fr\/wp-json\/wp\/v2\/media?parent=477041"}],"wp:term":[{"taxonomy":"category","embeddable":true,"href":"https:\/\/www.europesays.com\/fr\/wp-json\/wp\/v2\/categories?post=477041"},{"taxonomy":"post_tag","embeddable":true,"href":"https:\/\/www.europesays.com\/fr\/wp-json\/wp\/v2\/tags?post=477041"}],"curies":[{"name":"wp","href":"https:\/\/api.w.org\/{rel}","templated":true}]}}