{"id":477050,"date":"2025-10-20T12:22:16","date_gmt":"2025-10-20T12:22:16","guid":{"rendered":"https:\/\/www.europesays.com\/fr\/477050\/"},"modified":"2025-10-20T12:22:16","modified_gmt":"2025-10-20T12:22:16","slug":"un-noctambule-aurait-ete-vise-par-des-coups-de-feu-une-enquete-est-ouverte","status":"publish","type":"post","link":"https:\/\/www.europesays.com\/fr\/477050\/","title":{"rendered":"un noctambule aurait \u00e9t\u00e9 vis\u00e9 par des coups de feu, une enqu\u00eate est ouverte"},"content":{"rendered":"<p>            Par<br \/>\n        <strong><br \/>\n            <a href=\"https:\/\/actu.fr\/auteur\/jm-aubert\" title=\"Consulter tous les articles de Jean-Marc Aubert\" target=\"_blank\" rel=\"noopener\">Jean-Marc Aubert<\/a><br \/>\n        <\/strong><\/p>\n<p>        Publi\u00e9 le<\/p>\n<p>            20 oct. 2025 \u00e0 14h06        <\/p>\n<p>Un Vauclusien a d\u00e9pos\u00e9 plainte apr\u00e8s avoir essuy\u00e9 des <strong>coups de feu<\/strong>, dans la nuit de samedi \u00e0 dimanche, dans le quartier de Tournezy, \u00e0 <strong>Montpellier<\/strong>. Il est indemne. Une enqu\u00eate est ouverte.<\/p>\n<p class=\" wall-content\">T\u00f4t le matin de ce dimanche 19 octobre 2025, un jeune homme s\u2019est pr\u00e9sent\u00e9 \u00e0 la brigade de <strong>gendarmerie d\u2019Orange<\/strong>, dans le Vaucluse, o\u00f9 il r\u00e9side, en signalant avoir \u00e9t\u00e9 la cible de tirs par une arme dont il est incapable de dire s\u2019il s\u2019agit d\u2019un pistolet, d\u2019un revolver ou autre, sur le parking d\u2019un \u00e9tablissement de nuit, \u00e0 Montpellier. Des faits qui remontent plusieurs heures avant en milieu de nuit. Fort heureusement, il n\u2019a pas \u00e9t\u00e9 atteint.<\/p>\n<p>Il n\u2019appelle pas le 17<\/p>\n<p class=\" wall-content\">Curieusement, il n\u2019a pas appel\u00e9 le 17, le num\u00e9ro d\u2019urgence de police secours de l\u2019H\u00e9rault qui aurait permis une intervention rapide des policiers devant cet \u00e9tablissement recevant du public, dans le quartier de Tournezy. Il a donc pris la route d\u2019Orange pour se rendre directement \u00e0 la gendarmerie.<\/p>\n<p>Quel mobile ?<\/p>\n<p class=\" wall-content\">\u00c0 la demande des militaires vauclusiens, la DIPN 34 a d\u00e9p\u00each\u00e9 une patrouille du commissariat central vers 8h45, dimanche, mais l\u2019\u00e9tablissement d\u00e9sign\u00e9 par la victime \u00e9tait ferm\u00e9 et le parking d\u00e9sert. Une enqu\u00eate est en cours pour faire toute la lumi\u00e8re sur les coups de feu sur ce noctambule, sur le d\u00e9roul\u00e9 des faits, la recherche de t\u00e9moins potentiels et \u00e9ventuellement sur le mobile. La proc\u00e9dure d\u00e9but\u00e9e \u00e0 la gendarmerie d\u2019Orange pourrait \u00eatre transmise au commissariat de Montpellier pour la suite des investigations.<\/p>\n<p class=\" wall-content\">Personnalisez votre actualit\u00e9 en ajoutant vos villes et m\u00e9dias en favori avec <a href=\"https:\/\/moncompte.actu.fr\" title=\"D\u00e9couvez Mon Actu\" rel=\"nofollow noopener\" data-trk=\"{&quot;cta&quot;:{&quot;action&quot;:&quot;https:\\\/\\\/moncompte.actu.fr&quot;,&quot;category&quot;:&quot;mon compte&quot;,&quot;from&quot;:&quot;article footer&quot;,&quot;name&quot;:&quot;Mon actu&quot;,&quot;type&quot;:&quot;cta&quot;}}\" target=\"_blank\">Mon Actu<\/a>.<\/p>\n","protected":false},"excerpt":{"rendered":"Par Jean-Marc Aubert Publi\u00e9 le 20 oct. 2025 \u00e0 14h06 Un Vauclusien a d\u00e9pos\u00e9 plainte apr\u00e8s avoir essuy\u00e9&hellip;\n","protected":false},"author":2,"featured_media":477051,"comment_status":"","ping_status":"","sticky":false,"template":"","format":"standard","meta":{"footnotes":""},"categories":[9599],"tags":[1111,11,1777,674,118,1011,27,3381,2208,12,2680,1072,25],"class_list":{"0":"post-477050","1":"post","2":"type-post","3":"status-publish","4":"format-standard","5":"has-post-thumbnail","7":"category-montpellier","8":"tag-actu","9":"tag-actualites","10":"tag-eu","11":"tag-europe","12":"tag-faits-divers","13":"tag-fr","14":"tag-france","15":"tag-gendarmerie","16":"tag-montpellier","17":"tag-news","18":"tag-occitanie","19":"tag-police","20":"tag-republique-francaise"},"share_on_mastodon":{"url":"https:\/\/pubeurope.com\/@fr\/115406474067843532","error":""},"_links":{"self":[{"href":"https:\/\/www.europesays.com\/fr\/wp-json\/wp\/v2\/posts\/477050","targetHints":{"allow":["GET"]}}],"collection":[{"href":"https:\/\/www.europesays.com\/fr\/wp-json\/wp\/v2\/posts"}],"about":[{"href":"https:\/\/www.europesays.com\/fr\/wp-json\/wp\/v2\/types\/post"}],"author":[{"embeddable":true,"href":"https:\/\/www.europesays.com\/fr\/wp-json\/wp\/v2\/users\/2"}],"replies":[{"embeddable":true,"href":"https:\/\/www.europesays.com\/fr\/wp-json\/wp\/v2\/comments?post=477050"}],"version-history":[{"count":0,"href":"https:\/\/www.europesays.com\/fr\/wp-json\/wp\/v2\/posts\/477050\/revisions"}],"wp:featuredmedia":[{"embeddable":true,"href":"https:\/\/www.europesays.com\/fr\/wp-json\/wp\/v2\/media\/477051"}],"wp:attachment":[{"href":"https:\/\/www.europesays.com\/fr\/wp-json\/wp\/v2\/media?parent=477050"}],"wp:term":[{"taxonomy":"category","embeddable":true,"href":"https:\/\/www.europesays.com\/fr\/wp-json\/wp\/v2\/categories?post=477050"},{"taxonomy":"post_tag","embeddable":true,"href":"https:\/\/www.europesays.com\/fr\/wp-json\/wp\/v2\/tags?post=477050"}],"curies":[{"name":"wp","href":"https:\/\/api.w.org\/{rel}","templated":true}]}}