{"id":477058,"date":"2025-10-20T12:28:11","date_gmt":"2025-10-20T12:28:11","guid":{"rendered":"https:\/\/www.europesays.com\/fr\/477058\/"},"modified":"2025-10-20T12:28:11","modified_gmt":"2025-10-20T12:28:11","slug":"cette-aide-a-lachat-de-velo-ciblee-par-des-arnaques","status":"publish","type":"post","link":"https:\/\/www.europesays.com\/fr\/477058\/","title":{"rendered":"Cette aide \u00e0 l\u2019achat de v\u00e9lo cibl\u00e9e par des arnaques"},"content":{"rendered":"<p>Elle fait son retour. Apr\u00e8s plusieurs mois de suspension, la M\u00e9tropole de Grenoble (<a href=\"https:\/\/www.20minutes.fr\/societe\/isere\/\" class=\"c-link c-link--is-underlined\" rel=\"nofollow noopener\" target=\"_blank\">Is\u00e8re<\/a>) relance son aide \u00e0 l\u2019achat de <a href=\"https:\/\/www.20minutes.fr\/dossier\/velo\" class=\"c-link c-link--is-underlined\" rel=\"nofollow noopener\" target=\"_blank\">v\u00e9lo <\/a>pour les habitants. Lors du dernier conseil m\u00e9tropolitain, les \u00e9lus ont valid\u00e9 la r\u00e9injection de 900 000 \u20ac pour financer le dispositif jusqu\u2019\u00e0 fin\u00a02026, rapporte <a href=\"https:\/\/actu.fr\/auvergne-rhone-alpes\/grenoble_38185\/grenoble-des-fraudes-de-cette-aide-financiere-de-la-metropole-font-des-remous-la-justice-saisie_63285484.html\" target=\"_blank\" class=\"c-link c-link--is-underlined\" rel=\"nofollow noopener\">Actu Grenoble<\/a>.<\/p>\n<p>\u00c0 partir du 31\u00a0octobre, les Grenoblois pourront de nouveau b\u00e9n\u00e9ficier, sous conditions, d\u2019une aide pouvant aller jusqu\u2019\u00e0 500 \u20ac pour l\u2019acquisition d\u2019un <a href=\"https:\/\/www.20minutes.fr\/societe\/4178155-20251009-bordeaux-part-chasse-velos-epaves-retours-positifs\" class=\"c-link c-link--is-underlined\" rel=\"nofollow noopener\" target=\"_blank\">v\u00e9lo<\/a>. Victime de son succ\u00e8s avec plus de 5 400 b\u00e9n\u00e9ficiaires sur le territoire, mais aussi de plusieurs fraudes signal\u00e9es, cette subvention avait d\u00fb \u00eatre suspendue en mai dernier.<\/p>\n<\/p>\n<p>Un signalement \u00e0 la justice pour suspicion de fraude<\/p>\n<p>Selon Sylvain Laval, vice-pr\u00e9sident charg\u00e9 des mobilit\u00e9s douces et pr\u00e9sident du Syndicat Mixte des Mobilit\u00e9s de l\u2019Aire Grenobloise (SMMAG), \u00ab\u00a0deux v\u00e9locistes ont fait l\u2019objet d\u2019une attention particuli\u00e8re par signalement, dont un a \u00e9t\u00e9 transmis au procureur de la R\u00e9publique et exclu du dispositif pour <a href=\"https:\/\/www.20minutes.fr\/dossier\/fraude\" class=\"c-link c-link--is-underlined\" rel=\"nofollow noopener\" target=\"_blank\">fraude<\/a>.\u00a0\u00bb Les premiers soup\u00e7ons d\u2019arnaque sont apparus en juillet, soit deux mois apr\u00e8s la pause du dispositif.<\/p>\n<p><a href=\"https:\/\/www.20minutes.fr\/justice\/\" class=\"c-link c-btn c-btn--primary\" rel=\"nofollow noopener\" target=\"_blank\">Suivez l&rsquo;actualit\u00e9 judiciaire<\/a><\/p>\n<p>Des v\u00e9rifications renforc\u00e9es ont \u00e9t\u00e9 mises en place pour certains b\u00e9n\u00e9ficiaires cibl\u00e9s, invit\u00e9s \u00e0 pr\u00e9senter leur v\u00e9lo achet\u00e9 gr\u00e2ce \u00e0 l\u2019aide afin de confirmer leur bonne utilisation. Les contr\u00f4les ont surtout concern\u00e9 des v\u00e9los acquis avec un faible reste \u00e0 charge aupr\u00e8s de v\u00e9locistes au comportement suspect. Au total, environ 15\u00a0% des v\u00e9los inspect\u00e9s \u00e9taient d\u00e9clar\u00e9s vol\u00e9s et deux fraudes av\u00e9r\u00e9es ont \u00e9t\u00e9 d\u00e9tect\u00e9es.<\/p>\n","protected":false},"excerpt":{"rendered":"Elle fait son retour. Apr\u00e8s plusieurs mois de suspension, la M\u00e9tropole de Grenoble (Is\u00e8re) relance son aide \u00e0&hellip;\n","protected":false},"author":2,"featured_media":477059,"comment_status":"","ping_status":"","sticky":false,"template":"","format":"standard","meta":{"footnotes":""},"categories":[9566],"tags":[1111,47,11,3514,2430,1777,674,1011,27,2731,108,12,25,2431,104,208],"class_list":{"0":"post-477058","1":"post","2":"type-post","3":"status-publish","4":"format-standard","5":"has-post-thumbnail","7":"category-grenoble","8":"tag-actu","9":"tag-actualite","10":"tag-actualites","11":"tag-arnaque","12":"tag-auvergne-rhone-alpes","13":"tag-eu","14":"tag-europe","15":"tag-fr","16":"tag-france","17":"tag-grenoble","18":"tag-isere","19":"tag-news","20":"tag-republique-francaise","21":"tag-rhone-alpes","22":"tag-societe","23":"tag-velo"},"share_on_mastodon":{"url":"https:\/\/pubeurope.com\/@fr\/115406497686961062","error":""},"_links":{"self":[{"href":"https:\/\/www.europesays.com\/fr\/wp-json\/wp\/v2\/posts\/477058","targetHints":{"allow":["GET"]}}],"collection":[{"href":"https:\/\/www.europesays.com\/fr\/wp-json\/wp\/v2\/posts"}],"about":[{"href":"https:\/\/www.europesays.com\/fr\/wp-json\/wp\/v2\/types\/post"}],"author":[{"embeddable":true,"href":"https:\/\/www.europesays.com\/fr\/wp-json\/wp\/v2\/users\/2"}],"replies":[{"embeddable":true,"href":"https:\/\/www.europesays.com\/fr\/wp-json\/wp\/v2\/comments?post=477058"}],"version-history":[{"count":0,"href":"https:\/\/www.europesays.com\/fr\/wp-json\/wp\/v2\/posts\/477058\/revisions"}],"wp:featuredmedia":[{"embeddable":true,"href":"https:\/\/www.europesays.com\/fr\/wp-json\/wp\/v2\/media\/477059"}],"wp:attachment":[{"href":"https:\/\/www.europesays.com\/fr\/wp-json\/wp\/v2\/media?parent=477058"}],"wp:term":[{"taxonomy":"category","embeddable":true,"href":"https:\/\/www.europesays.com\/fr\/wp-json\/wp\/v2\/categories?post=477058"},{"taxonomy":"post_tag","embeddable":true,"href":"https:\/\/www.europesays.com\/fr\/wp-json\/wp\/v2\/tags?post=477058"}],"curies":[{"name":"wp","href":"https:\/\/api.w.org\/{rel}","templated":true}]}}