{"id":47706,"date":"2025-04-23T22:49:12","date_gmt":"2025-04-23T22:49:12","guid":{"rendered":"https:\/\/www.europesays.com\/fr\/47706\/"},"modified":"2025-04-23T22:49:12","modified_gmt":"2025-04-23T22:49:12","slug":"trois-francais-mais-pas-bielle-biarrey-retenus-pour-le-titre-de-joueur-de-lannee","status":"publish","type":"post","link":"https:\/\/www.europesays.com\/fr\/47706\/","title":{"rendered":"trois Fran\u00e7ais, mais pas Bielle-Biarrey, retenus pour le titre de joueur de l\u2019ann\u00e9e"},"content":{"rendered":"<p>L\u2019EPCR a d\u00e9voil\u00e9 ce mercredi les noms des huit joueurs en lice pour le titre de meilleur joueur de cette saison de Champions Cup.<\/p>\n<p class=\"fig-paragraph\">Qui pour succ\u00e9der \u00e0 Antoine Dupont, d\u00e9sign\u00e9 meilleur joueur de la Champions Cup 2023-2024 remport\u00e9e par le Stade Toulousain\u00a0? Ce sera l\u2019un des huit joueurs retenus et d\u00e9voil\u00e9s par l\u2019EPCR, organisateur de la comp\u00e9tition continentale, ce mercredi.<\/p>\n<p class=\"fig-paragraph\">Parmi eux, trois Fran\u00e7ais. Les joueurs de l\u2019UBB Damian Penaud et Maxime Lucu, ainsi que\u00a0<a href=\"http:\/\/www.lefigaro.fr\/sports\/rugby\/coupe-d-europe\/rugby-champions-cup-en-video-les-larmes-de-thomas-ramos-le-heros-toulousain-20250413\" data-fig-type=\"NewsFlash\" data-gtm-custom-categorie=\"navigation\" data-gtm-custom-action=\"crossclick\" data-gtm-custom-label=\"Contextuel\" data-gtm-event=\"customEventSPE\" data-fig-domain=\"LEFIGARO\" target=\"_blank\" rel=\"noopener\">le Toulousain Thomas Ramos<\/a>. Un autre Toulousain a \u00e9t\u00e9 retenu, l\u2019Anglais Jack Willis.<\/p>\n<p class=\"fig-body-link\">\n            \u00c0 lire aussi<br \/>\n        <a class=\"fig-body-link__link\" href=\"http:\/\/www.lefigaro.fr\/sports\/rugby\/coupe-d-europe\/champions-cup-penaud-etablit-un-nouveau-record-de-12-essais-inscrits-lors-d-une-meme-edition-20250412\" data-fig-type=\"NewsFlash\" data-gtm-custom-categorie=\"navigation\" data-gtm-custom-action=\"crossclick\" data-gtm-custom-label=\"Contextuel\" data-gtm-event=\"customEventSPE\" data-fig-domain=\"LEFIGARO\" target=\"_blank\" rel=\"noopener\">Champions Cup de rugby\u00a0: en vid\u00e9o, Penaud \u00e9tablit un nouveau record de 12 essais inscrits lors d\u2019une m\u00eame \u00e9dition<br \/>\n    <\/a>\n<\/p>\n<p class=\"fig-paragraph\">Surprise, en revanche, Louis Bielle-Biarrey ne figure pas dans cette short-list. Certainement parce qu\u2019il n\u2019a inscrit \u00abque\u00bb six essais en Champions Cup cette saison quand son co\u00e9quipier\u00a0<a href=\"http:\/\/www.lefigaro.fr\/sports\/rugby\/coupe-d-europe\/champions-cup-l-ubb-coule-les-sharks-avec-un-monumental-damian-penaud-20250119\" data-fig-type=\"NewsFlash\" data-gtm-custom-categorie=\"navigation\" data-gtm-custom-action=\"crossclick\" data-gtm-custom-label=\"Contextuel\" data-gtm-event=\"customEventSPE\" data-fig-domain=\"LEFIGARO\" target=\"_blank\" rel=\"noopener\">Damian Penaud en est d\u00e9j\u00e0 \u00e0 12<\/a>, ayant battu le record avant m\u00eame les prochaines demi-finales.<\/p>\n<p class=\"fig-paragraph\"><a href=\"https:\/\/www.epcrugby.com\/fr\/european-professional-club-rugby\/joueur-de-lannee\" target=\"_blank\" rel=\"nofollow noopener\" data-gtm-custom-categorie=\"navigation\" data-gtm-custom-action=\"crossclick\" data-gtm-custom-label=\"Contextuel\" data-gtm-event=\"customEventSPE\">Pour compl\u00e9ter le casting<\/a>, on retrouve trois joueurs du Leinster, les Irlandais Caelan Doris, et Jamison Gibson-Park, ainsi que le N\u00e9o-Z\u00e9landais Jordie Barrett. Le 8e homme est le jeune ph\u00e9nom\u00e8ne des Saints de Northampton, le troisi\u00e8me-ligne aile Henry Pollock.<\/p>\n<p>Le palmar\u00e8s<\/p>\n<p class=\"fig-paragraph\">2024 &#8211; <strong>Antoine Dupont<\/strong> (Stade Toulousain)<br \/>2023 &#8211; <strong>Gr\u00e9gory Alldritt<\/strong> (Stade Rochelais)<br \/>2022 &#8211; Josh Van der Flier (Leinster )<br \/>2021 &#8211; <strong>Antoine Dupont <\/strong>(Stade Toulousain)<br \/>2020 &#8211; Sam Simmonds (Exeter Chiefs)<br \/>2019 &#8211; Alex Goode (Saracens)<br \/>2018 &#8211; Leone Nakarawa (Racing 92)<br \/>2017 &#8211; Owen Farrell (Saracens)<br \/>2016 &#8211; Maro Itoje (Saracens)<br \/>2015 &#8211; Nick Adendanon (ASM Clermont)<br \/>2014 &#8211; Steffon Armitage (RC Toulon)<br \/>2013 &#8211; Jonny Wilkinson (RC Toulon)<br \/>2012 &#8211; Rob Kearney (Leinster)<br \/>2011 &#8211; Sean O\u2019Brien (Leinster)<br \/>2010 &#8211; Ronan O\u2019Gara (Munster)<\/p>\n","protected":false},"excerpt":{"rendered":"L\u2019EPCR a d\u00e9voil\u00e9 ce mercredi les noms des huit joueurs en lice pour le titre de meilleur joueur&hellip;\n","protected":false},"author":2,"featured_media":47707,"comment_status":"","ping_status":"","sticky":false,"template":"","format":"standard","meta":{"footnotes":""},"categories":[1416],"tags":[3463,525,2211,3460,1089,4363,814,2396,1011,27,3462,955,2411,3464,2311,1980,479,1468,2259,60,476,8541,2310,2312,4364],"class_list":{"0":"post-47706","1":"post","2":"type-post","3":"status-publish","4":"format-standard","5":"has-post-thumbnail","7":"category-rugby","8":"tag-biarritz","9":"tag-calendrier","10":"tag-championnat-deurope","11":"tag-champions-cup","12":"tag-coupe-deurope","13":"tag-damian-penaud","14":"tag-direct","15":"tag-finale","16":"tag-fr","17":"tag-france","18":"tag-leinster","19":"tag-match","20":"tag-munster","21":"tag-perpignan","22":"tag-racing","23":"tag-resultats","24":"tag-rugby","25":"tag-rugby-football","26":"tag-score","27":"tag-sports","28":"tag-stade-toulousain","29":"tag-thomas-ramos","30":"tag-toulon","31":"tag-toulouse","32":"tag-ubb"},"share_on_mastodon":{"url":"https:\/\/pubeurope.com\/@fr\/114389723682512347","error":""},"_links":{"self":[{"href":"https:\/\/www.europesays.com\/fr\/wp-json\/wp\/v2\/posts\/47706","targetHints":{"allow":["GET"]}}],"collection":[{"href":"https:\/\/www.europesays.com\/fr\/wp-json\/wp\/v2\/posts"}],"about":[{"href":"https:\/\/www.europesays.com\/fr\/wp-json\/wp\/v2\/types\/post"}],"author":[{"embeddable":true,"href":"https:\/\/www.europesays.com\/fr\/wp-json\/wp\/v2\/users\/2"}],"replies":[{"embeddable":true,"href":"https:\/\/www.europesays.com\/fr\/wp-json\/wp\/v2\/comments?post=47706"}],"version-history":[{"count":0,"href":"https:\/\/www.europesays.com\/fr\/wp-json\/wp\/v2\/posts\/47706\/revisions"}],"wp:featuredmedia":[{"embeddable":true,"href":"https:\/\/www.europesays.com\/fr\/wp-json\/wp\/v2\/media\/47707"}],"wp:attachment":[{"href":"https:\/\/www.europesays.com\/fr\/wp-json\/wp\/v2\/media?parent=47706"}],"wp:term":[{"taxonomy":"category","embeddable":true,"href":"https:\/\/www.europesays.com\/fr\/wp-json\/wp\/v2\/categories?post=47706"},{"taxonomy":"post_tag","embeddable":true,"href":"https:\/\/www.europesays.com\/fr\/wp-json\/wp\/v2\/tags?post=47706"}],"curies":[{"name":"wp","href":"https:\/\/api.w.org\/{rel}","templated":true}]}}