{"id":477070,"date":"2025-10-20T12:34:14","date_gmt":"2025-10-20T12:34:14","guid":{"rendered":"https:\/\/www.europesays.com\/fr\/477070\/"},"modified":"2025-10-20T12:34:14","modified_gmt":"2025-10-20T12:34:14","slug":"un-mois-apres-une-collision-entre-deux-avions-evitee-de-justesse-une-trentaine-de-controleurs-aeriens-supplementaires-a-nice","status":"publish","type":"post","link":"https:\/\/www.europesays.com\/fr\/477070\/","title":{"rendered":"Un mois apr\u00e8s une collision entre deux avions \u00e9vit\u00e9e de justesse, une trentaine de contr\u00f4leurs a\u00e9riens suppl\u00e9mentaires \u00e0 Nice"},"content":{"rendered":"<p>\n    Le ministre des Transports, Philippe Tabarot, a annonc\u00e9 des effectifs suppl\u00e9mentaires, \u00ab\u00e0 la r\u00e9gion et particuli\u00e8rement \u00e0 Nice\u00bb.<\/p>\n<p class=\"fig-paragraph\">Invit\u00e9 de\u00a0<a href=\"https:\/\/www.bfmtv.com\/cote-d-azur\/replay-emissions\/bonjour-cote-d-azur\/video-crash-evite-a-l-aeroport-de-nice-philippe-tabarot-ministre-des-transports-annonce-un-renfort-de-controleurs-aeriens_VN-202510200203.html\" target=\"_blank\" rel=\"sponsored noopener\" data-gtm-custom-categorie=\"navigation\" data-gtm-custom-action=\"crossclick\" data-gtm-custom-label=\"Contextuel\" data-gtm-event=\"customEventSPE\">BFM C\u00f4te d\u2019Azur<\/a>\u00a0ce lundi, le\u00a0<a href=\"http:\/\/www.lefigaro.fr\/nice\/il-faut-se-debarrasser-des-traitres-le-cas-tabarot-crispe-un-peu-plus-les-lr-des-alpes-maritimes-20251014\" data-fig-type=\"NewsFlash\" data-gtm-custom-categorie=\"navigation\" data-gtm-custom-action=\"crossclick\" data-gtm-custom-label=\"Contextuel\" data-gtm-event=\"customEventSPE\" data-fig-domain=\"LEFIGARO\" target=\"_blank\" rel=\"noopener\">ministre des Transports<\/a>\u00a0Philippe Tabarot est revenu sur \u00abl\u2019incident grave\u00bb survenu \u00e0 l\u2019a\u00e9roport de Nice (Alpes-Maritimes), il y a bient\u00f4t un mois. Le dimanche 21 septembre, aux alentours de 23h30, un avion de la compagnie tunisienne Nouvel Air avait manqu\u00e9 d\u2019atterrir sur un appareil easyJet, lequel s\u2019appr\u00eatait \u00e0 d\u00e9coller sur la m\u00eame piste.\u00a0<a href=\"http:\/\/www.lefigaro.fr\/nice\/nice-apres-la-collision-evitee-de-peu-entre-deux-avions-le-parquet-ouvre-une-enquete-pour-mise-en-danger-de-la-vie-d-autrui-20250923\" data-fig-type=\"NewsFlash\" data-gtm-custom-categorie=\"navigation\" data-gtm-custom-action=\"crossclick\" data-gtm-custom-label=\"Contextuel\" data-gtm-event=\"customEventSPE\" data-fig-domain=\"LEFIGARO\" target=\"_blank\" rel=\"noopener\">Une enqu\u00eate<\/a>\u00a0men\u00e9e par le Bureau d\u2019enqu\u00eates et d\u2019analyses pour la s\u00e9curit\u00e9 de l\u2019aviation civile (BEA)et ouverte \u00e0 la demande du ministre des Transports, est toujours en cours afin de d\u00e9terminer les \u00abcirconstances pr\u00e9cises de cet \u00e9v\u00e9nement\u00bb. Pour l\u2019heure, il est acquis que l\u2019A320 de Nouvel Air\u00a0<a href=\"http:\/\/www.lefigaro.fr\/nice\/crash-evite-a-nice-l-avion-de-nouvel-air-s-est-trompe-de-piste-d-apres-le-bea-20250929\" data-fig-type=\"NewsFlash\" data-gtm-custom-categorie=\"navigation\" data-gtm-custom-action=\"crossclick\" data-gtm-custom-label=\"Contextuel\" data-gtm-event=\"customEventSPE\" data-fig-domain=\"LEFIGARO\" target=\"_blank\" rel=\"noopener\">s\u2019est tromp\u00e9 de piste,<\/a>\u00a0sa remise de gaz rapide ayant permis d\u2019\u00e9viter le crash.<\/p>\n<p class=\"fig-body-link\">\n            \u00c0 lire aussi<br \/>\n        <a class=\"fig-body-link__link\" href=\"http:\/\/www.lefigaro.fr\/nice\/une-collision-evitee-a-trois-metres-pres-entre-deux-avions-a-l-aeroport-de-nice-20250922\" data-fig-type=\"NewsFlash\" data-gtm-custom-categorie=\"navigation\" data-gtm-custom-action=\"crossclick\" data-gtm-custom-label=\"Contextuel\" data-gtm-event=\"customEventSPE\" data-fig-domain=\"LEFIGARO\" target=\"_blank\" rel=\"noopener\">Une collision \u00e9vit\u00e9e \u00ab\u00e0 trois m\u00e8tres pr\u00e8s\u00bb entre deux avions \u00e0 l\u2019a\u00e9roport de Nice<br \/>\n    <\/a>\n<\/p>\n<p class=\"fig-paragraph\">Peu de temps auparavant, Philippe Tabarot avait requis le 11 juillet une \u00abinspection g\u00e9n\u00e9rale sur l\u2019ensemble du transport, sur la tour de contr\u00f4le d\u2019Aix-Marseille et sur celle de Nice\u00bb, invoquant une \u00absous-performance avec des retards cons\u00e9quents\u00bb, pour lesquels ce dernier est souvent point\u00e9 du doigt. Cons\u00e9quence\u00a0: le ministre a annonc\u00e9 lundi matin l\u2019arriv\u00e9e de nouveaux contr\u00f4leurs a\u00e9riens suppl\u00e9mentaires, \u00abune trentaine, trente-cinq\u00bb, assurant que \u00abces effectifs \u00e9taient d\u00e9j\u00e0 pr\u00e9vus de longue date\u00bb. Ces aiguilleurs du ciel seront r\u00e9partis au cours des trois prochaines ann\u00e9es \u00ab\u00e0 la r\u00e9gion mais \u00e0 Nice en particulier car le trafic a augment\u00e9 et les infrastructures sont plus importantes\u00bb.<\/p>\n<p>                                    <a class=\"fig-a11y-skip a11y-hidden\" href=\"#fig-a11y-skip-main-inarticle\"><br \/>\n        Passer la publicit\u00e9<br \/>\n    <\/a><\/p>\n<p>Une trentaine de renforts<\/p>\n<p class=\"fig-paragraph\">\u00abAujourd\u2019hui, l\u2019a\u00e9roport de Nice traite pratiquement avec des personnels \u00e9quivalents le trafic de l\u2019a\u00e9roport parisien Charles-de-Gaulle\u00bb, avance le ministre. L\u2019ancien s\u00e9nateur LR des Alpes-Maritimes a \u00e9galement insist\u00e9 sur une \u00abdemande de performance\u00bb de la part du personnel ainsi qu\u2019une bonne application \u00abd\u2019un devoir de neutralit\u00e9\u00bb, en r\u00e9f\u00e9rence aux r\u00e9centes prises de parole, anonymes, dans la presse locale afin de d\u00e9noncer de potentiels probl\u00e8mes d\u2019\u00e9clairage de pistes, qui seraient par ailleurs trop \u00e9troites. Selon ces m\u00eames interlocuteurs, la collision \u00e9vit\u00e9e de peu \u00e0 l\u2019a\u00e9roport de Nice en serait le r\u00e9sultat.<\/p>\n<p class=\"fig-body-link\">\n            \u00c0 lire aussi<br \/>\n        <a class=\"fig-body-link__link\" href=\"http:\/\/www.lefigaro.fr\/nice\/nice-apres-la-collision-evitee-de-peu-christian-estrosi-veut-remplacer-les-controleurs-aeriens-par-des-militaires-20251001\" data-fig-type=\"NewsFlash\" data-gtm-custom-categorie=\"navigation\" data-gtm-custom-action=\"crossclick\" data-gtm-custom-label=\"Contextuel\" data-gtm-event=\"customEventSPE\" data-fig-domain=\"LEFIGARO\" target=\"_blank\" rel=\"noopener\">Nice\u00a0: apr\u00e8s la collision \u00e9vit\u00e9e de peu, Christian Estrosi veut remplacer les contr\u00f4leurs a\u00e9riens par des militaires<br \/>\n    <\/a>\n<\/p>\n<p class=\"fig-paragraph\">En parall\u00e8le, Philippe Tabarot a d\u00e9clar\u00e9 la prochaine mise en place \u00abune\u00a0<a href=\"http:\/\/www.lefigaro.fr\/conjoncture\/une-exigence-de-securite-les-controleurs-aeriens-pointeront-bientot-par-biometrie-a-la-prise-de-poste-20250907\" data-fig-type=\"NewsFlash\" data-gtm-custom-categorie=\"navigation\" data-gtm-custom-action=\"crossclick\" data-gtm-custom-label=\"Contextuel\" data-gtm-event=\"customEventSPE\" data-fig-domain=\"LEFIGARO\" target=\"_blank\" rel=\"noopener\">badgeuse biom\u00e9trique<\/a> \u00a0pour montrer l\u2019effectivit\u00e9 du travail des contr\u00f4leurs\u00bb et ce, dans \u00ables prochaines semaines\u00bb. Et le ministre d\u2019expliquer un probl\u00e8me de \u00abclearance\u00bb entre les aiguilleurs du ciel\u00a0: \u00abQuelques fois, les contr\u00f4leurs ne sont pas \u00e0 leur poste et sont remplac\u00e9s par d\u2019autres coll\u00e8gues. Ou non\u00bb, a-t-il pr\u00e9cis\u00e9. Ce dispositif a \u00e9t\u00e9 approuv\u00e9 par la CNIL, le gendarme des donn\u00e9es priv\u00e9es, ainsi que le Conseil d\u2019\u00c9tat. Des discussions avec le syndicat majoritaire des contr\u00f4leurs a\u00e9riens ont \u00e9t\u00e9 engag\u00e9es. \u00abCela sera mis en place dans les prochaines semaines et sur l\u2019ensemble du territoire national\u00bb, a souhait\u00e9 le ministre.<\/p>\n","protected":false},"excerpt":{"rendered":"Le ministre des Transports, Philippe Tabarot, a annonc\u00e9 des effectifs suppl\u00e9mentaires, \u00ab\u00e0 la r\u00e9gion et particuli\u00e8rement \u00e0 Nice\u00bb.&hellip;\n","protected":false},"author":2,"featured_media":477071,"comment_status":"","ping_status":"","sticky":false,"template":"","format":"standard","meta":{"footnotes":""},"categories":[2819],"tags":[1111,11,37,35823,4098,1777,674,1011,27,12,2401,882,25],"class_list":{"0":"post-477070","1":"post","2":"type-post","3":"status-publish","4":"format-standard","5":"has-post-thumbnail","7":"category-nice","8":"tag-actu","9":"tag-actualites","10":"tag-avion","11":"tag-controleurs-aeriens","12":"tag-crash","13":"tag-eu","14":"tag-europe","15":"tag-fr","16":"tag-france","17":"tag-news","18":"tag-nice","19":"tag-provence-alpes-cote-dazur","20":"tag-republique-francaise"},"share_on_mastodon":{"url":"https:\/\/pubeurope.com\/@fr\/115406521311400564","error":""},"_links":{"self":[{"href":"https:\/\/www.europesays.com\/fr\/wp-json\/wp\/v2\/posts\/477070","targetHints":{"allow":["GET"]}}],"collection":[{"href":"https:\/\/www.europesays.com\/fr\/wp-json\/wp\/v2\/posts"}],"about":[{"href":"https:\/\/www.europesays.com\/fr\/wp-json\/wp\/v2\/types\/post"}],"author":[{"embeddable":true,"href":"https:\/\/www.europesays.com\/fr\/wp-json\/wp\/v2\/users\/2"}],"replies":[{"embeddable":true,"href":"https:\/\/www.europesays.com\/fr\/wp-json\/wp\/v2\/comments?post=477070"}],"version-history":[{"count":0,"href":"https:\/\/www.europesays.com\/fr\/wp-json\/wp\/v2\/posts\/477070\/revisions"}],"wp:featuredmedia":[{"embeddable":true,"href":"https:\/\/www.europesays.com\/fr\/wp-json\/wp\/v2\/media\/477071"}],"wp:attachment":[{"href":"https:\/\/www.europesays.com\/fr\/wp-json\/wp\/v2\/media?parent=477070"}],"wp:term":[{"taxonomy":"category","embeddable":true,"href":"https:\/\/www.europesays.com\/fr\/wp-json\/wp\/v2\/categories?post=477070"},{"taxonomy":"post_tag","embeddable":true,"href":"https:\/\/www.europesays.com\/fr\/wp-json\/wp\/v2\/tags?post=477070"}],"curies":[{"name":"wp","href":"https:\/\/api.w.org\/{rel}","templated":true}]}}