{"id":477083,"date":"2025-10-20T12:41:17","date_gmt":"2025-10-20T12:41:17","guid":{"rendered":"https:\/\/www.europesays.com\/fr\/477083\/"},"modified":"2025-10-20T12:41:17","modified_gmt":"2025-10-20T12:41:17","slug":"lacademie-de-lille-promet-une-ecole-qui-protege","status":"publish","type":"post","link":"https:\/\/www.europesays.com\/fr\/477083\/","title":{"rendered":"l\u2019acad\u00e9mie de Lille promet \u00ab\u00a0une \u00e9cole qui prot\u00e8ge\u00a0\u00bb"},"content":{"rendered":"<p><img decoding=\"async\" class=\"\" style=\"width:100%;max-width:100%\" src=\"https:\/\/www.europesays.com\/fr\/wp-content\/uploads\/2025\/10\/Photo_harcelement_scolaire1757428476038-format16by9.jpg\" alt=\"Acad\u00e9mie de Lille, illustration\"\/><\/p>\n<p>Les actions de pr\u00e9vention sont de plus en plus nombreuses. <\/p>\n<p>Cr\u00e9dit : Acad\u00e9mie de Lille, illustration<\/p>\n<p data-syno-attrs=\"{&quot;textMarks&quot;:[{&quot;_&quot;:&quot;font_size&quot;,&quot;value&quot;:14},{&quot;_&quot;:&quot;font_family&quot;,&quot;value&quot;:&quot;Times New Roman&quot;,&quot;eastAsia&quot;:&quot;Times New Roman&quot;,&quot;complexScript&quot;:&quot;Times New Roman&quot;}]}\"><strong>L\u2019acad\u00e9mie de Lille promet de continuer son travail de lutte contre le harc\u00e8lement scolaire.<\/strong><\/p>\n<p data-syno-attrs=\"{&quot;textMarks&quot;:[{&quot;_&quot;:&quot;font_size&quot;,&quot;value&quot;:14},{&quot;_&quot;:&quot;font_family&quot;,&quot;value&quot;:&quot;Times New Roman&quot;,&quot;eastAsia&quot;:&quot;Times New Roman&quot;,&quot;complexScript&quot;:&quot;Times New Roman&quot;}]}\">L\u2019acad\u00e9mie de Lille vient de pr\u00e9senter le bilan de ses actions ces derni\u00e8res ann\u00e9es face au harc\u00e8lement scolaire. <a href=\"https:\/\/www1.ac-lille.fr\/prix-non-au-harcelement-2025-125708\" rel=\"noopener\" target=\"_blank\">Avec la formation de professionnels, d\u2019\u00e9l\u00e8ves, pour aider les victimes, gros travail en amont. Un travail qui va continuer cette ann\u00e9e, avec de plus en plus de pr\u00e9vention, d\u2019action pour d\u00e9noncer ce fl\u00e9au toujours bien r\u00e9el&#8230;<\/a><\/p>\n<p data-syno-attrs=\"{&quot;textMarks&quot;:[{&quot;_&quot;:&quot;font_size&quot;,&quot;value&quot;:14},{&quot;_&quot;:&quot;font_family&quot;,&quot;value&quot;:&quot;Times New Roman&quot;,&quot;eastAsia&quot;:&quot;Times New Roman&quot;,&quot;complexScript&quot;:&quot;Times New Roman&quot;}]}\">La R\u00e9gion n\u2019a pas \u00e9t\u00e9 \u00e9pargn\u00e9e en tristes exemples, le harc\u00e8lement scolaire ce n\u2019est pas juste un terme \u00e0 la mode. <strong>Lindsay s\u2019est donn\u00e9 la mort \u00e0 Vendin-le-Vieil en 2023. En 2011, le Lillois Jonathan Destin s\u2019\u00e9tait immol\u00e9 par le feu. Devenu un symbole du harc\u00e8lement, touch\u00e9 tr\u00e8s t\u00f4t dans sa jeunesse, il \u00e9tait d\u00e9c\u00e9d\u00e9 en 2020 dans son sommeil. <\/strong><\/p>\n<p data-syno-attrs=\"{&quot;textMarks&quot;:[{&quot;_&quot;:&quot;font_size&quot;,&quot;value&quot;:14},{&quot;_&quot;:&quot;font_family&quot;,&quot;value&quot;:&quot;Times New Roman&quot;,&quot;eastAsia&quot;:&quot;Times New Roman&quot;,&quot;complexScript&quot;:&quot;Times New Roman&quot;}]}\">La rectrice assure que de gros efforts sont faits, une \u00e9cole qui prot\u00e8ge les \u00e9l\u00e8ves et les professeurs. Avec, depuis plusieurs ann\u00e9es,<strong> la formation de 7000 professionnels sp\u00e9cifiques,<\/strong>\u00a0pour lutter le plus t\u00f4t possible contre le harc\u00e8lement, rep\u00e9rer les cas, faire \u00e9videmment de la pr\u00e9vention. <strong>6000 \u00e9l\u00e8ves ont \u00e9galement \u00e9t\u00e9 form\u00e9s, les ambassadeurs de la lutte contre le harc\u00e8lement.<\/strong> <\/p>\n<p data-syno-attrs=\"{&quot;textMarks&quot;:[{&quot;_&quot;:&quot;font_size&quot;,&quot;value&quot;:14},{&quot;_&quot;:&quot;font_family&quot;,&quot;value&quot;:&quot;Times New Roman&quot;,&quot;eastAsia&quot;:&quot;Times New Roman&quot;,&quot;complexScript&quot;:&quot;Times New Roman&quot;}]}\">2000 signalements ont \u00e9t\u00e9 trait\u00e9s l\u2019an pass\u00e9. Sans oublier le travail propos\u00e9 par les \u00e9tablissements eux-m\u00eames, de plus en plus de pi\u00e8ces de th\u00e9\u00e2tre, ou de jeux de r\u00f4le.<\/p>\n<p data-syno-attrs=\"{&quot;textMarks&quot;:[{&quot;_&quot;:&quot;font_size&quot;,&quot;value&quot;:14},{&quot;_&quot;:&quot;font_family&quot;,&quot;value&quot;:&quot;Times New Roman&quot;,&quot;eastAsia&quot;:&quot;Times New Roman&quot;,&quot;complexScript&quot;:&quot;Times New Roman&quot;}]}\">\u00a0<\/p>\n","protected":false},"excerpt":{"rendered":"Les actions de pr\u00e9vention sont de plus en plus nombreuses. Cr\u00e9dit : Acad\u00e9mie de Lille, illustration L\u2019acad\u00e9mie de&hellip;\n","protected":false},"author":2,"featured_media":477084,"comment_status":"","ping_status":"","sticky":false,"template":"","format":"standard","meta":{"footnotes":""},"categories":[2815],"tags":[60077,60088,1111,11,55051,60087,60079,60089,60090,1777,674,59195,1119,1011,27,17930,811,60083,60084,1307,60085,12,6543,60081,60078,25,60080,60082,60086,2023],"class_list":{"0":"post-477083","1":"post","2":"type-post","3":"status-publish","4":"format-standard","5":"has-post-thumbnail","7":"category-lille","8":"tag-academie-de-lille","9":"tag-actions-de-lutte","10":"tag-actu","11":"tag-actualites","12":"tag-ambassadeurs","13":"tag-cas-reperes","14":"tag-ecole-qui-protege","15":"tag-eleves-formes","16":"tag-enseignants-proteges","17":"tag-eu","18":"tag-europe","19":"tag-fleau","20":"tag-formation","21":"tag-fr","22":"tag-france","23":"tag-harcelement-scolaire","24":"tag-hauts-de-france","25":"tag-jeux-de-role","26":"tag-jonathan-destin","27":"tag-lille","28":"tag-lindsay-vendin-le-vieil","29":"tag-news","30":"tag-prevention","31":"tag-professionnels-specifiques","32":"tag-rectrice","33":"tag-republique-francaise","34":"tag-signalements","35":"tag-theatre-educatif","36":"tag-triste-exemple","37":"tag-victimes"},"share_on_mastodon":{"url":"https:\/\/pubeurope.com\/@fr\/115406549528920059","error":""},"_links":{"self":[{"href":"https:\/\/www.europesays.com\/fr\/wp-json\/wp\/v2\/posts\/477083","targetHints":{"allow":["GET"]}}],"collection":[{"href":"https:\/\/www.europesays.com\/fr\/wp-json\/wp\/v2\/posts"}],"about":[{"href":"https:\/\/www.europesays.com\/fr\/wp-json\/wp\/v2\/types\/post"}],"author":[{"embeddable":true,"href":"https:\/\/www.europesays.com\/fr\/wp-json\/wp\/v2\/users\/2"}],"replies":[{"embeddable":true,"href":"https:\/\/www.europesays.com\/fr\/wp-json\/wp\/v2\/comments?post=477083"}],"version-history":[{"count":0,"href":"https:\/\/www.europesays.com\/fr\/wp-json\/wp\/v2\/posts\/477083\/revisions"}],"wp:featuredmedia":[{"embeddable":true,"href":"https:\/\/www.europesays.com\/fr\/wp-json\/wp\/v2\/media\/477084"}],"wp:attachment":[{"href":"https:\/\/www.europesays.com\/fr\/wp-json\/wp\/v2\/media?parent=477083"}],"wp:term":[{"taxonomy":"category","embeddable":true,"href":"https:\/\/www.europesays.com\/fr\/wp-json\/wp\/v2\/categories?post=477083"},{"taxonomy":"post_tag","embeddable":true,"href":"https:\/\/www.europesays.com\/fr\/wp-json\/wp\/v2\/tags?post=477083"}],"curies":[{"name":"wp","href":"https:\/\/api.w.org\/{rel}","templated":true}]}}